{"id":578858,"date":"2025-12-05T02:10:17","date_gmt":"2025-12-05T02:10:17","guid":{"rendered":"https:\/\/www.europesays.com\/fr\/578858\/"},"modified":"2025-12-05T02:10:17","modified_gmt":"2025-12-05T02:10:17","slug":"wta-serena-williams-ne-voulait-probablement-pas-que-la-nouvelle-de-son-retour-soit-annoncee-de-cette-maniere-je-pense-quelle-nie-pour-linstant-et-qua-un-moment-donne-elle-reviendra-jouer-dune","status":"publish","type":"post","link":"https:\/\/www.europesays.com\/fr\/578858\/","title":{"rendered":"WTA > \u00ab\u00a0Serena Williams ne voulait probablement pas que la nouvelle de son retour soit annonc\u00e9e de cette mani\u00e8re. Je pense qu&rsquo;elle nie pour l&rsquo;instant et qu&rsquo;\u00e0 un moment donn\u00e9, elle reviendra jouer d&rsquo;une mani\u00e8re ou d&rsquo;une autre\u00a0\u00bb, estime l&rsquo;analyste tennis, Gill Gross"},"content":{"rendered":"<p><a href=\"https:\/\/www.welovetennis.fr\/wta\/serena-williams-sur-la-folle-rumeur-a-son-sujet-oh-mon-dieu-cet-emballement-est-dingue\" data-wpel-link=\"internal\" target=\"_blank\" rel=\"noopener\">Si elle a rapi\u00adde\u00adment d\u00e9menti un \u00e9ven\u00adtuel retour sur le circuit en 2026<\/a>, apr\u00e8s l\u2019annonce de <a href=\"https:\/\/www.welovetennis.fr\/wta\/serena-williams-de-retour-sur-le-circuit-en-2026\" data-wpel-link=\"internal\" target=\"_blank\" rel=\"noopener\">sa r\u00e9in\u00adt\u00e9\u00adgra\u00adtion au programme anti\u00addo\u00adpage de l\u2019ITIA<\/a> (Agence inter\u00adna\u00adtio\u00adnale pour l\u2019int\u00e9grit\u00e9 du tennis), Serena Williams n\u2019a pas pour autant convaincu tout le\u00a0monde.<\/p>\n<p><strong>\u00ab\u202fSerena ne voulait proba\u00adble\u00adment pas que la nouvelle de son retour soit annonc\u00e9e de cette mani\u00e8re. Des jour\u00adna\u00adlistes qui la trouvent sur la liste des tests\u202f? C\u2019est nul et anti\u2010dramatique. Tout ce que Serena Williams n\u2019est pas. Je pense donc qu\u2019elle nie pour l\u2019ins\u00adtant et qu\u2019\u00e0 un moment donn\u00e9, elle reviendra jouer d\u2019une mani\u00e8re ou d\u2019une autre\u202f\u00bb<\/strong>, a r\u00e9agi l\u2019analyste tennis Gill Gross, qui colla\u00adbore avec Tennis Channel et l\u2019US\u00a0Open.\u00a0<\/p>\n<blockquote class=\"twitter-tweet\">\n<p lang=\"en\" dir=\"ltr\">Serena probably didn\u2019t want the news of a come\u00adback brea\u00adking this way.<\/p>\n<p>Reporters finding her on the testing list\u202f? That\u2019s lame and anti\u2010dramatic. Everything that Serena Williams is not. <\/p>\n<p>So I think she\u2019s denying now and at some point she\u2019ll come back to play in some capacity.<\/p>\n<p>\u2014 Gill Gross \ud83c\udf06 (@Gill_Gross) <a href=\"https:\/\/twitter.com\/Gill_Gross\/status\/1996061388641632656?ref_src=twsrc%5Etfw\" data-wpel-link=\"external\" target=\"_blank\" rel=\"nofollow external noopener\">December 3,\u00a02025<\/a><\/p><\/blockquote>\n<p>\u00c2g\u00e9e de 44 ans, la \u00ab\u202freine\u202f\u00bb am\u00e9ri\u00adcaine a disput\u00e9 son dernier match en septembre 2022.\u00a0<\/p>\n<p class=\"post-published-date\" style=\"color: silver; font-size: 75%; text-align: left;\">Publi\u00e9 le mercredi 3 d\u00e9cembre 2025 \u00e0 10:28<\/p>\n<p><script async src=\"https:\/\/platform.twitter.com\/widgets.js\" charset=\"utf-8\"><\/script><\/p>\n","protected":false},"excerpt":{"rendered":"Si elle a rapi\u00adde\u00adment d\u00e9menti un \u00e9ven\u00adtuel retour sur le circuit en 2026, apr\u00e8s l\u2019annonce de sa r\u00e9in\u00adt\u00e9\u00adgra\u00adtion&hellip;\n","protected":false},"author":2,"featured_media":578859,"comment_status":"","ping_status":"","sticky":false,"template":"","format":"standard","meta":{"footnotes":""},"categories":[1415],"tags":[1011,27,2201,60,1467],"class_list":{"0":"post-578858","1":"post","2":"type-post","3":"status-publish","4":"format-standard","5":"has-post-thumbnail","7":"category-tennis","8":"tag-fr","9":"tag-france","10":"tag-serena-williams","11":"tag-sports","12":"tag-tennis"},"share_on_mastodon":{"url":"https:\/\/pubeurope.com\/@fr\/115664533777910252","error":""},"_links":{"self":[{"href":"https:\/\/www.europesays.com\/fr\/wp-json\/wp\/v2\/posts\/578858","targetHints":{"allow":["GET"]}}],"collection":[{"href":"https:\/\/www.europesays.com\/fr\/wp-json\/wp\/v2\/posts"}],"about":[{"href":"https:\/\/www.europesays.com\/fr\/wp-json\/wp\/v2\/types\/post"}],"author":[{"embeddable":true,"href":"https:\/\/www.europesays.com\/fr\/wp-json\/wp\/v2\/users\/2"}],"replies":[{"embeddable":true,"href":"https:\/\/www.europesays.com\/fr\/wp-json\/wp\/v2\/comments?post=578858"}],"version-history":[{"count":0,"href":"https:\/\/www.europesays.com\/fr\/wp-json\/wp\/v2\/posts\/578858\/revisions"}],"wp:featuredmedia":[{"embeddable":true,"href":"https:\/\/www.europesays.com\/fr\/wp-json\/wp\/v2\/media\/578859"}],"wp:attachment":[{"href":"https:\/\/www.europesays.com\/fr\/wp-json\/wp\/v2\/media?parent=578858"}],"wp:term":[{"taxonomy":"category","embeddable":true,"href":"https:\/\/www.europesays.com\/fr\/wp-json\/wp\/v2\/categories?post=578858"},{"taxonomy":"post_tag","embeddable":true,"href":"https:\/\/www.europesays.com\/fr\/wp-json\/wp\/v2\/tags?post=578858"}],"curies":[{"name":"wp","href":"https:\/\/api.w.org\/{rel}","templated":true}]}}