{"id":578860,"date":"2025-12-05T02:14:21","date_gmt":"2025-12-05T02:14:21","guid":{"rendered":"https:\/\/www.europesays.com\/fr\/578860\/"},"modified":"2025-12-05T02:14:21","modified_gmt":"2025-12-05T02:14:21","slug":"le-retour-du-velodrome-et-la-fin-des-cretes-pour-le-gp-de-marseille-la-marseillaise-actualite","status":"publish","type":"post","link":"https:\/\/www.europesays.com\/fr\/578860\/","title":{"rendered":"Le retour du V\u00e9lodrome et la fin des Cr\u00eates pour le GP de Marseille-La Marseillaise &#8211; Actualit\u00e9"},"content":{"rendered":"<p style=\"text-align: justify;\">Retour aux classiques pour le Grand Prix de Marseille-La Marseillaise. En 2026, la premi\u00e8re course professionnelle fran\u00e7aise de la saison va retrouver sa traditionnelle arriv\u00e9e au bout de l\u2019interminable et c\u00e9l\u00e8bre Boulevard Michelet, devant le stade V\u00e9lodrome.<\/p>\n<p style=\"text-align: justify;\">Pour rappel, l\u2019\u00e9dition 2025 s\u2019\u00e9tait termin\u00e9e sur les hauteurs de Luminy, devant le campus universitaire. C\u2019est <strong><a href=\"https:\/\/www.directvelo.com\/actualite\/118567\/grand-prix-de-marseille-la-marseillaise-classement\" target=\"_blank\" rel=\"noopener\">Valentin Ferron (Cofidis) qui l\u2019avait emport\u00e9 de justesse<\/a><\/strong>, au jet\u00e9 de v\u00e9lo, devant le Belge Vincent Van Hemelen (Team Flanders Baloise). La raison de cette d\u00e9localisation de l\u2019arriv\u00e9e \u00e9tait d\u00fbe \u00e0 l\u2019impossibilit\u00e9 d\u2019organiser le final de la course Boulevard Michelet alors m\u00eame que l\u2019Olympico se jouait le soir m\u00eame au V\u00e9lodrome entre l\u2019OM et l\u2019OL. Contrairement aux \u00e9ditions pr\u00e9c\u00e9dentes, les organisateurs du GPLM n\u2019\u00e9taient pas parvenus \u00e0 faire d\u00e9placer la date du match aupr\u00e8s de la Ligue de Football Professionnel.<\/p>\n<p><strong>LES CR\u00caTES, UNE QUESTION DE S\u00c9CURIT\u00c9<\/strong><\/p>\n<p>Toujours est-il que l\u2019arriv\u00e9e \u00e0 Luminy n\u2019\u00e9tait et ne restera qu\u2019un \u201ctr\u00e8s joli Plan B\u201d, du propre aveu du comit\u00e9 d&rsquo;organisation. Raison pour laquelle c\u2019est Boulevard Michelet que le vainqueur sera donc \u00e0 nouveau d\u00e9sign\u00e9 lors de cette 48e \u00e9dition, le 1er f\u00e9vrier prochain.<\/p>\n<p>Autre changement d\u2019importance sur le \u00ab Grand Prix d\u2019ouverture \u00bb : la disparition de la route des Cr\u00eates. La mont\u00e9e de cette difficult\u00e9, plac\u00e9e dans la derni\u00e8re heure de course, a souvent permis de cr\u00e9er une premi\u00e8re grosse s\u00e9lection dans le final. Mais ces derni\u00e8res ann\u00e9es, la descente de la route des Cr\u00eates a vu plusieurs coureurs chuter gravement, dont <strong><a href=\"https:\/\/www.directvelo.com\/actualite\/110955\/toujours-cloue-au-lit-yael-joalland-aurait-pu-y-passer\" target=\"_blank\" rel=\"noopener\">Ya\u00ebl Joalland, qui avait failli y laisser la vie lors de l\u2019\u00e9dition 2024<\/a><\/strong>. Plusieurs \u00e9quipes ont ces derni\u00e8res saisons fait savoir au comit\u00e9 d\u2019organisation qu\u2019elles trouvaient cette portion dangereuse et ne souhaitaient pas n\u00e9cessairement y repasser \u00e0 l\u2019avenir. Avec la \u00ab menace \u00bb m\u00eame pour certaines grosses formations de ne plus venir sur le GPLM. C\u2019est ainsi qu\u2019il a \u00e9t\u00e9 d\u00e9cid\u00e9, \u00e0 contre-coeur, de renoncer aux Cr\u00eates. Le parcours complet et pr\u00e9cis de la premi\u00e8re manche de la Coupe de France Pro sera prochainement d\u00e9voil\u00e9 par l\u2019organisation.<\/p>\n","protected":false},"excerpt":{"rendered":"Retour aux classiques pour le Grand Prix de Marseille-La Marseillaise. En 2026, la premi\u00e8re course professionnelle fran\u00e7aise de&hellip;\n","protected":false},"author":2,"featured_media":578861,"comment_status":"","ping_status":"","sticky":false,"template":"","format":"standard","meta":{"footnotes":""},"categories":[1411],"tags":[834,828,836,829,837,827,83,826,824,823,1154,207,814,817,815,816,822,821,832,211,839,1011,27,820,818,819,835,831,830,833,838,60,212,208,825],"class_list":{"0":"post-578860","1":"post","2":"type-post","3":"status-publish","4":"format-standard","5":"has-post-thumbnail","7":"category-cyclisme","8":"tag-attaque","9":"tag-belgique","10":"tag-braquet","11":"tag-bretagne","12":"tag-chute","13":"tag-competition","14":"tag-coupe-de-france","15":"tag-coureur","16":"tag-course-cyclisme","17":"tag-course-cycliste","18":"tag-cycling","19":"tag-cyclisme","20":"tag-direct","21":"tag-direct-velo","22":"tag-directvelo","23":"tag-directvelo-com","24":"tag-epreuve","25":"tag-epreuve-cycliste","26":"tag-federation-francaise-de-cyclisme","27":"tag-ffc","28":"tag-flandres","29":"tag-fr","30":"tag-france","31":"tag-live","32":"tag-live-course","33":"tag-live-epreuve","34":"tag-peloton","35":"tag-radio-peloton","36":"tag-radio-tour","37":"tag-ravitaillement","38":"tag-relance","39":"tag-sports","40":"tag-uci","41":"tag-velo","42":"tag-velos"},"share_on_mastodon":{"url":"https:\/\/pubeurope.com\/@fr\/115664549619172259","error":""},"_links":{"self":[{"href":"https:\/\/www.europesays.com\/fr\/wp-json\/wp\/v2\/posts\/578860","targetHints":{"allow":["GET"]}}],"collection":[{"href":"https:\/\/www.europesays.com\/fr\/wp-json\/wp\/v2\/posts"}],"about":[{"href":"https:\/\/www.europesays.com\/fr\/wp-json\/wp\/v2\/types\/post"}],"author":[{"embeddable":true,"href":"https:\/\/www.europesays.com\/fr\/wp-json\/wp\/v2\/users\/2"}],"replies":[{"embeddable":true,"href":"https:\/\/www.europesays.com\/fr\/wp-json\/wp\/v2\/comments?post=578860"}],"version-history":[{"count":0,"href":"https:\/\/www.europesays.com\/fr\/wp-json\/wp\/v2\/posts\/578860\/revisions"}],"wp:featuredmedia":[{"embeddable":true,"href":"https:\/\/www.europesays.com\/fr\/wp-json\/wp\/v2\/media\/578861"}],"wp:attachment":[{"href":"https:\/\/www.europesays.com\/fr\/wp-json\/wp\/v2\/media?parent=578860"}],"wp:term":[{"taxonomy":"category","embeddable":true,"href":"https:\/\/www.europesays.com\/fr\/wp-json\/wp\/v2\/categories?post=578860"},{"taxonomy":"post_tag","embeddable":true,"href":"https:\/\/www.europesays.com\/fr\/wp-json\/wp\/v2\/tags?post=578860"}],"curies":[{"name":"wp","href":"https:\/\/api.w.org\/{rel}","templated":true}]}}