{"id":578862,"date":"2025-12-05T02:15:13","date_gmt":"2025-12-05T02:15:13","guid":{"rendered":"https:\/\/www.europesays.com\/fr\/578862\/"},"modified":"2025-12-05T02:15:13","modified_gmt":"2025-12-05T02:15:13","slug":"un-pote-de-dembele-au-psg-la-signature-est-imminente","status":"publish","type":"post","link":"https:\/\/www.europesays.com\/fr\/578862\/","title":{"rendered":"Un pote de Demb\u00e9l\u00e9 au PSG\u00a0: La signature est imminente\u00a0!"},"content":{"rendered":"<p class=\"heading\">Proche d\u2019Ousmane Demb\u00e9l\u00e9, Dayot Upamecano serait dans le viseur du PSG depuis un petit moment maintenant. Mais le Bayern Munich travaillerait sur la prolongation de l\u2019international fran\u00e7ais. Le club bavarois toucherait m\u00eame au but avec le d\u00e9fenseur central de 27 ans, puisque sa signature ne devrait plus tarder \u00e0 tomber.<\/p>\n<p>Le <a href=\"https:\/\/le10sport.com\/football\/ligue1\/psg\/jespere-revenir-tres-vite-une-star-sannonce-au-psg-767189\" target=\"_blank\" rel=\"noopener\">PSG<\/a> semble d\u00e9j\u00e0 pr\u00e9parer son recrutement pour l\u2019\u00e9t\u00e9 prochain, alors que le mercato hivernal n\u2019est pas encore pass\u00e9. Le club de la capitale se tiendrait \u00e0 l\u2019aff\u00fbt de la moindre bonne opportunit\u00e9 sur le march\u00e9 des transferts. Les dirigeants parisiens garderaient notamment un \u0153il sur la situation de <strong>Dayot Upamecano<\/strong>, dont le contrat au <strong>Bayern Munich<\/strong> expire \u00e0 l\u2019issue de la saison.<\/p>\n<p>                                            Le Bayern Munich pousse pour la prolongation d&rsquo;Upamecano<\/p>\n<p>Mais le club bavarois n\u2019entendrait pas vraiment voir le d\u00e9fenseur de 27 ans partir libre en juin prochain. Les dirigeants allemands travailleraient ainsi sur la prolongation de l\u2019international fran\u00e7ais depuis quelques temps d\u00e9j\u00e0. Et les pensionnaires de la <strong>Bundesliga<\/strong> semblent toucher au but avec <strong>Dayot Upamecano<\/strong>, proche d\u2019<strong>Ousmane Demb\u00e9l\u00e9<\/strong> en <strong>\u00e9quipe de France<\/strong>.<\/p>\n<p>                                            Le PSG va se faire snober sur le mercato<\/p>\n<p>D\u2019apr\u00e8s les informations de <strong>Christian Falk<\/strong>, ce ne serait plus qu\u2019une question de temps avant que l\u2019ancien du <strong>RB Leipzig<\/strong> ne prolonge au <strong>Bayern Munich<\/strong>. <strong>Dayot Upamecano<\/strong> se sentirait \u00e0 l\u2019aise en Bavi\u00e8re, sous les ordres de <strong>Vincent Kompany<\/strong>. Le <strong>PSG <\/strong>serait sur le point de voir le dossier lui filer entre les doigts sur le mercato.<\/p>\n","protected":false},"excerpt":{"rendered":"Proche d\u2019Ousmane Demb\u00e9l\u00e9, Dayot Upamecano serait dans le viseur du PSG depuis un petit moment maintenant. Mais le&hellip;\n","protected":false},"author":2,"featured_media":578863,"comment_status":"","ping_status":"","sticky":false,"template":"","format":"standard","meta":{"footnotes":""},"categories":[1410],"tags":[63,1011,27,60],"class_list":{"0":"post-578862","1":"post","2":"type-post","3":"status-publish","4":"format-standard","5":"has-post-thumbnail","7":"category-football","8":"tag-football","9":"tag-fr","10":"tag-france","11":"tag-sports"},"share_on_mastodon":{"url":"https:\/\/pubeurope.com\/@fr\/115664553696840517","error":""},"_links":{"self":[{"href":"https:\/\/www.europesays.com\/fr\/wp-json\/wp\/v2\/posts\/578862","targetHints":{"allow":["GET"]}}],"collection":[{"href":"https:\/\/www.europesays.com\/fr\/wp-json\/wp\/v2\/posts"}],"about":[{"href":"https:\/\/www.europesays.com\/fr\/wp-json\/wp\/v2\/types\/post"}],"author":[{"embeddable":true,"href":"https:\/\/www.europesays.com\/fr\/wp-json\/wp\/v2\/users\/2"}],"replies":[{"embeddable":true,"href":"https:\/\/www.europesays.com\/fr\/wp-json\/wp\/v2\/comments?post=578862"}],"version-history":[{"count":0,"href":"https:\/\/www.europesays.com\/fr\/wp-json\/wp\/v2\/posts\/578862\/revisions"}],"wp:featuredmedia":[{"embeddable":true,"href":"https:\/\/www.europesays.com\/fr\/wp-json\/wp\/v2\/media\/578863"}],"wp:attachment":[{"href":"https:\/\/www.europesays.com\/fr\/wp-json\/wp\/v2\/media?parent=578862"}],"wp:term":[{"taxonomy":"category","embeddable":true,"href":"https:\/\/www.europesays.com\/fr\/wp-json\/wp\/v2\/categories?post=578862"},{"taxonomy":"post_tag","embeddable":true,"href":"https:\/\/www.europesays.com\/fr\/wp-json\/wp\/v2\/tags?post=578862"}],"curies":[{"name":"wp","href":"https:\/\/api.w.org\/{rel}","templated":true}]}}