{"id":578864,"date":"2025-12-05T02:16:14","date_gmt":"2025-12-05T02:16:14","guid":{"rendered":"https:\/\/www.europesays.com\/fr\/578864\/"},"modified":"2025-12-05T02:16:14","modified_gmt":"2025-12-05T02:16:14","slug":"delphine-arnault-a-50-ans-cest-cette-petite-phrase-en-dit-tres-long-sur-la-fille-de-bernard","status":"publish","type":"post","link":"https:\/\/www.europesays.com\/fr\/578864\/","title":{"rendered":"Delphine Arnault : \u00ab\u00a0A 50 ans c&rsquo;est&#8230;\u00a0\u00bb, cette petite phrase en dit tr\u00e8s long sur la fille de Bernard"},"content":{"rendered":"<p>Ce jeudi 4 d\u00e9cembre 2025, Cash Investigation va d\u00e9voiler un<br \/>\nreportage sur le milliardaire fran\u00e7ais, Bernard Arnault. Derri\u00e8re<br \/>\nce nom, symbole mondial du luxe et de la r\u00e9ussite, se cachent des<br \/>\npersonnalit\u00e9s que l\u2019on conna\u00eet finalement assez peu. Parmi elles,<br \/>\n<strong>Delphine Arnault intrigue autant qu\u2019elle fascine.<\/strong><br \/>\n\u00c0 la t\u00eate de Dior depuis f\u00e9vrier 2024, <a href=\"https:\/\/www.closermag.fr\/people\/bernard-arnault-coupe-600000-euros-de-pub-au-monde-760101\" target=\"_blank\" rel=\"noopener\"><br \/>\nl\u2019h\u00e9riti\u00e8re la plus discr\u00e8te de Bernard Arnault<\/a> renforce encore<br \/>\nson statut de figure incontournable de LVMH. Mais sous les<br \/>\napparences feutr\u00e9es de la haute couture, elle cultive un rapport au<br \/>\nmonde empreint de retenue, de travail et d\u2019une maturit\u00e9<br \/>\nrevendiqu\u00e9e.<\/p>\n<p>Dans un long portrait publi\u00e9 par Vogue, la directrice<br \/>\ng\u00e9n\u00e9rale adjointe du comit\u00e9 ex\u00e9cutif de Dior s\u2019est d\u00e9voil\u00e9e avec<br \/>\nplus de sinc\u00e9rit\u00e9 qu\u2019\u00e0 l\u2019accoutum\u00e9e. \u00c9lev\u00e9e dans un environnement<br \/>\nd\u2019une rigueur exemplaire, celle qui a grandi au rythme des \u00e9tudes,<br \/>\ndu sport et des ambitions familiales assume pleinement ce<br \/>\ntemp\u00e9rament r\u00e9serv\u00e9.<\/p>\n<p>Delphine Arnault se confie sur sa vision du temps qui<br \/>\npasse<\/p>\n<p>Son fr\u00e8re Antoine l\u2019explique avec tendresse, rappelant que leur<br \/>\ndiscr\u00e9tion de clan est souvent mal comprise : \u201cCertains<br \/>\nconfondent cela avec de l\u2019arrogance. Ma s\u0153ur est naturellement tr\u00e8s<br \/>\ndiscr\u00e8te. Notre \u00e9ducation n\u2019a fait que renforcer cela\u201d.<br \/>\nAujourd\u2019hui, \u00e0 50 ans, Delphine Arnault porte un regard apais\u00e9 sur<br \/>\ncette pudeur qui a parfois \u00e9t\u00e9 mal interpr\u00e9t\u00e9e. \u201c\u00c0 25 ans, cela<br \/>\ns\u2019appelle de la timidit\u00e9 ; \u00e0 50 ans, <strong>c\u2019est de la<br \/>\nmaturit\u00e9\u201d<\/strong>, confie Antoine Arnault, une phrase reprise<br \/>\npar Vogue qui r\u00e9sume \u00e0 elle seule l\u2019\u00e9volution de la femme la plus<br \/>\nexpos\u00e9e du clan.<\/p>\n<p>Et c\u2019est justement cette maturit\u00e9 qui transpara\u00eet dans son<br \/>\nparcours au sein de LVMH. Loin du clich\u00e9 des h\u00e9ritiers parachut\u00e9s,<br \/>\n<a href=\"https:\/\/www.closermag.fr\/politique\/brigitte-macron-a-ete-relookee-par-delphine-arnault-du-groupe-lvmh-678977\" target=\"_blank\" rel=\"noopener\"><br \/>\nl&rsquo;amie de Brigitte Macron<\/a> a avanc\u00e9 lentement, m\u00e9thodiquement,<br \/>\ngravissant un \u00e0 un les \u00e9chelons, \u00e0 l\u2019image de ses fr\u00e8res. Pass\u00e9e<br \/>\npar Vuitton, elle pilote d\u00e9sormais <strong>Dior<\/strong>, premi\u00e8re<br \/>\nacquisition de son p\u00e8re, et devient la premi\u00e8re femme \u00e0 en prendre<br \/>\nla direction.<\/p>\n<p>\u00ab\u00a0Ne croyez pas que la vie \u00e9tait<br \/>\nfacile\u00a0\u00bb<\/p>\n<p>Une charge aussi symbolique que strat\u00e9gique qui confirme la<br \/>\nconfiance de <a href=\"https:\/\/www.closermag.fr\/people\/incroyable-mais-vrai-426-milliards-de-dollars-se-cachent-sur-cette-photo-3225801\" target=\"_blank\" rel=\"noopener\"><br \/>\nBernard Arnault, multimilliardaire<\/a>, \u00e0 son \u00e9gard. Sa stature, sa<br \/>\nsilhouette toujours impeccable dans les cr\u00e9ations des maisons du<br \/>\ngroupe, son chien au \u201cgris Dior\u201d assorti \u00e0 ses tailleurs\u2026<br \/>\ntout, chez elle, semble ma\u00eetris\u00e9.<\/p>\n<p>Pourtant, derri\u00e8re cette \u00e9l\u00e9gance millim\u00e9tr\u00e9e, Delphine Arnault<br \/>\nrevendique une vie simple, presque aust\u00e8re. <strong>\u201cJe ne me<br \/>\nsuis jamais rebell\u00e9e\u201d,<\/strong> glisse-t-elle dans<br \/>\nVogue, \u00e9voquant une enfance o\u00f9 le sens du devoir primait<br \/>\nsur les envies passag\u00e8res. Et si l\u2019on imagine ais\u00e9ment le poids<br \/>\nd\u2019un nom comme Arnault, elle rappelle que rien n\u2019a jamais \u00e9t\u00e9<br \/>\nsimple. Son mentor chez Dior, Sidney Toledano, confirme : \u201cNe<br \/>\ncroyez pas que la vie \u00e9tait facile\u201d.\u00a0<\/p>\n","protected":false},"excerpt":{"rendered":"Ce jeudi 4 d\u00e9cembre 2025, Cash Investigation va d\u00e9voiler un reportage sur le milliardaire fran\u00e7ais, Bernard Arnault. Derri\u00e8re&hellip;\n","protected":false},"author":2,"featured_media":578865,"comment_status":"","ping_status":"","sticky":false,"template":"","format":"standard","meta":{"footnotes":""},"categories":[1359],"tags":[21303,58,59,1011,27,973],"class_list":{"0":"post-578864","1":"post","2":"type-post","3":"status-publish","4":"format-standard","5":"has-post-thumbnail","7":"category-people","8":"tag-buzz_nonli","9":"tag-divertissement","10":"tag-entertainment","11":"tag-fr","12":"tag-france","13":"tag-people"},"share_on_mastodon":{"url":"https:\/\/pubeurope.com\/@fr\/115664557499948123","error":""},"_links":{"self":[{"href":"https:\/\/www.europesays.com\/fr\/wp-json\/wp\/v2\/posts\/578864","targetHints":{"allow":["GET"]}}],"collection":[{"href":"https:\/\/www.europesays.com\/fr\/wp-json\/wp\/v2\/posts"}],"about":[{"href":"https:\/\/www.europesays.com\/fr\/wp-json\/wp\/v2\/types\/post"}],"author":[{"embeddable":true,"href":"https:\/\/www.europesays.com\/fr\/wp-json\/wp\/v2\/users\/2"}],"replies":[{"embeddable":true,"href":"https:\/\/www.europesays.com\/fr\/wp-json\/wp\/v2\/comments?post=578864"}],"version-history":[{"count":0,"href":"https:\/\/www.europesays.com\/fr\/wp-json\/wp\/v2\/posts\/578864\/revisions"}],"wp:featuredmedia":[{"embeddable":true,"href":"https:\/\/www.europesays.com\/fr\/wp-json\/wp\/v2\/media\/578865"}],"wp:attachment":[{"href":"https:\/\/www.europesays.com\/fr\/wp-json\/wp\/v2\/media?parent=578864"}],"wp:term":[{"taxonomy":"category","embeddable":true,"href":"https:\/\/www.europesays.com\/fr\/wp-json\/wp\/v2\/categories?post=578864"},{"taxonomy":"post_tag","embeddable":true,"href":"https:\/\/www.europesays.com\/fr\/wp-json\/wp\/v2\/tags?post=578864"}],"curies":[{"name":"wp","href":"https:\/\/api.w.org\/{rel}","templated":true}]}}