{"id":578866,"date":"2025-12-05T02:17:14","date_gmt":"2025-12-05T02:17:14","guid":{"rendered":"https:\/\/www.europesays.com\/fr\/578866\/"},"modified":"2025-12-05T02:17:14","modified_gmt":"2025-12-05T02:17:14","slug":"dans-cette-commune-de-seine-maritime-une-fresque-de-guillaume-le-conquerant-a-ete-peinte-dans-un-square","status":"publish","type":"post","link":"https:\/\/www.europesays.com\/fr\/578866\/","title":{"rendered":"Dans cette commune de Seine-Maritime, une fresque de Guillaume Le Conqu\u00e9rant a \u00e9t\u00e9 peinte dans un square"},"content":{"rendered":"<p>                    Par<br \/>\n        <strong><br \/>\n            <a href=\"https:\/\/actu.fr\/auteur\/thomas-bernier\" title=\"Consulter tous les articles de Thomas Bernier\" target=\"_blank\" rel=\"noopener\">Thomas Bernier<\/a><br \/>\n                    <\/strong><\/p>\n<p>        Publi\u00e9 le<\/p>\n<p>            4 d\u00e9c. 2025 \u00e0 12h10        <\/p>\n<p>Le square Guillaume Le Conqu\u00e9rant <a href=\"https:\/\/actu.fr\/normandie\/aumale_76035\" target=\"_blank\" rel=\"noopener\">d\u2019Aumale<\/a> arbore d\u00e9sormais une fresque de Street Art du duc de Normandie et roi d\u2019Angleterre.<\/p>\n<p class=\" wall-content\">Dans la journ\u00e9e de mercredi, elle a \u00e9t\u00e9 r\u00e9alis\u00e9e <a href=\"https:\/\/www.facebook.com\/k2bgraff\/?locale=fr_FR\" target=\"_blank\" rel=\"noopener\">par les graffeurs de K2B Graff<\/a> \u00e0 Aumale. Un projet \u00e0 l\u2019initiative du conseil municipal et de l\u2019adjointe au maire Danielle Lansoy Caron. \u00ab\u2009Je voulais r\u00e9habiliter cet endroit en faisant quelque chose de joli, d\u2019o\u00f9 cette fresque repr\u00e9sentative de Guillaume Le Conqu\u00e9rant\u2009\u00bb, expose l\u2019adjointe.<\/p>\n<p>Guillaume Le Conqu\u00e9rant \u00e0 la vue des Aumalois<\/p>\n<p class=\" wall-content\">Apr\u00e8s des recherches sur Guillaume Le Conqu\u00e9rant avec une secr\u00e9taire de la mairie, Danielle Lansoy Caron a propos\u00e9 \u00e0 ce collectif de graffeurs le design esp\u00e9r\u00e9. \u00ab\u2009On voulait in\u00e9vitablement le voir sur la fresque, ainsi que son cheval et les falaises en arri\u00e8re-plan\u2009\u00bb, ajoute l\u2019adjointe.<\/p>\n<blockquote class=\"ac-article-quote wall-content\">\n<p>\u00ab\u2009C\u2019est un square o\u00f9 il fallait remettre un peu de dynamisme et de gaiet\u00e9.\u2009\u00bb<\/p>\n<p>Danielle Lansoy Caron, adjointe au maire<\/p><\/blockquote>\n<p class=\" wall-content\">En l\u2019espace de quelques heures, K2B Graff a r\u00e9pondu au cahier des charges transmis. Ainsi, la fresque s\u2019int\u00e8gre parfaitement au mur avec ses teintes bleues, vertes et ce soleil couchant surplombant La Manche en toile de fond.<\/p>\n<p>    <a href=\"https:\/\/www.facebook.com\/plugins\/post.php?href=https%3A%2F%2Fwww.facebook.com%2FVilleAumale%2Fposts%2Fpfbid0aRB2YQnZ8rurEWzGk7NcEswaSaNt1SX2BP9eWm3EPhR5hdSsZpCrPkdCNwcY89vFl&amp;show_text=true&amp;width=350\" title=\"Ouvrie le lien\" target=\"_blank\" rel=\"noopener\">Cliquez ici pour visualiser le contenu<\/a><\/p>\n<p>Vid\u00e9os : en ce moment sur Actu<\/p>\n<p class=\" wall-content\">Tr\u00e8s rapidement, les internautes ont montr\u00e9 leur enthousiasme apr\u00e8s l\u2019annonce de sa cr\u00e9ation <a href=\"https:\/\/www.facebook.com\/VilleAumale?locale=fr_FR\" target=\"_blank\" rel=\"noopener\">sur les r\u00e9seaux sociaux<\/a>. \u00ab\u2009C\u2019est un square o\u00f9 il fallait remettre un peu de dynamisme et de gaiet\u00e9. D\u00e9sormais, les gens peuvent la photographier quand ils passent dans le square\u2009\u00bb, assure Danielle Lansoy Caron.<\/p>\n<p>Votre r\u00e9gion, votre actu !<\/p>\n<p>Recevez chaque jour les infos qui comptent pour vous.<\/p>\n<p>\t<a href=\"https:\/\/actu.fr\/newsletter\" class=\"ac-btn ac-btn--corner ac-btn--medium ac-btn--blue800\" target=\"_blank\" rel=\"noopener\">S&rsquo;incrire<\/a><\/p>\n<p class=\" wall-content\">\u00c0 l\u2019avenir, d\u2019autres projets de ce genre pourraient voir le jour dans la commune.<\/p>\n<p class=\" wall-content\">Personnalisez votre actualit\u00e9 en ajoutant vos villes et m\u00e9dias en favori avec <a href=\"https:\/\/moncompte.actu.fr\" title=\"D\u00e9couvez Mon Actu\" rel=\"nofollow noopener\" data-trk=\"{&quot;cta&quot;:{&quot;action&quot;:&quot;https:\\\/\\\/moncompte.actu.fr&quot;,&quot;category&quot;:&quot;mon compte&quot;,&quot;from&quot;:&quot;article footer&quot;,&quot;name&quot;:&quot;Mon actu&quot;,&quot;type&quot;:&quot;cta&quot;}}\" target=\"_blank\">Mon Actu<\/a>.<\/p>\n","protected":false},"excerpt":{"rendered":"Par Thomas Bernier Publi\u00e9 le 4 d\u00e9c. 2025 \u00e0 12h10 Le square Guillaume Le Conqu\u00e9rant d\u2019Aumale arbore d\u00e9sormais&hellip;\n","protected":false},"author":2,"featured_media":578867,"comment_status":"","ping_status":"","sticky":false,"template":"","format":"standard","meta":{"footnotes":""},"categories":[1358],"tags":[1348,1384,1385,1386,58,59,1011,27,1652,7189],"class_list":{"0":"post-578866","1":"post","2":"type-post","3":"status-publish","4":"format-standard","5":"has-post-thumbnail","7":"category-arts-et-design","8":"tag-arts","9":"tag-arts-and-design","10":"tag-arts-et-design","11":"tag-design","12":"tag-divertissement","13":"tag-entertainment","14":"tag-fr","15":"tag-france","16":"tag-loisirs-culture","17":"tag-street-art"},"share_on_mastodon":{"url":"https:\/\/pubeurope.com\/@fr\/115664561272304640","error":""},"_links":{"self":[{"href":"https:\/\/www.europesays.com\/fr\/wp-json\/wp\/v2\/posts\/578866","targetHints":{"allow":["GET"]}}],"collection":[{"href":"https:\/\/www.europesays.com\/fr\/wp-json\/wp\/v2\/posts"}],"about":[{"href":"https:\/\/www.europesays.com\/fr\/wp-json\/wp\/v2\/types\/post"}],"author":[{"embeddable":true,"href":"https:\/\/www.europesays.com\/fr\/wp-json\/wp\/v2\/users\/2"}],"replies":[{"embeddable":true,"href":"https:\/\/www.europesays.com\/fr\/wp-json\/wp\/v2\/comments?post=578866"}],"version-history":[{"count":0,"href":"https:\/\/www.europesays.com\/fr\/wp-json\/wp\/v2\/posts\/578866\/revisions"}],"wp:featuredmedia":[{"embeddable":true,"href":"https:\/\/www.europesays.com\/fr\/wp-json\/wp\/v2\/media\/578867"}],"wp:attachment":[{"href":"https:\/\/www.europesays.com\/fr\/wp-json\/wp\/v2\/media?parent=578866"}],"wp:term":[{"taxonomy":"category","embeddable":true,"href":"https:\/\/www.europesays.com\/fr\/wp-json\/wp\/v2\/categories?post=578866"},{"taxonomy":"post_tag","embeddable":true,"href":"https:\/\/www.europesays.com\/fr\/wp-json\/wp\/v2\/tags?post=578866"}],"curies":[{"name":"wp","href":"https:\/\/api.w.org\/{rel}","templated":true}]}}