{"id":578868,"date":"2025-12-05T02:19:20","date_gmt":"2025-12-05T02:19:20","guid":{"rendered":"https:\/\/www.europesays.com\/fr\/578868\/"},"modified":"2025-12-05T02:19:20","modified_gmt":"2025-12-05T02:19:20","slug":"seuls-les-plus-grands-fans-auront-repere-cette-erreur-sur-will-dans-la-saison-5-de-stranger-things","status":"publish","type":"post","link":"https:\/\/www.europesays.com\/fr\/578868\/","title":{"rendered":"Seuls les plus grands fans auront rep\u00e9r\u00e9 cette erreur sur Will dans la saison 5 de Stranger Things"},"content":{"rendered":"<p>Les fans de Stranger Tings ont rep\u00e9r\u00e9 une erreur au sujet de Will dans les premiers \u00e9pisodes de la saison 5, disponibles sur Netflix. Un d\u00e9tail qui peut sembler insignifiant, mais qui a rapidement saut\u00e9 aux yeux des plus fid\u00e8les de la s\u00e9rie.<\/p>\n<p>Le 27 novembre, Netflix a mis en ligne les quatre premiers \u00e9pisodes de <a href=\"https:\/\/www.programme-tv.net\/news\/series-tv\/303715-stranger-things-saison-5-netflix-date-de-sortie-synopsis-casting-toutes-les-infos-sur-la-saison-a-venir\/\" data-api-deeplink=\"teleloisirs:\/\/news\/303715\" target=\"_blank\" rel=\"noopener\">l&rsquo;ultime salve de Stranger Things<\/a>. Pour d\u00e9couvrir la suite, les fans devront patienter puisque <a href=\"https:\/\/www.programme-tv.net\/news\/series-tv\/391925-stranger-things-saison-5-le-calendrier-de-diffusion-des-episodes\/\" data-api-deeplink=\"teleloisirs:\/\/news\/391925\" target=\"_blank\" rel=\"noopener\">les prochains \u00e9pisodes arrivent juste apr\u00e8s No\u00ebl<\/a>. Et autant dire qu&rsquo;ils ont d\u00e9j\u00e0 h\u00e2te de d\u00e9couvrir la suite. <b>Attention, cet article contient des spoilers sur la saison 5 de <\/b><b>Stranger Things<\/b><b> !<\/b> Il faut dire que le <a href=\"https:\/\/www.programme-tv.net\/news\/series-tv\/393164-monumental-les-fans-de-stranger-things-ne-se-remettent-pas-de-la-fin-epique-de-la-partie-1-de-la-saison-5\/\" data-api-deeplink=\"teleloisirs:\/\/news\/393164\" target=\"_blank\" rel=\"noopener\">final de la premi\u00e8re partie de la saison 5 de Stranger Things est \u00ab\u00a0monumental\u00a0\u00bb<\/a> selon les internautes. Personne (ou presque) n&rsquo;avait vu venir <a href=\"https:\/\/www.programme-tv.net\/news\/series-tv\/392972-stranger-things-saison-5-will-a-t-il-des-pouvoirs-a-la-fin-de-la-partie-1-l-explication-des-freres-duffer-spoilers\/\" data-api-deeplink=\"teleloisirs:\/\/news\/392972\" target=\"_blank\" rel=\"noopener\">l&rsquo;\u00e9volution du personnage de Will<\/a> : li\u00e9 \u00e0 Vecna, malgr\u00e9 lui, l&rsquo;adolescent a d\u00e9sormais des pouvoirs, tout comme Onze. Et, comme elle, le m\u00eame ph\u00e9nom\u00e8ne se produit lorsqu&rsquo;il les utilise : il saigne du nez. La partie 1 s&rsquo;est termin\u00e9e sur cette r\u00e9v\u00e9lation et, depuis, <a href=\"https:\/\/www.programme-tv.net\/news\/series-tv\/393023-stranger-things-saison-5-toutes-les-questions-que-l-on-se-pose-a-la-fin-de-la-partie-1-et-leurs-reponses\/\" data-api-deeplink=\"teleloisirs:\/\/news\/393023\" target=\"_blank\" rel=\"noopener\">les fans de la s\u00e9rie se posent beaucoup de questions.<\/a> \u00c7a tombe bien,<a href=\"https:\/\/www.programme-tv.net\/news\/series-tv\/393126-stranger-things-saison-5-ce-qui-vous-attend-dans-la-partie-2-selon-les-acteurs-et-les-createurs\/\" data-api-deeplink=\"teleloisirs:\/\/news\/393126\" target=\"_blank\" rel=\"noopener\"> les acteurs et les cr\u00e9ateurs de Stranger Things en ont dit un peu plus sur la deuxi\u00e8me partie de la saison 5.<\/a><\/p>\n<p>                        Stranger Things : une erreur sur Will s&rsquo;est gliss\u00e9e dans la saison 5 de la s\u00e9rie<\/p>\n<p>Malgr\u00e9 <a href=\"https:\/\/www.programme-tv.net\/news\/series-tv\/393342-stranger-things-bat-un-record-historique-mais-reussit-elle-a-detroner-squid-game\/\" data-api-deeplink=\"teleloisirs:\/\/news\/393342\" target=\"_blank\" rel=\"noopener\">l&rsquo;incroyable succ\u00e8s rencontr\u00e9 par ces premiers \u00e9pisodes<\/a>, les fans n&rsquo;ont pas pu s&#8217;emp\u00eacher de remarquer une erreur concernant Will (Noah Schnapp). Dans l&rsquo;\u00e9pisode 4, intitul\u00e9 Sorcier, Will acc\u00e8de \u00e0 ses souvenirs gr\u00e2ce \u00e0 ses pouvoirs. L&rsquo;un d&rsquo;eux concerne son fr\u00e8re Jonathan (<a href=\"https:\/\/www.programme-tv.net\/biographie\/355168-heaton-charlie\/\" data-link-people=\"31f4253b-bd52-4a69-99f7-bb2ff98d63d4\" target=\"_blank\" rel=\"noopener\">Charlie Heaton<\/a>). On peut voir un flash-back o\u00f9 ils construisent le fameux ch\u00e2teau de Will dans les bois, et ils semblent tr\u00e8s complices. Sauf que ce souvenir a \u00e9t\u00e9 racont\u00e9 diff\u00e9remment plus t\u00f4t dans la s\u00e9rie par Jonathan. \u00ab\u00a0Jonathan a racont\u00e9 qu&rsquo;avec Will, lorsqu&rsquo;ils ont construit le ch\u00e2teau Byers, il pleuvait des cordes et qu&rsquo;ils ont \u00e9t\u00e9 tellement tremp\u00e9s qu&rsquo;ils sont rest\u00e9s malades pendant une semaine\u00a0\u00bb, a rappel\u00e9 un fan de Stranger Things sur X avant qu&rsquo;un autre pr\u00e9cise : \u00ab\u00a0Et c&rsquo;est d&rsquo;autant plus bizarre qu&rsquo;ils se comportent comme si de rien n&rsquo;\u00e9tait alors que c&rsquo;est litt\u00e9ralement le jour o\u00f9 leur p\u00e8re a quitt\u00e9 la maison.\u00a0\u00bb<\/p>\n<blockquote class=\"twitter-tweet\">\n<p lang=\"en\" dir=\"ltr\">Jonathan once said that when he and Will built Castle Byers, it was pouring rain and they both got so soaked they ended up sick for a whole week. And it also makes no sense for them to act so normal when it\u2019s literally the day their father left the house \ud83e\udd37\u200d\u2640\ufe0f \ud83d\udc40 <a href=\"https:\/\/t.co\/fnQc7l8of5\">https:\/\/t.co\/fnQc7l8of5<\/a><\/p>\n<p>\u2014 TK (@tragic_kingdom_) <a href=\"https:\/\/twitter.com\/tragic_kingdom_\/status\/1994109029027860811?ref_src=twsrc%5Etfw\" target=\"_blank\" rel=\"noopener\">November 27, 2025<\/a><\/p><\/blockquote>\n<p>C&rsquo;est au cours de la saison 2, dans l&rsquo;\u00e9pisode Le Flagelleur mental, que Benjamin a racont\u00e9 : \u00ab\u00a0On a pass\u00e9 la nuit \u00e0 construire le ch\u00e2teau Byers\u2026 exactement comme tu l\u2019avais dessin\u00e9. Et \u00e7a a pris un temps fou parce que tu \u00e9tais vraiment nul avec le marteau. Tu ratais le clou \u00e0 chaque fois. Et puis, il s\u2019est mis \u00e0 pleuvoir, mais on est rest\u00e9s dehors quand m\u00eame. On a \u00e9t\u00e9 malades tous les deux pendant une semaine apr\u00e8s \u00e7a. Mais il fallait absolument qu\u2019on finisse, non ? Il le fallait.\u00a0\u00bb<\/p>\n<p>Ce n&rsquo;est pas la seule erreur rep\u00e9r\u00e9e par les fans, puisque dans l&rsquo;\u00e9pisode 3 de la saison 5, Joyce explique que Will avait onze ans lorsqu&rsquo;il est arriv\u00e9 dans l&rsquo;Upside Down. Sauf que dans la s\u00e9rie, un avis de recherche a \u00e9t\u00e9 diffus\u00e9 indiquant que Will avait douze ans au moment de son enl\u00e8vement.<\/p>\n<blockquote class=\"twitter-tweet\">\n<p lang=\"en\" dir=\"ltr\">birthdaygate is insane because he was 12, not 11 <a href=\"https:\/\/t.co\/I1A4czvH6W\">pic.twitter.com\/I1A4czvH6W<\/a><\/p>\n<p>\u2014 \u2606 \u028e\u029e\u0254o\u0279 MY CHILDREN ARE HOME (@rockylovesbyler) <a href=\"https:\/\/twitter.com\/rockylovesbyler\/status\/1994281373427753087?ref_src=twsrc%5Etfw\" target=\"_blank\" rel=\"noopener\">November 28, 2025<\/a><\/p><\/blockquote>\n<p>Article \u00e9crit avec la collaboration de 6m\u00e9dias.<\/p>\n<p>        <script async src=\"https:\/\/platform.twitter.com\/widgets.js\" charset=\"utf-8\"><\/script><\/p>\n","protected":false},"excerpt":{"rendered":"Les fans de Stranger Tings ont rep\u00e9r\u00e9 une erreur au sujet de Will dans les premiers \u00e9pisodes de&hellip;\n","protected":false},"author":2,"featured_media":578869,"comment_status":"","ping_status":"","sticky":false,"template":"","format":"standard","meta":{"footnotes":""},"categories":[1356],"tags":[244,58,59,1011,27,127,69296,1722,19536,1721,129,252,1364],"class_list":{"0":"post-578868","1":"post","2":"type-post","3":"status-publish","4":"format-standard","5":"has-post-thumbnail","7":"category-television","8":"tag-commentaire","9":"tag-divertissement","10":"tag-entertainment","11":"tag-fr","12":"tag-france","13":"tag-netflix","14":"tag-noah-schnapp","15":"tag-pub-streaming-netflix","16":"tag-stranger-things","17":"tag-su00e9rie-netflix","18":"tag-svod","19":"tag-television","20":"tag-tv"},"share_on_mastodon":{"url":"https:\/\/pubeurope.com\/@fr\/115664569342861165","error":""},"_links":{"self":[{"href":"https:\/\/www.europesays.com\/fr\/wp-json\/wp\/v2\/posts\/578868","targetHints":{"allow":["GET"]}}],"collection":[{"href":"https:\/\/www.europesays.com\/fr\/wp-json\/wp\/v2\/posts"}],"about":[{"href":"https:\/\/www.europesays.com\/fr\/wp-json\/wp\/v2\/types\/post"}],"author":[{"embeddable":true,"href":"https:\/\/www.europesays.com\/fr\/wp-json\/wp\/v2\/users\/2"}],"replies":[{"embeddable":true,"href":"https:\/\/www.europesays.com\/fr\/wp-json\/wp\/v2\/comments?post=578868"}],"version-history":[{"count":0,"href":"https:\/\/www.europesays.com\/fr\/wp-json\/wp\/v2\/posts\/578868\/revisions"}],"wp:featuredmedia":[{"embeddable":true,"href":"https:\/\/www.europesays.com\/fr\/wp-json\/wp\/v2\/media\/578869"}],"wp:attachment":[{"href":"https:\/\/www.europesays.com\/fr\/wp-json\/wp\/v2\/media?parent=578868"}],"wp:term":[{"taxonomy":"category","embeddable":true,"href":"https:\/\/www.europesays.com\/fr\/wp-json\/wp\/v2\/categories?post=578868"},{"taxonomy":"post_tag","embeddable":true,"href":"https:\/\/www.europesays.com\/fr\/wp-json\/wp\/v2\/tags?post=578868"}],"curies":[{"name":"wp","href":"https:\/\/api.w.org\/{rel}","templated":true}]}}