{"id":578870,"date":"2025-12-05T02:20:17","date_gmt":"2025-12-05T02:20:17","guid":{"rendered":"https:\/\/www.europesays.com\/fr\/578870\/"},"modified":"2025-12-05T02:20:17","modified_gmt":"2025-12-05T02:20:17","slug":"francis-cabrel-espere-sortir-un-nouvel-album-pour-ses-cinquante-ans-de-carriere","status":"publish","type":"post","link":"https:\/\/www.europesays.com\/fr\/578870\/","title":{"rendered":"Francis Cabrel esp\u00e8re sortir un nouvel album pour ses cinquante ans de carri\u00e8re"},"content":{"rendered":"<p>\n    Le chanteur de 72 ans, qui d\u00e9fend actuellement un beau livre sur les luthiers, a confi\u00e9 \u00e0 BFMTV pr\u00e9parer un quinzi\u00e8me disque qu\u2019il souhaiterait d\u00e9voiler en 2027.<\/p>\n<p class=\"fig-paragraph\">La derni\u00e8re fois qu\u2019il a pris sa guitare, Francis Cabrel a imagin\u00e9\u00a0<a href=\"http:\/\/www.lefigaro.fr\/musique\/en-basque-creole-ou-occitan-francis-cabrel-signe-une-ode-aux-langues-regionales-20250919\" target=\"_blank\" data-fig-type=\"Article\" rel=\"noopener\" data-gtm-custom-categorie=\"navigation\" data-gtm-custom-action=\"crossclick\" data-gtm-custom-label=\"Contextuel\" data-gtm-event=\"customEventSPE\" data-fig-domain=\"LEFIGARO\">une ode aux langues r\u00e9gionales<\/a>. Au Proven\u00e7al, au Basque ou au Corse. Avant cela, en 2023, il avait \u00e9crit une chanson d\u2019hommage au musicien\u00a0<a href=\"http:\/\/www.lefigaro.fr\/musique\/francis-cabrel-sortira-le-13-octobre-une-nouvelle-chanson-un-morceau-de-sicre-20230827\" target=\"_blank\" data-fig-type=\"Article\" rel=\"noopener\" data-gtm-custom-categorie=\"navigation\" data-gtm-custom-action=\"crossclick\" data-gtm-custom-label=\"Contextuel\" data-gtm-event=\"customEventSPE\" data-fig-domain=\"LEFIGARO\">Claude Sicre<\/a>. Le septuag\u00e9naire confie au micro de\u00a0<a href=\"https:\/\/www.bfmtv.com\/people\/musique\/info-bfmtv-c-est-deja-en-route-francis-cabrel-annonce-vouloir-sortir-un-nouvel-album-dans-les-prochaines-annees_AV-202512030703.html\" target=\"_blank\" rel=\"noopener\" data-gtm-custom-categorie=\"navigation\" data-gtm-custom-action=\"crossclick\" data-gtm-custom-label=\"Contextuel\" data-gtm-event=\"customEventSPE\">BFMTV<\/a>\u00a0travailler d\u00e9sormais sur un nouveau disque, cinq ans apr\u00e8s son dernier album in\u00e9dit.<\/p>\n<p class=\"fig-paragraph\">\u00ab\u00a0Je me suis mis pour objectif de faire un album dans les prochaines ann\u00e9es. Je ne pr\u00e9cise pas, mais c\u2019est d\u00e9j\u00e0 en route. Mes cinquante ans de chanson, c\u2019est 2027. Je vais essayer de tenir cette date-l\u00e0. J\u2019ai \u00e7a en t\u00eate, j\u2019avance\u00a0\u00bb, explique le troubadour de la vari\u00e9t\u00e9 fran\u00e7aise. S\u2019il a d\u00e9pos\u00e9 \u00e0 la\u00a0<a href=\"http:\/\/www.lefigaro.fr\/musique\/grands-prix-de-la-sacem-alain-chamfort-jean-louis-aubert-vanessa-paradis-ou-solann-recompenses-20251124\" target=\"_blank\" data-fig-type=\"NewsFlash\" rel=\"noopener\" data-gtm-custom-categorie=\"navigation\" data-gtm-custom-action=\"crossclick\" data-gtm-custom-label=\"Contextuel\" data-gtm-event=\"customEventSPE\" data-fig-domain=\"LEFIGARO\">SACEM<\/a>\u00a0en 1975 la partition de Petite Marie, l\u2019un de ses tubes les plus fameux, Cabrel a sorti son premier album en 1977. D\u2019apr\u00e8s BFMTV, l\u2019interpr\u00e8te nourrissait quelques doutes quant \u00e0 la n\u00e9cessit\u00e9 d\u2019en produire un quinzi\u00e8me.<\/p>\n<p class=\"fig-body-link\">\n            \u00c0 lire aussi<br \/>\n        <a class=\"fig-body-link__link\" href=\"http:\/\/www.lefigaro.fr\/flash-eco\/droits-d-auteur-le-streaming-ne-rapporte-toujours-pas-autant-qu-espere-regrette-la-sacem-20250513\" target=\"_blank\" data-fig-type=\"NewsFlash\" rel=\"noopener\" data-gtm-custom-categorie=\"navigation\" data-gtm-custom-action=\"crossclick\" data-gtm-custom-label=\"Contextuel\" data-gtm-event=\"customEventSPE\" data-fig-domain=\"LEFIGARO\"><\/p>\n<p>        Droits d&rsquo;auteur\u00a0: le streaming ne rapporte toujours pas autant qu&rsquo;esp\u00e9r\u00e9, regrette la Sacem<br \/>\n    <\/a>\n<\/p>\n<p>                                            <a class=\"fig-a11y-skip\" href=\"#fig-a11y-skip-main-inarticle\" data-module=\"a11y-skip\" data-context=\"was @visible\"><br \/>\n    Passer la publicit\u00e9<br \/>\n<\/a>            <\/p>\n<p>                                            Prot\u00e9g\u00e9 par son succ\u00e8s<\/p>\n<p class=\"fig-paragraph\">Son dernier en date, \u00c0 l\u2019aube revenant (2020), croisait l\u2019univers des troubadours, les consid\u00e9rations climatiques et un hommage \u00e0 Jacques Dutronc. Francis Cabrel ne se presse pas. Sa cadence tourne autour d\u2019un disque tous les cinq ans. \u00ab\u00a0Le succ\u00e8s m\u2019a permis de prendre du temps et de moins m\u2019inqui\u00e9ter\u00a0\u00bb,\u00a0<a href=\"https:\/\/www.lefigaro.fr\/musique\/francis-cabrel-le-succes-m-a-permis-de-prendre-du-temps-20201021\" target=\"_blank\" data-fig-type=\"Article\" rel=\"noopener\" data-gtm-custom-categorie=\"navigation\" data-gtm-custom-action=\"crossclick\" data-gtm-custom-label=\"Contextuel\" data-gtm-event=\"customEventSPE\" data-fig-domain=\"LEFIGARO\">confiait-il en 2020 au Figaro<\/a> . Il y rappelait son mantra\u00a0: \u00ab\u00a0Mon but, c\u2019est la chanson, qu\u2019elle dure six minutes ou une minute cinquante.\u00a0\u00bb<\/p>\n<p class=\"fig-paragraph\">En attendant, il pr\u00e9face, publie et d\u00e9fend Luthiers et Guitares d\u2019en France, la nouvelle g\u00e9n\u00e9ration. Ce beau livre rend hommage aux artisans d\u2019exception, qui font l\u2019admiration du chanteur. Lui poss\u00e8de environ quatre-vingts instruments dont, son p\u00e9ch\u00e9 mignon, des guitares\u00a0<a href=\"http:\/\/www.lefigaro.fr\/musique\/aujourd-hui-le-jazz-n-a-pas-la-visibilite-qu-il-merite-20251130\" target=\"_blank\" data-fig-type=\"Article\" rel=\"noopener\" data-gtm-custom-categorie=\"navigation\" data-gtm-custom-action=\"crossclick\" data-gtm-custom-label=\"Contextuel\" data-gtm-event=\"customEventSPE\" data-fig-domain=\"LEFIGARO\">jazz<\/a>\u00a0\u00e0 caisse large des ann\u00e9es 1950.<\/p>\n","protected":false},"excerpt":{"rendered":"Le chanteur de 72 ans, qui d\u00e9fend actuellement un beau livre sur les luthiers, a confi\u00e9 \u00e0 BFMTV&hellip;\n","protected":false},"author":2,"featured_media":578871,"comment_status":"","ping_status":"","sticky":false,"template":"","format":"standard","meta":{"footnotes":""},"categories":[1355],"tags":[58,59,1011,27,49086,1361,873,7206],"class_list":{"0":"post-578870","1":"post","2":"type-post","3":"status-publish","4":"format-standard","5":"has-post-thumbnail","7":"category-musique","8":"tag-divertissement","9":"tag-entertainment","10":"tag-fr","11":"tag-france","12":"tag-francis-cabrel","13":"tag-music","14":"tag-musique","15":"tag-nouvel-album"},"share_on_mastodon":{"url":"https:\/\/pubeurope.com\/@fr\/115664573215436514","error":""},"_links":{"self":[{"href":"https:\/\/www.europesays.com\/fr\/wp-json\/wp\/v2\/posts\/578870","targetHints":{"allow":["GET"]}}],"collection":[{"href":"https:\/\/www.europesays.com\/fr\/wp-json\/wp\/v2\/posts"}],"about":[{"href":"https:\/\/www.europesays.com\/fr\/wp-json\/wp\/v2\/types\/post"}],"author":[{"embeddable":true,"href":"https:\/\/www.europesays.com\/fr\/wp-json\/wp\/v2\/users\/2"}],"replies":[{"embeddable":true,"href":"https:\/\/www.europesays.com\/fr\/wp-json\/wp\/v2\/comments?post=578870"}],"version-history":[{"count":0,"href":"https:\/\/www.europesays.com\/fr\/wp-json\/wp\/v2\/posts\/578870\/revisions"}],"wp:featuredmedia":[{"embeddable":true,"href":"https:\/\/www.europesays.com\/fr\/wp-json\/wp\/v2\/media\/578871"}],"wp:attachment":[{"href":"https:\/\/www.europesays.com\/fr\/wp-json\/wp\/v2\/media?parent=578870"}],"wp:term":[{"taxonomy":"category","embeddable":true,"href":"https:\/\/www.europesays.com\/fr\/wp-json\/wp\/v2\/categories?post=578870"},{"taxonomy":"post_tag","embeddable":true,"href":"https:\/\/www.europesays.com\/fr\/wp-json\/wp\/v2\/tags?post=578870"}],"curies":[{"name":"wp","href":"https:\/\/api.w.org\/{rel}","templated":true}]}}