{"id":578872,"date":"2025-12-05T02:21:33","date_gmt":"2025-12-05T02:21:33","guid":{"rendered":"https:\/\/www.europesays.com\/fr\/578872\/"},"modified":"2025-12-05T02:21:33","modified_gmt":"2025-12-05T02:21:33","slug":"nous-sommes-les-murs-qui-nous-tiennent-dalisa-roydman-projete-a-lauditorium-de-douarnenez-ce-vendredi-5-decembre","status":"publish","type":"post","link":"https:\/\/www.europesays.com\/fr\/578872\/","title":{"rendered":"\u00ab\u00a0Nous sommes les murs qui nous tiennent\u00a0\u00bb, d\u2019Alisa Roydman projet\u00e9 \u00e0 l\u2019Auditorium de Douarnenez ce vendredi 5\u00a0d\u00e9cembre"},"content":{"rendered":"<p>Ce vendredi 5 d\u00e9cembre \u00e0 19\u00a0h, \u00e0 l\u2019Auditorium de Douarnenez, sera projet\u00e9 le film documentaire \u00ab\u00a0Nous sommes les murs qui nous tiennent\u00a0\u00bb, r\u00e9alis\u00e9 par Alisa Roydman. Ce documentaire retrace l\u2019histoire des <a href=\"https:\/\/www.letelegramme.fr\/finistere\/douarnenez-29100\/quel-avenir-pour-les-roches-blanches-6927070.php\" title=\"www.letelegramme.fr\" target=\"_blank\" rel=\"noopener\">Roches Blanches<\/a>, site qui sera vendu aux ench\u00e8res le 17 d\u00e9cembre. Le film, compos\u00e9 d\u2019archives film\u00e9es par les habitants et d\u2019images r\u00e9centes tourn\u00e9es apr\u00e8s l\u2019annonce de la mise aux ench\u00e8res, entrelace m\u00e9moire, quotidien et lutte collective. R\u00e9alis\u00e9 comme un acte de soutien, il met en lumi\u00e8re la force, la diversit\u00e9 et les imaginaires port\u00e9s par celles et ceux qui vivent ce lieu. La projection sera suivie d\u2019un temps d\u2019\u00e9change avec l\u2019\u00e9quipe du film, des occupants et des soutiens aux Roches Blanches.<\/p>\n","protected":false},"excerpt":{"rendered":"Ce vendredi 5 d\u00e9cembre \u00e0 19\u00a0h, \u00e0 l\u2019Auditorium de Douarnenez, sera projet\u00e9 le film documentaire \u00ab\u00a0Nous sommes les&hellip;\n","protected":false},"author":2,"featured_media":578873,"comment_status":"","ping_status":"","sticky":false,"template":"","format":"standard","meta":{"footnotes":""},"categories":[1354],"tags":[58,1190,3320,59,1346,1011,27,1360],"class_list":{"0":"post-578872","1":"post","2":"type-post","3":"status-publish","4":"format-standard","5":"has-post-thumbnail","7":"category-films","8":"tag-divertissement","9":"tag-documentaire","10":"tag-douarnenez","11":"tag-entertainment","12":"tag-films","13":"tag-fr","14":"tag-france","15":"tag-movies"},"share_on_mastodon":{"url":"https:\/\/pubeurope.com\/@fr\/115664577062976155","error":""},"_links":{"self":[{"href":"https:\/\/www.europesays.com\/fr\/wp-json\/wp\/v2\/posts\/578872","targetHints":{"allow":["GET"]}}],"collection":[{"href":"https:\/\/www.europesays.com\/fr\/wp-json\/wp\/v2\/posts"}],"about":[{"href":"https:\/\/www.europesays.com\/fr\/wp-json\/wp\/v2\/types\/post"}],"author":[{"embeddable":true,"href":"https:\/\/www.europesays.com\/fr\/wp-json\/wp\/v2\/users\/2"}],"replies":[{"embeddable":true,"href":"https:\/\/www.europesays.com\/fr\/wp-json\/wp\/v2\/comments?post=578872"}],"version-history":[{"count":0,"href":"https:\/\/www.europesays.com\/fr\/wp-json\/wp\/v2\/posts\/578872\/revisions"}],"wp:featuredmedia":[{"embeddable":true,"href":"https:\/\/www.europesays.com\/fr\/wp-json\/wp\/v2\/media\/578873"}],"wp:attachment":[{"href":"https:\/\/www.europesays.com\/fr\/wp-json\/wp\/v2\/media?parent=578872"}],"wp:term":[{"taxonomy":"category","embeddable":true,"href":"https:\/\/www.europesays.com\/fr\/wp-json\/wp\/v2\/categories?post=578872"},{"taxonomy":"post_tag","embeddable":true,"href":"https:\/\/www.europesays.com\/fr\/wp-json\/wp\/v2\/tags?post=578872"}],"curies":[{"name":"wp","href":"https:\/\/api.w.org\/{rel}","templated":true}]}}