{"id":578874,"date":"2025-12-05T02:22:15","date_gmt":"2025-12-05T02:22:15","guid":{"rendered":"https:\/\/www.europesays.com\/fr\/578874\/"},"modified":"2025-12-05T02:22:15","modified_gmt":"2025-12-05T02:22:15","slug":"a-quel-age-devient-on-vieux-pour-les-scientifiques-peut-etre-plus-tard-que-ce-que-vous-pourriez-croire","status":"publish","type":"post","link":"https:\/\/www.europesays.com\/fr\/578874\/","title":{"rendered":"A quel \u00e2ge devient-on vieux ? Pour les scientifiques, peut-\u00eatre plus tard que ce que vous pourriez croire"},"content":{"rendered":"<p style=\"font-size: medium;\">Le docteur\u00a0<strong>Christophe de Jaeger\u00a0<\/strong>est<strong>\u00a0<\/strong>charg\u00e9 d\u2019enseignement \u00e0 la facult\u00e9 de m\u00e9decine de Paris, directeur de l\u2019Institut de m\u00e9decine et physiologie de la long\u00e9vit\u00e9 (Paris), directeur de la Chaire de la long\u00e9vit\u00e9 (John Naisbitt University \u2013 Belgrade), et pr\u00e9sident de la Soci\u00e9t\u00e9 Fran\u00e7aise de M\u00e9decine et Physiologie de la Long\u00e9vit\u00e9.<\/p>\n<p style=\"font-size: medium;\">Il est l&rsquo;auteur de plusieurs ouvrages, notamment de\u00a0<strong>\u00ab\u00a0Bien vieillir sans m\u00e9dicaments\u00a0\u00bb\u00a0<\/strong>aux \u00e9ditions du Cherche Midi,\u00a0<strong>\u00ab\u00a0Nous ne sommes plus faits pour vieillir\u00a0\u00bb\u00a0<\/strong>\u00a0chez Grasset, et\u00a0<strong>\u00ab\u00a0Longue vie\u00a0\u00bb<\/strong>, aux \u00e9ditions Telemaque<\/p>\n","protected":false},"excerpt":{"rendered":"Le docteur\u00a0Christophe de Jaeger\u00a0est\u00a0charg\u00e9 d\u2019enseignement \u00e0 la facult\u00e9 de m\u00e9decine de Paris, directeur de l\u2019Institut de m\u00e9decine et&hellip;\n","protected":false},"author":2,"featured_media":578875,"comment_status":"","ping_status":"","sticky":false,"template":"","format":"standard","meta":{"footnotes":""},"categories":[10],"tags":[317,35899,8445,1011,27,72,71,572],"class_list":{"0":"post-578874","1":"post","2":"type-post","3":"status-publish","4":"format-standard","5":"has-post-thumbnail","7":"category-sante","8":"tag-age","9":"tag-biologie","10":"tag-esperance-de-vie","11":"tag-fr","12":"tag-france","13":"tag-health","14":"tag-sante","15":"tag-vieillesse"},"share_on_mastodon":{"url":"https:\/\/pubeurope.com\/@fr\/115664581348984551","error":""},"_links":{"self":[{"href":"https:\/\/www.europesays.com\/fr\/wp-json\/wp\/v2\/posts\/578874","targetHints":{"allow":["GET"]}}],"collection":[{"href":"https:\/\/www.europesays.com\/fr\/wp-json\/wp\/v2\/posts"}],"about":[{"href":"https:\/\/www.europesays.com\/fr\/wp-json\/wp\/v2\/types\/post"}],"author":[{"embeddable":true,"href":"https:\/\/www.europesays.com\/fr\/wp-json\/wp\/v2\/users\/2"}],"replies":[{"embeddable":true,"href":"https:\/\/www.europesays.com\/fr\/wp-json\/wp\/v2\/comments?post=578874"}],"version-history":[{"count":0,"href":"https:\/\/www.europesays.com\/fr\/wp-json\/wp\/v2\/posts\/578874\/revisions"}],"wp:featuredmedia":[{"embeddable":true,"href":"https:\/\/www.europesays.com\/fr\/wp-json\/wp\/v2\/media\/578875"}],"wp:attachment":[{"href":"https:\/\/www.europesays.com\/fr\/wp-json\/wp\/v2\/media?parent=578874"}],"wp:term":[{"taxonomy":"category","embeddable":true,"href":"https:\/\/www.europesays.com\/fr\/wp-json\/wp\/v2\/categories?post=578874"},{"taxonomy":"post_tag","embeddable":true,"href":"https:\/\/www.europesays.com\/fr\/wp-json\/wp\/v2\/tags?post=578874"}],"curies":[{"name":"wp","href":"https:\/\/api.w.org\/{rel}","templated":true}]}}