{"id":578880,"date":"2025-12-05T02:25:25","date_gmt":"2025-12-05T02:25:25","guid":{"rendered":"https:\/\/www.europesays.com\/fr\/578880\/"},"modified":"2025-12-05T02:25:25","modified_gmt":"2025-12-05T02:25:25","slug":"face-aux-smartphones-noirs-et-tristes-le-motorola-edge-70-pantone-color-of-the-year-2026-fait-un-bien-fou-frandroid","status":"publish","type":"post","link":"https:\/\/www.europesays.com\/fr\/578880\/","title":{"rendered":"Face aux smartphones noirs et tristes, le Motorola Edge 70 Pantone Color of the Year 2026 fait un bien fou \u2014 Frandroid"},"content":{"rendered":"<p>C\u2019est devenu un rituel. Chaque ann\u00e9e, Motorola s\u2019accapare la couleur Pantone pour tenter de se diff\u00e9rencier. Cette fois, avec le <strong><a href=\"https:\/\/www.frandroid.com\/marques\/motorola\/2853417_il-pense-battre-apple-et-samsung-a-leur-propre-jeu-voici-le-motorola-edge-70-on-la-pris-en-main\" target=\"_blank\" rel=\"noopener\">Edge 70<\/a><\/strong>, ils vont plus loin. Finesse extr\u00eame de <strong>5,99 mm<\/strong>, finition \u00ab\u00a0Cloud Dancer\u00a0\u00bb et cristaux incrust\u00e9s.<\/p>\n<p><a href=\"https:\/\/images.frandroid.com\/wp-content\/uploads\/2025\/12\/motorola-edge-70-frandroid-capture-decran-2025-12-04-a-125237.jpg\" target=\"_blank\" class=\"article-content__figure\" rel=\"noopener\"><img fetchpriority=\"high\" decoding=\"async\" loading=\"eager\" width=\"1200\" height=\"793\" src=\"https:\/\/www.europesays.com\/fr\/wp-content\/uploads\/2025\/12\/motorola-edge-70-frandroid-capture-decran-2025-12-04-a-125237.jpg\" alt=\"\" class=\"wp-image-2899523 wp-image wp-image\"  \/><\/a>Motorola edge 70 \/\/ Source : Ulrich Rozier pour Frandroid<\/p>\n<p>Alors, j\u2019ai souvent \u00e9t\u00e9 sceptique sur les partenariats \u00ab\u00a0lifestyle\u00a0\u00bb dans la tech. Vous savez, ces logos coll\u00e9s \u00e0 la va-vite sur des produits pour justifier une \u00e9dition limit\u00e9e de plus. Mais il faut reconna\u00eetre une chose \u00e0 Motorola : ils ont de la suite dans les id\u00e9es.<\/p>\n<p>En \u00e9coutant <strong>Laurie Pressman<\/strong>, la VP du Pantone Color Institute, et <strong>Ruben Castano<\/strong>, le patron du design chez Motorola, on comprend vite que le <strong><a href=\"https:\/\/www.frandroid.com\/marques\/motorola\/2853417_il-pense-battre-apple-et-samsung-a-leur-propre-jeu-voici-le-motorola-edge-70-on-la-pris-en-main\" target=\"_blank\" rel=\"noopener\">Edge 70<\/a><\/strong> n\u2019est pas juste un \u00ab\u00a0coup\u00a0\u00bb marketing.<\/p>\n<p>Leur partenariat avec Pantone dure depuis longtemps, c\u2019est devenu une strat\u00e9gie de survie. Face aux rouleaux compresseurs Samsung et Apple, Motorola joue la carte de l\u2019objet de d\u00e9sir. Avec le <strong><a href=\"https:\/\/www.frandroid.com\/marques\/motorola\/2853417_il-pense-battre-apple-et-samsung-a-leur-propre-jeu-voici-le-motorola-edge-70-on-la-pris-en-main\" target=\"_blank\" rel=\"noopener\">Motorola Edge 70<\/a><\/strong>, ils poussent le curseur au maximum. On ne parle plus juste de couleur, mais de texture, de cristaux <strong>Swarovski<\/strong> et de \u00ab\u00a0bien-\u00eatre\u00a0\u00bb. Je vous explique.<\/p>\n<p>Le concept \u00ab\u00a0Cloud Dancer\u00a0\u00bb : du calme dans le chaos<\/p>\n<p>Commen\u00e7ons par le design, car c\u2019est 90 % du propos ici. La couleur de l\u2019ann\u00e9e 2026 s\u2019appelle <strong>\u00ab\u00a0Cloud Dancer\u00a0\u00bb<\/strong> (PANTONE 11-4201). C\u2019est un blanc cass\u00e9, laiteux, tr\u00e8s doux. Lors de l\u2019interview, <strong>Lori Pressman<\/strong> de Pantone nous expliquait que cette teinte symbolise la \u00ab\u00a0clart\u00e9\u00a0\u00bb et un \u00ab\u00a0reset sensoriel\u00a0\u00bb face \u00e0 la \u00ab\u00a0cacophonie\u00a0\u00bb du monde actuel.<\/p>\n<p><a href=\"https:\/\/images.frandroid.com\/wp-content\/uploads\/2025\/12\/motorola-edge-70-frandroid-p1112916.jpg\" target=\"_blank\" class=\"article-content__figure\" rel=\"noopener\"><img loading=\"lazy\" decoding=\"async\" width=\"1200\" height=\"800\" src=\"https:\/\/www.europesays.com\/fr\/wp-content\/uploads\/2025\/12\/motorola-edge-70-frandroid-p1112916-1200x800.jpg\" alt=\"\" class=\"wp-image-2899527 wp-image\"  \/><\/a>Motorola edge 70 \/\/ Source : Ulrich Rozier pour Frandroid<\/p>\n<p>Lors de notre \u00e9change, Laurie Pressman a \u00e9t\u00e9 tr\u00e8s franche : l\u2019\u00e9quipe \u00e9tait \u00ab\u00a0nerveuse\u00a0\u00bb. Sortir du blanc dans un climat politique et social mondial aussi tendu, c\u2019\u00e9tait risqu\u00e9. On pouvait leur reprocher d\u2019\u00eatre d\u00e9connect\u00e9s, ou ennuyeux. Mais le choix s\u2019est impos\u00e9 d\u00e8s le mois de mars dernier.<\/p>\n<p><a href=\"https:\/\/images.frandroid.com\/wp-content\/uploads\/2025\/12\/motorola-edge-70-frandroid-p1112932.jpg\" target=\"_blank\" class=\"article-content__figure\" rel=\"noopener\"><img loading=\"lazy\" decoding=\"async\" width=\"1200\" height=\"800\" src=\"https:\/\/www.europesays.com\/fr\/wp-content\/uploads\/2025\/12\/motorola-edge-70-frandroid-p1112932-1200x800.jpg\" alt=\"\" class=\"wp-image-2899531 wp-image\"  \/><\/a>Motorola edge 70 \/\/ Source : Ulrich Rozier pour Frandroid<\/p>\n<p>Pourquoi ? Parce que selon Pantone, ce n\u2019est pas une pr\u00e9diction, c\u2019est une <strong>\u00ab\u00a0r\u00e9flexion\u00a0\u00bb<\/strong>. Le monde est devenu une cacophonie insupportable. Le bruit num\u00e9rique est constant. Ce blanc n\u2019est pas du vide, c\u2019est une invitation au <strong>\u00ab\u00a0reset sensoriel\u00a0\u00bb<\/strong>. L\u2019id\u00e9e est de faire du smartphone un totem de calme. C\u2019est ironique, certes, mais le raisonnement se tient. Ils ne voulaient pas une couleur qui crie, mais une couleur qui apaise.<\/p>\n<p>                <img decoding=\"async\" width=\"1200\" height=\"446\" loading=\"lazy\" alt=\"Eufy Box Partenaire\" title=\"Eufy Box Partenaire\" class=\"is-radiusless placeholder-default wp-image\" src=\"https:\/\/www.europesays.com\/fr\/wp-content\/uploads\/2025\/11\/eufy-box-partenaire-1200x446.jpg\" \/>            <\/p>\n<p>\n                    La tranquillit\u00e9 de la s\u00e9curit\u00e9 \u00e0 prix cass\u00e9                <\/p>\n<p class=\"has-text-weight-medium is-size-6 is-line-height-normal\">\n                    S\u00e9curit\u00e9 connect\u00e9e, vision nocturne et stockage local inclus. Prot\u00e9gez votre domicile avec ce kit de 2 SoloCam E42 en ce moment \u00e0 un prix jamais vu !                <\/p>\n<p><a href=\"https:\/\/images.frandroid.com\/wp-content\/uploads\/2025\/12\/motorola-edge-70-frandroid-capture-decran-2025-12-04-a-125254.jpg\" target=\"_blank\" class=\"article-content__figure\" rel=\"noopener\"><img loading=\"lazy\" decoding=\"async\" width=\"1200\" height=\"784\" src=\"https:\/\/www.europesays.com\/fr\/wp-content\/uploads\/2025\/12\/motorola-edge-70-frandroid-capture-decran-2025-12-04-a-125254-1200x784.jpg\" alt=\"\" class=\"wp-image-2899533 wp-image\"  \/><\/a>Motorola edge 70 \/\/ Source : Ulrich Rozier pour Frandroid<\/p>\n<p>Mais on vous vend quand m\u00eame un smartphone, l\u2019objet qui est litt\u00e9ralement la source principale de votre cacophonie num\u00e9rique, comme un outil de s\u00e9r\u00e9nit\u00e9.<\/p>\n<p><a href=\"https:\/\/images.frandroid.com\/wp-content\/uploads\/2025\/12\/motorola-edge-70-frandroid-p1112921.jpg\" target=\"_blank\" class=\"article-content__figure\" rel=\"noopener\"><img loading=\"lazy\" decoding=\"async\" width=\"1200\" height=\"800\" src=\"https:\/\/www.europesays.com\/fr\/wp-content\/uploads\/2025\/12\/motorola-edge-70-frandroid-p1112921-1200x800.jpg\" alt=\"\" class=\"wp-image-2899529 wp-image\"  \/><\/a>Motorola edge 70 \/\/ Source : Ulrich Rozier pour Frandroid<\/p>\n<p>Mais passons sur la philosophie. Visuellement, le r\u00e9sultat est inhabituel. Ruben Castano a insist\u00e9 sur un point : \u00ab\u00a0On ne prend pas un seau de peinture pour le renverser sur le t\u00e9l\u00e9phone\u00ab\u00a0. La collaboration entre Motorola et Pantone va bien au-del\u00e0 de la teinte de la coque arri\u00e8re.<\/p>\n<p><a href=\"https:\/\/images.frandroid.com\/wp-content\/uploads\/2025\/12\/motorola-edge-70-frandroid-capture-decran-2025-12-04-a-125453.jpg\" target=\"_blank\" class=\"article-content__figure\" rel=\"noopener\"><img loading=\"lazy\" decoding=\"async\" width=\"1200\" height=\"804\" src=\"https:\/\/www.europesays.com\/fr\/wp-content\/uploads\/2025\/12\/motorola-edge-70-frandroid-capture-decran-2025-12-04-a-125453-1200x804.jpg\" alt=\"\" class=\"wp-image-2899525 wp-image\"  \/><\/a>Motorola edge 70 \/\/ Source : Ulrich Rozier pour Frandroid<\/p>\n<p>Le dos adopte une texture <strong>\u00ab\u00a0soft-luxe\u00a0\u00bb<\/strong> matelass\u00e9e qui change du verre froid habituel. Motorola a int\u00e9gr\u00e9 des <strong>cristaux Swarovski<\/strong> aux intersections du motif. Cela sonne bling-bling. Je suis d\u2019accord avec vous. En r\u00e9alit\u00e9 ? C\u2019est surprenant. \u00c7a donne un c\u00f4t\u00e9 bijou, ou maroquinerie de luxe, qui tranche avec l\u2019aust\u00e9rit\u00e9 des <a href=\"https:\/\/www.frandroid.com\/marques\/samsung\/2492280_test-du-samsung-galaxy-s25-sans-surprise-mais-pas-sans-saveur\" target=\"_blank\" rel=\"noopener\">Galaxy S25<\/a>.<\/p>\n<p>En plus, il n\u2019y a pas de <strong>carr\u00e9 Pantone<\/strong> en bas de la coque. En tout cas, sur ce mod\u00e8le.<\/p>\n<p>Cela reste un Edge 70<\/p>\n<p>Si vous n\u2019aviez pas encore d\u00e9couvert ce smartphone. Il est fin. Le Edge 70 ne fait que <strong>5,99 mm d\u2019\u00e9paisseur<\/strong> pour <strong>159 grammes<\/strong>.<\/p>\n<p>C\u2019est plus \u00e9pais que l\u2019iPhone Air (5,64 mm), mais on reste dans la cat\u00e9gorie poids plume. Et contrairement \u00e0 Apple ou Samsung qui sacrifient souvent l\u2019autonomie sur l\u2019autel de la finesse, Motorola a r\u00e9ussi \u00e0 caser une batterie de <strong>4800 mAh<\/strong>.<\/p>\n<p class=\"shortcode-container see-more\">\n    Pour aller plus loin<br \/><a href=\"https:\/\/www.frandroid.com\/marques\/motorola\/2853417_il-pense-battre-apple-et-samsung-a-leur-propre-jeu-voici-le-motorola-edge-70-on-la-pris-en-main\" target=\"_blank\" rel=\"noopener\">Il pense battre Apple et Samsung \u00e0 leur propre jeu : voici le Motorola Edge 70, on l\u2019a pris en main<\/a>\n            <\/p>\n<p>Comment ? Gr\u00e2ce \u00e0 la technologie <strong><a href=\"https:\/\/www.frandroid.com\/produits-android\/smartphone\/2536605_les-batteries-silicium-carbone-on-vous-explique-tout-sur-la-revolution-discrete-des-smartphones\" target=\"_blank\" rel=\"noopener\">silicium-carbone<\/a><\/strong>. C\u2019est le nerf de la guerre en 2025 et certainement aussi en 2026. Avoir une telle capacit\u00e9 dans un ch\u00e2ssis aussi fin, avec une charge rapide de <strong>68 W<\/strong>, c\u2019est top. C\u2019est l\u00e0 que Motorola marque des points : le design ne se fait pas (trop) au d\u00e9triment de l\u2019usage.<\/p>\n<p>C\u00f4t\u00e9 \u00e9cran, on reste sur du solide : une dalle <strong>pOLED de 6,67 pouces<\/strong>, 120 Hz, certifi\u00e9e Pantone (\u00e9videmment) pour la justesse des couleurs. La luminosit\u00e9 monte \u00e0 <strong>4500 nits<\/strong> en pic. Rien \u00e0 dire.<\/p>\n<p>Mais attendez. Tout n\u2019est pas rose (ou plut\u00f4t blanc nuage). Pour atteindre ce design et ce prix (environ <strong>799 \u20ac<\/strong> hors promo), il a fallu faire des choix.<\/p>\n<p>Le processeur est un <strong>Snapdragon 7 Gen 4<\/strong>. C\u2019est une excellente puce, capable de tout faire tourner, mais ce n\u2019est pas le Snapdragon 8 Elite des flagships \u00e0 1000 \u20ac. Motorola fait le pari, sans doute juste, que la cible de ce t\u00e9l\u00e9phone se fiche des benchmarks sur Geekbench. Ils veulent que \u00e7a soit fluide et que \u00e7a ne chauffe pas.<\/p>\n<p>C\u00f4t\u00e9 photo, on trouve un trio de capteurs, mais c\u2019est un peu trompeur :<\/p>\n<ul class=\"wp-block-list\">\n<li>Principal : 50 Mpx (f\/1.8)<\/li>\n<li>Ultra grand-angle : 50 Mpx<\/li>\n<li>et un capteur de \u00ab\u00a0lumi\u00e8re\u00a0\u00bb (flicker sensor)<\/li>\n<\/ul>\n<p>Pas de t\u00e9l\u00e9objectif optique. C\u2019est classique sur les smartphones tr\u00e8s fins. Si vous voulez zoomer x10, ce n\u2019est pas le bon t\u00e9l\u00e9phone. <\/p>\n<p>Mais partenariat avec Pantone et Swarovski permet de raconter une autre histoire que celle des caract\u00e9ristiques techniques.<\/p>\n","protected":false},"excerpt":{"rendered":"C\u2019est devenu un rituel. Chaque ann\u00e9e, Motorola s\u2019accapare la couleur Pantone pour tenter de se diff\u00e9rencier. Cette fois,&hellip;\n","protected":false},"author":2,"featured_media":578881,"comment_status":"","ping_status":"","sticky":false,"template":"","format":"standard","meta":{"footnotes":""},"categories":[7],"tags":[1011,27,58911,43,40,41,39,42,44],"class_list":{"0":"post-578880","1":"post","2":"type-post","3":"status-publish","4":"format-standard","5":"has-post-thumbnail","7":"category-sciences-et-technologies","8":"tag-fr","9":"tag-france","10":"tag-motorola-edge-70","11":"tag-science","12":"tag-science-and-technology","13":"tag-sciences","14":"tag-sciences-et-technologies","15":"tag-technologies","16":"tag-technology"},"share_on_mastodon":{"url":"https:\/\/pubeurope.com\/@fr\/115664593850364187","error":""},"_links":{"self":[{"href":"https:\/\/www.europesays.com\/fr\/wp-json\/wp\/v2\/posts\/578880","targetHints":{"allow":["GET"]}}],"collection":[{"href":"https:\/\/www.europesays.com\/fr\/wp-json\/wp\/v2\/posts"}],"about":[{"href":"https:\/\/www.europesays.com\/fr\/wp-json\/wp\/v2\/types\/post"}],"author":[{"embeddable":true,"href":"https:\/\/www.europesays.com\/fr\/wp-json\/wp\/v2\/users\/2"}],"replies":[{"embeddable":true,"href":"https:\/\/www.europesays.com\/fr\/wp-json\/wp\/v2\/comments?post=578880"}],"version-history":[{"count":0,"href":"https:\/\/www.europesays.com\/fr\/wp-json\/wp\/v2\/posts\/578880\/revisions"}],"wp:featuredmedia":[{"embeddable":true,"href":"https:\/\/www.europesays.com\/fr\/wp-json\/wp\/v2\/media\/578881"}],"wp:attachment":[{"href":"https:\/\/www.europesays.com\/fr\/wp-json\/wp\/v2\/media?parent=578880"}],"wp:term":[{"taxonomy":"category","embeddable":true,"href":"https:\/\/www.europesays.com\/fr\/wp-json\/wp\/v2\/categories?post=578880"},{"taxonomy":"post_tag","embeddable":true,"href":"https:\/\/www.europesays.com\/fr\/wp-json\/wp\/v2\/tags?post=578880"}],"curies":[{"name":"wp","href":"https:\/\/api.w.org\/{rel}","templated":true}]}}