{"id":578882,"date":"2025-12-05T02:26:12","date_gmt":"2025-12-05T02:26:12","guid":{"rendered":"https:\/\/www.europesays.com\/fr\/578882\/"},"modified":"2025-12-05T02:26:12","modified_gmt":"2025-12-05T02:26:12","slug":"ou-en-est-la-france-par-rapport-a-ses-voisins-europeens","status":"publish","type":"post","link":"https:\/\/www.europesays.com\/fr\/578882\/","title":{"rendered":"o\u00f9 en est la France par rapport \u00e0 ses voisins europ\u00e9ens ?"},"content":{"rendered":"<p itemprop=\"description\">D\u00e9couvrez o\u00f9 en est la France dans<br \/>\nl&rsquo;\u00e9lectrification de son parc automobile et si elle est en avance<br \/>\npar rapport \u00e0 ses voisins europ\u00e9ens.<\/p>\n<p>La fin des ventes de voitures thermiques d\u00a0\u00bbici 2035 pourrait<br \/>\n\u00eatre reconsid\u00e9r\u00e9e par l&rsquo;Union Europ\u00e9enne, m\u00eame si l&rsquo;objectif<br \/>\npremier reste l&rsquo;\u00e9lectrification du parc automobile. Les<br \/>\nconstructeurs pourraient donc avoir un peu de\u00a0 sursis,\u00a0<br \/>\nm\u00eame s&rsquo;ils proposent tous aujourd&rsquo;hui une gamme de v\u00e9hicule 100 %<br \/>\n\u00e9lectrique. Du c\u00f4t\u00e9 des automobilistes, l&rsquo;achat d&rsquo;une voiture<br \/>\n\u00e9lectrique demande encore un budget cons\u00e9quent, m\u00eame s&rsquo;ils sont<br \/>\nnombreux en Europe \u00e0 avoir saut\u00e9 le pas. <strong>La part des<br \/>\nvoitures \u00e9lectriques neuves dans l&rsquo;UE atteinte d\u00e9sormais les 16,4<br \/>\n%<\/strong>, selon <a href=\"https:\/\/www.roole.fr\/\" target=\"_blank\" rel=\"noopener\">la derni\u00e8re \u00e9tude de l&rsquo;organisme<\/a> Roole<br \/>\nData.\u00a0 Mais, en fonction des pays, certains conducteurs sont<br \/>\nplus r\u00e9fractaires ou plus sensible \u00e0 une conduite \u00ab\u00a0plus verte\u00a0\u00bb que<br \/>\nd&rsquo;autres. La France fait-elle partie des bons \u00e9l\u00e8ves ?<\/p>\n<p>Pr\u00e8s d&rsquo;un v\u00e9hicule sur 5 vendu en France est un VE<\/p>\n<p>Par rapport aux autres pays europ\u00e9ens, la France se situe plut\u00f4t<br \/>\nbien dans l&rsquo;\u00e9lectrification de son parc automobiles. <strong>En<br \/>\n2025, 18,9 % <a href=\"https:\/\/www.autoplus.fr\/actualite\/voiture-la-plus-vendue-en-2025-le-sprint-final-est-lance-1412037.html\" target=\"_blank\" rel=\"noopener\">des ventes de voitures<\/a> sont des<br \/>\nmod\u00e8les \u00e9lectriques<\/strong>. Un pourcentage au-dessus de la<br \/>\nmoyenne donc. La dynamique s&rsquo;est m\u00eame accentu\u00e9e cet automne avec<br \/>\nune part de march\u00e9 de 24,4 %, soit pr\u00e8s d&rsquo;une voiture sur cinq. Un<br \/>\nbon point pour l&rsquo;Union Europ\u00e9enne, car l&rsquo;Hexagone est un des deux<br \/>\nplus gros march\u00e9 avec l&rsquo;Allemagne. D&rsquo;ailleurs, nos voisins<br \/>\nd&rsquo;Outre-Rhin ne sont pas tr\u00e8s loin non plus, car 18,4 % des ventes<br \/>\ndans le pays sont \u00e9galement des mod\u00e8les \u00e9lectriques.<\/p>\n<p>D&rsquo;autres pays membres font encore mieux, notamment le Danemark,<br \/>\ntr\u00e8s au-dessus de la moyenne, avec une part de march\u00e9 de la voiture<br \/>\n\u00e9lectrique de l&rsquo;ordre de 67 %. Au global, <strong>les pays<br \/>\nScandinave membre de l&rsquo;UE s&rsquo;en sortent bien<\/strong>, car sur le<br \/>\npodium des \u00e9tats les plus friands de voitures \u00e9lectrique, on<br \/>\nretrouve \u00e9galement la Finlande (36 % de part de march\u00e9 pour le VE)<br \/>\net la Su\u00e8de (36 % \u00e9galement).<\/p>\n<p>La part de march\u00e9 de la voiture \u00e9lectrique par pays membre de<br \/>\nl&rsquo;UE<\/p>\n<p>Retrouvez ci-dessous la part de march\u00e9 de la voiture \u00e9lectrique<br \/>\nsur les mois de janvier 2025 \u00e0 octobre 2025 pour chaque pays membre<br \/>\nde l&rsquo;Union Europ\u00e9enne :<\/p>\n<p>Danemark 66,5 %<br \/>Finlande 35,7 %<br \/>Su\u00e8de 35,5 %<br \/>Pays-Bas 35,4 %<br \/>Belgique 33,7 %<br \/>Malte 30,2 %<br \/>Luxembourg 25,6 %<br \/>Portugal 22,0 %<br \/>Autriche 21,4 %<br \/>France 18,9 %<br \/>Irlande 18,6 %<br \/>Allemagne 18,4 %<br \/><strong>Union europ\u00e9enne (27) 16,4 %<\/strong><br \/>Slov\u00e9nie 10,4%<br \/>Chypre 9,9 %<br \/>Espagne 8,5 %<br \/>Hongrie 8,4 %<br \/>Lettonie 7,1 %<br \/>Lituanie 7,0 %<br \/>Estonie 6,9 %<br \/>Pologne 6,4 %<br \/>Gr\u00e8ce 5,7 %<br \/>Tch\u00e9quie 5,6 %<br \/>Roumanie 5,3 %<br \/>Italie 5,2 %<br \/>Bulgarie 4,8 %<br \/>Slovaquie 4,5 %<br \/>Croatie 1,5 %<\/p>\n<p>De l&rsquo;autre c\u00f4t\u00e9 du prisme, les mauvais \u00e9l\u00e8ves sont donc la<br \/>\nCroatie, la Slovaquie et la Bulgarie avec une part de march\u00e9 de la<br \/>\nvoiture \u00e9lectrique inf\u00e9rieure \u00e0 5 %. Du c\u00f4t\u00e9 de nos pays<br \/>\nlimitrophes, le moins bien class\u00e9 est l&rsquo;Italie, avec une part de<br \/>\nmarch\u00e9 des VE de 5,2 %.<\/p>\n<p>De mani\u00e8re g\u00e9n\u00e9rale, l&rsquo;\u00e9lectrification du parc automobile d&rsquo;un<br \/>\npays <strong>est corr\u00e9l\u00e9e avec l&rsquo;acc\u00e9l\u00e9ration de l&rsquo;installation de<br \/>\nbornes de recharge publiques<\/strong> sur le territoire. En France<br \/>\n\u00e9galement, <a href=\"https:\/\/www.autoplus.fr\/actualite\/aides-a-lachat-bonus-ecologique-fiscalite-incitative-pourquoi-les-francais-ny-comprennent-plus-rien-1411906.html\" target=\"_blank\" rel=\"noopener\">la nouvelle forme du bonus<br \/>\n\u00e9cologique<\/a>, subventionn\u00e9 d\u00e9sormais par les certificats<br \/>\nd&rsquo;\u00e9conomie d&rsquo;\u00e9nergie et qui sera augment\u00e9 l&rsquo;ann\u00e9e prochaine peut<br \/>\naussi et \u00e0 sans doute eu un impact sur les ventes de voitures<br \/>\n\u00e9lectriques neuves.\u00a0\u00a0<\/p>\n","protected":false},"excerpt":{"rendered":"D\u00e9couvrez o\u00f9 en est la France dans l&rsquo;\u00e9lectrification de son parc automobile et si elle est en avance&hellip;\n","protected":false},"author":2,"featured_media":578883,"comment_status":"","ping_status":"","sticky":false,"template":"","format":"standard","meta":{"footnotes":""},"categories":[6],"tags":[35,33,34,1011,27,1638],"class_list":{"0":"post-578882","1":"post","2":"type-post","3":"status-publish","4":"format-standard","5":"has-post-thumbnail","7":"category-economie","8":"tag-business","9":"tag-economie","10":"tag-economy","11":"tag-fr","12":"tag-france","13":"tag-has_diapo"},"share_on_mastodon":{"url":"https:\/\/pubeurope.com\/@fr\/115664596817030204","error":""},"_links":{"self":[{"href":"https:\/\/www.europesays.com\/fr\/wp-json\/wp\/v2\/posts\/578882","targetHints":{"allow":["GET"]}}],"collection":[{"href":"https:\/\/www.europesays.com\/fr\/wp-json\/wp\/v2\/posts"}],"about":[{"href":"https:\/\/www.europesays.com\/fr\/wp-json\/wp\/v2\/types\/post"}],"author":[{"embeddable":true,"href":"https:\/\/www.europesays.com\/fr\/wp-json\/wp\/v2\/users\/2"}],"replies":[{"embeddable":true,"href":"https:\/\/www.europesays.com\/fr\/wp-json\/wp\/v2\/comments?post=578882"}],"version-history":[{"count":0,"href":"https:\/\/www.europesays.com\/fr\/wp-json\/wp\/v2\/posts\/578882\/revisions"}],"wp:featuredmedia":[{"embeddable":true,"href":"https:\/\/www.europesays.com\/fr\/wp-json\/wp\/v2\/media\/578883"}],"wp:attachment":[{"href":"https:\/\/www.europesays.com\/fr\/wp-json\/wp\/v2\/media?parent=578882"}],"wp:term":[{"taxonomy":"category","embeddable":true,"href":"https:\/\/www.europesays.com\/fr\/wp-json\/wp\/v2\/categories?post=578882"},{"taxonomy":"post_tag","embeddable":true,"href":"https:\/\/www.europesays.com\/fr\/wp-json\/wp\/v2\/tags?post=578882"}],"curies":[{"name":"wp","href":"https:\/\/api.w.org\/{rel}","templated":true}]}}