{"id":578884,"date":"2025-12-05T02:27:31","date_gmt":"2025-12-05T02:27:31","guid":{"rendered":"https:\/\/www.europesays.com\/fr\/578884\/"},"modified":"2025-12-05T02:27:31","modified_gmt":"2025-12-05T02:27:31","slug":"cette-plainte-du-new-york-times-narrange-pas-le-pentagone-deja-dans-la-tourmente","status":"publish","type":"post","link":"https:\/\/www.europesays.com\/fr\/578884\/","title":{"rendered":"Cette plainte du \u00ab\u00a0New York Times\u00a0\u00bb n\u2019arrange pas le Pentagone d\u00e9j\u00e0 dans la tourmente"},"content":{"rendered":"<p>        <img decoding=\"async\" loading=\"lazy\" src=\"https:\/\/www.europesays.com\/fr\/wp-content\/uploads\/2025\/12\/39187c0_upload-1-dzdhieo5f0yf-afp-20250917-bender-notitle250916-np685-v1-highres-presidentdonaldtrum.jpeg\"  width=\"728\" height=\"410\" alt=\"Le si\u00e8ge du \u00ab\u00a0New York Times\u00a0\u00bb \u00e0 New York, le 16\u00a0septembre 2025.\"\/>  <\/p>\n<p>MELISSA BENDER \/ NurPhoto via AFP<\/p>\n<p>Le si\u00e8ge du \u00ab\u00a0New York Times\u00a0\u00bb \u00e0 New York, le 16\u00a0septembre 2025.<\/p>\n<p class=\"asset asset-text\">Voil\u00e0 qui ne devrait pas arranger la relation qu\u2019entretient Donald Trump <a href=\"https:\/\/www.huffingtonpost.fr\/international\/article\/donald-trump-degoupille-contre-le-new-york-times-et-sa-journaliste-apres-un-article-sur-son-age_257571.html\" target=\"_blank\" rel=\"noopener\" title=\"Nouvelle fen\u00eatre\">avec le plus grand journal du monde<\/a>. Le New York Times a annonc\u00e9 ce jeudi 4\u00a0d\u00e9cembre <a href=\"https:\/\/www.nytimes.com\/2025\/12\/04\/business\/media\/new-york-times-pentagon-lawsuit.html\" target=\"_blank\" rel=\"noopener\" title=\"Nouvelle fen\u00eatre\">avoir lanc\u00e9 une action en justice contre le Pentagone<\/a>, pour avoir mis en \u0153uvre une s\u00e9rie de mesures restrictives \u00e0 l\u2019\u00e9gard de la presse qu\u2019il juge contraires \u00e0 la Constitution.<\/p>\n<p class=\"asset asset-text\">Le minist\u00e8re am\u00e9ricain de la D\u00e9fense, r\u00e9cemment rebaptis\u00e9 \u00ab\u00a0minist\u00e8re de la Guerre\u00a0\u00bb par l\u2019administration Trump, a drastiquement resserr\u00e9 son contr\u00f4le sur la presse.<\/p>\n<p class=\"asset asset-text\">Dans un document r\u00e9cent, presque unanimement rejet\u00e9 par la presse am\u00e9ricaine et internationale, dont l\u2019AFP, le minist\u00e8re a demand\u00e9 aux journalistes accr\u00e9dit\u00e9s ne plus solliciter ni publier certaines informations sans autorisation explicite de sa part, au risque de perdre leur accr\u00e9ditation.<\/p>\n<p class=\"asset asset-text\">Dans le texte de son action en justice, engag\u00e9e devant une cour de Washington, le New York Times avance que le gouvernement viole \u00e0 travers ces r\u00e8gles le premier amendement de la Constitution am\u00e9ricaine, qui garantit cinq libert\u00e9s fondamentales, dont celle de la presse.<\/p>\n<p class=\"asset asset-text\">L\u2019administration \u00ab\u00a0cherche \u00e0 restreindre la capacit\u00e9 des journalistes \u00e0 faire ce qu\u2019ils ont toujours fait &#8211; poser des questions aux employ\u00e9s du gouvernement et recueillir des informations pour rapporter des faits qui vont au-del\u00e0 des d\u00e9clarations officielles\u00a0\u00bb.<\/p>\n<p>    Des journalistes de plus en plus restreints    <\/p>\n<p class=\"asset asset-text\">Le document que le Pentagone a demand\u00e9 aux journalistes de signer s\u2019inscrit dans une offensive plus large, men\u00e9e depuis le retour au pouvoir de Donald Trump, <a href=\"https:\/\/www.huffingtonpost.fr\/international\/article\/aux-etats-unis-meme-les-medias-pro-trump-s-opposent-cette-regle-du-pentagone-pour-restreindre-la-presse_256011.html\" target=\"_blank\" rel=\"noopener\">restreignant leur acc\u00e8s au minist\u00e8re de la D\u00e9fense<\/a> &#8211; premier employeur du pays avec un budget annuel de plusieurs centaines de milliards de dollars.<\/p>\n<p class=\"asset asset-text\">Dans les mois pr\u00e9c\u00e9dents, le minist\u00e8re <a href=\"https:\/\/www.huffingtonpost.fr\/international\/article\/les-journalistes-sont-desormais-personae-non-gratae-dans-une-partie-de-la-maison-blanche_256650.html\" target=\"_blank\" rel=\"noopener\">a d\u00e9log\u00e9 de leurs bureaux au Pentagone huit m\u00e9dias<\/a>, dont le New York Times, le Washington Post et CNN. Les conf\u00e9rences de presse y ont \u00e9t\u00e9 drastiquement r\u00e9duites.<\/p>\n<p class=\"asset asset-text\">Le minist\u00e8re a \u00e9galement restreint les d\u00e9placements des journalistes \u00e0 l\u2019int\u00e9rieur du site, en leur imposant d\u2019\u00eatre escort\u00e9s en dehors d\u2019un nombre limit\u00e9 de zones.<\/p>\n<p class=\"asset asset-text\">Actuellement, le Pentagone doit par ailleurs faire face \u00e0 plusieurs affaires qui lui empoisonnent la vie. Pas plus tard que mercredi, des m\u00e9dias am\u00e9ricains ont ainsi rapport\u00e9 qu\u2019un organe ind\u00e9pendant au sein du Pentagone a estim\u00e9 que Pete Hegseth, ancien pr\u00e9sentateur t\u00e9l\u00e9vis\u00e9, avait potentiellement mis ses troupes en danger avant l\u2019\u00e9t\u00e9, <a href=\"https:\/\/www.huffingtonpost.fr\/international\/article\/pete-hegseth-et-le-signalgate-2-jusqu-ou-trump-pourra-t-il-tolerer-les-boulettes-de-securite-du-chef-du-pentagone_249087.html\" target=\"_blank\" rel=\"noopener\">en utilisant la messagerie Signal avant des frappes au Y\u00e9men<\/a>.<\/p>\n<p class=\"asset asset-text\">Dans un autre dossier br\u00fblant, le ministre peine aussi \u00e0 justifier une op\u00e9ration en septembre au cours de laquelle <a href=\"https:\/\/www.huffingtonpost.fr\/international\/article\/etats-unis-venezuela-on-vous-resume-les-4-mois-de-tensions-croissantes-entre-les-deux-pays_257644.html\" target=\"_blank\" rel=\"noopener\">l\u2019arm\u00e9e am\u00e9ricaine<\/a> a frapp\u00e9 deux fois un m\u00eame navire en mer des Cara\u00efbes, afin de tuer les survivants de la premi\u00e8re salve.<\/p>\n","protected":false},"excerpt":{"rendered":"MELISSA BENDER \/ NurPhoto via AFP Le si\u00e8ge du \u00ab\u00a0New York Times\u00a0\u00bb \u00e0 New York, le 16\u00a0septembre 2025.&hellip;\n","protected":false},"author":2,"featured_media":578885,"comment_status":"","ping_status":"","sticky":false,"template":"","format":"standard","meta":{"footnotes":""},"categories":[5],"tags":[11,73,1011,27,14,500,15789,12,1068,28],"class_list":{"0":"post-578884","1":"post","2":"type-post","3":"status-publish","4":"format-standard","5":"has-post-thumbnail","7":"category-international","8":"tag-actualites","9":"tag-etats-unis","10":"tag-fr","11":"tag-france","12":"tag-international","13":"tag-medias","14":"tag-new-york-times","15":"tag-news","16":"tag-pentagone","17":"tag-world"},"share_on_mastodon":{"url":"https:\/\/pubeurope.com\/@fr\/115664601597066007","error":""},"_links":{"self":[{"href":"https:\/\/www.europesays.com\/fr\/wp-json\/wp\/v2\/posts\/578884","targetHints":{"allow":["GET"]}}],"collection":[{"href":"https:\/\/www.europesays.com\/fr\/wp-json\/wp\/v2\/posts"}],"about":[{"href":"https:\/\/www.europesays.com\/fr\/wp-json\/wp\/v2\/types\/post"}],"author":[{"embeddable":true,"href":"https:\/\/www.europesays.com\/fr\/wp-json\/wp\/v2\/users\/2"}],"replies":[{"embeddable":true,"href":"https:\/\/www.europesays.com\/fr\/wp-json\/wp\/v2\/comments?post=578884"}],"version-history":[{"count":0,"href":"https:\/\/www.europesays.com\/fr\/wp-json\/wp\/v2\/posts\/578884\/revisions"}],"wp:featuredmedia":[{"embeddable":true,"href":"https:\/\/www.europesays.com\/fr\/wp-json\/wp\/v2\/media\/578885"}],"wp:attachment":[{"href":"https:\/\/www.europesays.com\/fr\/wp-json\/wp\/v2\/media?parent=578884"}],"wp:term":[{"taxonomy":"category","embeddable":true,"href":"https:\/\/www.europesays.com\/fr\/wp-json\/wp\/v2\/categories?post=578884"},{"taxonomy":"post_tag","embeddable":true,"href":"https:\/\/www.europesays.com\/fr\/wp-json\/wp\/v2\/tags?post=578884"}],"curies":[{"name":"wp","href":"https:\/\/api.w.org\/{rel}","templated":true}]}}