{"id":578892,"date":"2025-12-05T02:31:27","date_gmt":"2025-12-05T02:31:27","guid":{"rendered":"https:\/\/www.europesays.com\/fr\/578892\/"},"modified":"2025-12-05T02:31:27","modified_gmt":"2025-12-05T02:31:27","slug":"compositions-chaine-tv-heure-et-cotes-33","status":"publish","type":"post","link":"https:\/\/www.europesays.com\/fr\/578892\/","title":{"rendered":"Compositions, Cha\u00eene TV, Heure et Cotes"},"content":{"rendered":"<p style=\"text-align: justify;\"><strong>LIGUE 2 2025-2026 \u2013 \u00c0 quelle heure et sur quelle cha\u00eene TV suivre le match de Ligue 2 entre Dunkerque et Saint-\u00c9tienne ? Retrouvez \u00e9galement les compositions des deux \u00e9quipes.<\/strong><\/p>\n<p style=\"text-align: justify;\"><strong>Dunkerque<\/strong> r\u00e9alise un d\u00e9but de saison int\u00e9ressant en Ligue 2 et pointe au neuvi\u00e8me rang. Toutes comp\u00e9titions confondues, le club du <strong>Nord<\/strong> reste sur une s\u00e9rie de sept matchs sans la moindre d\u00e9faite. Le week-end dernier, les <strong>Dunkerquois<\/strong> se sont qualifi\u00e9s pour les 32es de finale de la Coupe de France en dominant largement <strong>Abbeville<\/strong>.<\/p>\n<p>Saint-\u00c9tienne sur sa lanc\u00e9e ?<\/p>\n<p style=\"text-align: justify;\">Apr\u00e8s un passage \u00e0 vide, <strong>Saint-\u00c9tienne<\/strong> a retrouv\u00e9 la forme depuis quelques semaines et reste sur quatre victoires toutes comp\u00e9titions confondues. En championnat, les Verts ont remport\u00e9 deux rencontres importantes face \u00e0 <strong>Troyes<\/strong> et <strong>Nancy<\/strong>. En Coupe de France, les St\u00e9phanois ont \u00e9cras\u00e9 <strong>Ecotay-Moingt<\/strong> 11-1 pour rejoindre les 32es de finale.<\/p>\n<p style=\"text-align: justify;\">Lors de la saison 2023-2024, <strong>Dunkerque<\/strong> s\u2019\u00e9tait impos\u00e9 \u00e0 la maison face \u00e0 <strong>Saint-\u00c9tienne<\/strong>. Chez les bookmakers, il n\u2019y a pas vraiment de favori pour cette rencontre de la 16e journ\u00e9e de <strong>Ligue 2<\/strong>.<\/p>\n<p>Ligue 2 : Le programme TV de Dunkerque \u2013 Saint-\u00c9tienne<br \/>\nSamedi 6 d\u00e9cembre 2025<\/p>\n<p style=\"text-align: justify;\"><b>Match diffus\u00e9 sur beIN SPORTS 2<\/b><b>\u00a0: <\/b>D\u00e9but du match \u00e0<strong> 20h00.<\/strong><\/p>\n<p>Les compositions de Dunkerque \u2013 Saint-\u00c9tienne<br \/>\nLa composition probable de Dunkerque<\/p>\n<p style=\"text-align: justify;\">\u00c0 venir\u2026<\/p>\n<p>La composition probable de Saint-\u00c9tienne<\/p>\n<p style=\"text-align: justify;\">\u00c0 venir\u2026<\/p>\n<p>Les cotes de Dunkerque \u2013 Saint-\u00c9tienne<\/p>\n<tr style=\"height: 16px;\">\n<td style=\"background-color: #404040; border-color: #ededed; width: 840px; text-align: left;\" colspan=\"3\"><strong><img loading=\"lazy\" decoding=\"async\" class=\"alignnone wp-image-512842 perfmatters-lazy\" alt=\"\" width=\"14\" height=\"13\" src=\"https:\/\/www.europesays.com\/fr\/wp-content\/uploads\/2025\/05\/Logo-Winamax.png\"  data-\/> Samedi 6 d\u00e9cembre, 20h00<\/strong><\/td>\n<\/tr>\n<tr style=\"height: 24px;\">\n<td style=\"background-color: #ffffff; border-color: #ededed; vertical-align: middle; text-align: center; width: 266px;\"><strong>Dunkerque<br \/><\/strong><a href=\"https:\/\/www.winamax.fr\/paris-sportifs\/match\/61527622?banid=33423\" class=\"su-button su-button-style-flat su-button-wide\" style=\"color:#000;background-color:#00ffcf;border-color:#00cca6;border-radius:5px\" target=\"_blank\" rel=\"noopener noreferrer\"> 2.55<\/a><\/td>\n<td style=\"background-color: #ffffff; border-color: #ededed; vertical-align: middle; text-align: center; width: 266px;\"><strong>Match nul<\/strong><br \/><a href=\"https:\/\/www.winamax.fr\/paris-sportifs\/match\/61527622?banid=33423\" class=\"su-button su-button-style-flat su-button-wide\" style=\"color:#000;background-color:#00ffcf;border-color:#00cca6;border-radius:5px\" target=\"_blank\" rel=\"noopener noreferrer\"> 3.30<\/a><\/td>\n<td style=\"background-color: #ffffff; border-color: #ededed; vertical-align: middle; text-align: center; width: 266px;\"><strong>Saint-\u00c9tienne<\/strong><br \/><a href=\"https:\/\/www.winamax.fr\/paris-sportifs\/match\/61527622?banid=33423\" class=\"su-button su-button-style-flat su-button-wide\" style=\"color:#000;background-color:#00ffcf;border-color:#00cca6;border-radius:5px\" target=\"_blank\" rel=\"noopener noreferrer\"> 2.45<\/a><\/td>\n<\/tr>\n<p style=\"text-align: justify;\">Tentez votre chance en profitant de votre <a href=\"https:\/\/www.winamax.fr\/registration\/landing\/affiliation_Bonus100?banid=33423\" target=\"_blank\" rel=\"noopener\">1er d\u00e9p\u00f4t doubl\u00e9 jusqu\u2019\u00e0 100 \u20ac<\/a> direct en paris gratuits sur Winamax !<\/p>\n","protected":false},"excerpt":{"rendered":"LIGUE 2 2025-2026 \u2013 \u00c0 quelle heure et sur quelle cha\u00eene TV suivre le match de Ligue 2&hellip;\n","protected":false},"author":2,"featured_media":578893,"comment_status":"","ping_status":"","sticky":false,"template":"","format":"standard","meta":{"footnotes":""},"categories":[9653],"tags":[1111,11,461,2430,2113,1777,674,63,1011,27,12,502,25,4001],"class_list":{"0":"post-578892","1":"post","2":"type-post","3":"status-publish","4":"format-standard","5":"has-post-thumbnail","7":"category-saint-etienne","8":"tag-actu","9":"tag-actualites","10":"tag-asse","11":"tag-auvergne-rhone-alpes","12":"tag-breve","13":"tag-eu","14":"tag-europe","15":"tag-football","16":"tag-fr","17":"tag-france","18":"tag-news","19":"tag-programme-tv","20":"tag-republique-francaise","21":"tag-saint-etienne"},"share_on_mastodon":{"url":"https:\/\/pubeurope.com\/@fr\/115664617327284867","error":""},"_links":{"self":[{"href":"https:\/\/www.europesays.com\/fr\/wp-json\/wp\/v2\/posts\/578892","targetHints":{"allow":["GET"]}}],"collection":[{"href":"https:\/\/www.europesays.com\/fr\/wp-json\/wp\/v2\/posts"}],"about":[{"href":"https:\/\/www.europesays.com\/fr\/wp-json\/wp\/v2\/types\/post"}],"author":[{"embeddable":true,"href":"https:\/\/www.europesays.com\/fr\/wp-json\/wp\/v2\/users\/2"}],"replies":[{"embeddable":true,"href":"https:\/\/www.europesays.com\/fr\/wp-json\/wp\/v2\/comments?post=578892"}],"version-history":[{"count":0,"href":"https:\/\/www.europesays.com\/fr\/wp-json\/wp\/v2\/posts\/578892\/revisions"}],"wp:featuredmedia":[{"embeddable":true,"href":"https:\/\/www.europesays.com\/fr\/wp-json\/wp\/v2\/media\/578893"}],"wp:attachment":[{"href":"https:\/\/www.europesays.com\/fr\/wp-json\/wp\/v2\/media?parent=578892"}],"wp:term":[{"taxonomy":"category","embeddable":true,"href":"https:\/\/www.europesays.com\/fr\/wp-json\/wp\/v2\/categories?post=578892"},{"taxonomy":"post_tag","embeddable":true,"href":"https:\/\/www.europesays.com\/fr\/wp-json\/wp\/v2\/tags?post=578892"}],"curies":[{"name":"wp","href":"https:\/\/api.w.org\/{rel}","templated":true}]}}