{"id":578900,"date":"2025-12-05T02:36:36","date_gmt":"2025-12-05T02:36:36","guid":{"rendered":"https:\/\/www.europesays.com\/fr\/578900\/"},"modified":"2025-12-05T02:36:36","modified_gmt":"2025-12-05T02:36:36","slug":"la-montpellieraine-cilcare-recompensee-dun-prix-europeen","status":"publish","type":"post","link":"https:\/\/www.europesays.com\/fr\/578900\/","title":{"rendered":"La montpelli\u00e9raine Cilcare r\u00e9compens\u00e9e d&rsquo;un prix europ\u00e9en"},"content":{"rendered":"<p>La biotech montpelli\u00e9raine <a href=\"https:\/\/www.touleco.fr\/Celia-Belline-Cilcare-La-France-est-le-meilleur-pays-pour-se,46613\" class=\"spip_in\" target=\"_blank\" rel=\"noopener\">Cilcare<\/a>, qui lutte contre les troubles auditifs, a \u00e9t\u00e9 r\u00e9compens\u00e9e lors des Enterprise Europe Network (EEN) Awards 2025, d\u00e9cern\u00e9s le 28\u00a0novembre \u00e0 Aalborg (Danemark). Ces prix europ\u00e9ens r\u00e9compensent chaque ann\u00e9e des PME pour leur parcours en mati\u00e8re d\u2019innovation, de coop\u00e9ration internationale et de r\u00e9ussite \u00e0 l\u2019export gr\u00e2ce \u00e0 l\u2019appui du <a href=\"https:\/\/www.horizon-europe.gouv.fr\/le-reseau-enterprise-europe-network-een-38112\" class=\"spip_out\" rel=\"external noopener\" target=\"_blank\">r\u00e9seau EEN<\/a> de la Commission europ\u00e9enne.<\/p>\n<p>Gr\u00e2ce au soutien de ce r\u00e9seau et de la CCI Occitanie, Cilcare a pu acc\u00e9l\u00e9rer son expansion en Europe et en Asie au travers de sa participation \u00e0 des missions sectorielles au Japon ou des candidatures \u00e0 des programmes de financements europ\u00e9ens. Cette strat\u00e9gie a conduit, par exemple, \u00e0 un accord de licence initial de 15 millions d\u2019euros sign\u00e9 en 2024 avec le groupe pharmaceutique japonais Shionogi.<\/p>\n","protected":false},"excerpt":{"rendered":"La biotech montpelli\u00e9raine Cilcare, qui lutte contre les troubles auditifs, a \u00e9t\u00e9 r\u00e9compens\u00e9e lors des Enterprise Europe Network&hellip;\n","protected":false},"author":2,"featured_media":373637,"comment_status":"","ping_status":"","sticky":false,"template":"","format":"standard","meta":{"footnotes":""},"categories":[9599],"tags":[1111,11,1777,674,1011,27,8701,2208,12,2680,25,71],"class_list":{"0":"post-578900","1":"post","2":"type-post","3":"status-publish","4":"format-standard","5":"has-post-thumbnail","7":"category-montpellier","8":"tag-actu","9":"tag-actualites","10":"tag-eu","11":"tag-europe","12":"tag-fr","13":"tag-france","14":"tag-medical","15":"tag-montpellier","16":"tag-news","17":"tag-occitanie","18":"tag-republique-francaise","19":"tag-sante"},"share_on_mastodon":{"url":"https:\/\/pubeurope.com\/@fr\/115664636104771040","error":""},"_links":{"self":[{"href":"https:\/\/www.europesays.com\/fr\/wp-json\/wp\/v2\/posts\/578900","targetHints":{"allow":["GET"]}}],"collection":[{"href":"https:\/\/www.europesays.com\/fr\/wp-json\/wp\/v2\/posts"}],"about":[{"href":"https:\/\/www.europesays.com\/fr\/wp-json\/wp\/v2\/types\/post"}],"author":[{"embeddable":true,"href":"https:\/\/www.europesays.com\/fr\/wp-json\/wp\/v2\/users\/2"}],"replies":[{"embeddable":true,"href":"https:\/\/www.europesays.com\/fr\/wp-json\/wp\/v2\/comments?post=578900"}],"version-history":[{"count":0,"href":"https:\/\/www.europesays.com\/fr\/wp-json\/wp\/v2\/posts\/578900\/revisions"}],"wp:featuredmedia":[{"embeddable":true,"href":"https:\/\/www.europesays.com\/fr\/wp-json\/wp\/v2\/media\/373637"}],"wp:attachment":[{"href":"https:\/\/www.europesays.com\/fr\/wp-json\/wp\/v2\/media?parent=578900"}],"wp:term":[{"taxonomy":"category","embeddable":true,"href":"https:\/\/www.europesays.com\/fr\/wp-json\/wp\/v2\/categories?post=578900"},{"taxonomy":"post_tag","embeddable":true,"href":"https:\/\/www.europesays.com\/fr\/wp-json\/wp\/v2\/tags?post=578900"}],"curies":[{"name":"wp","href":"https:\/\/api.w.org\/{rel}","templated":true}]}}