{"id":578901,"date":"2025-12-05T02:37:16","date_gmt":"2025-12-05T02:37:16","guid":{"rendered":"https:\/\/www.europesays.com\/fr\/578901\/"},"modified":"2025-12-05T02:37:16","modified_gmt":"2025-12-05T02:37:16","slug":"file-moi-les-200-euros-ou-je-te-plante-un-faux-rendez-vous-tarife-se-transforme-en-extorsion-au-couteau-pour-un-aveyronnais-a-montpellier","status":"publish","type":"post","link":"https:\/\/www.europesays.com\/fr\/578901\/","title":{"rendered":"\u00ab\u00a0File-moi les 200 euros ou je te plante\u00a0\u00bb : un faux rendez-vous tarif\u00e9 se transforme en extorsion au couteau pour un Aveyronnais \u00e0 Montpellier"},"content":{"rendered":"<p>\n                                                                Les faits ont eu lieu lundi 1er\u00a0d\u00e9cembre en d\u00e9but de soir\u00e9e dans le quartier Alco \u00e0 Montpellier. Le couple, appr\u00e9hend\u00e9 par la Bac sur d\u00e9nonciation de la victime originaire de Millau, a \u00e9t\u00e9 d\u00e9f\u00e9r\u00e9 ce mercredi 3 d\u00e9cembre au parquet.\n                            <\/p>\n<p>Un rendez-vous pris sur un site de rencontre, sur Internet, a tourn\u00e9 au guet-apens, ce lundi 1er\u00a0d\u00e9cembre, \u00e0 Montpellier. Vers 22\u00a0heures en effet, la police a \u00e9t\u00e9\u00a0alert\u00e9e par un individu affirmant qu\u2019il venait d\u2019\u00eatre\u00a0victime d\u2019une extorsion avec arme. Apr\u00e8s des \u00e9changes en ligne, un rendez-vous avait \u00e9t\u00e9 fix\u00e9 aux abords de l\u2019avenue du P\u00e8re-Soulas, dans le quartier Alco, vers 21\u00a0h\u00a030.\u00a0Venu\u00a0sp\u00e9cialement depuis Millau, il pensait rencontrer une escort-girl\u00a0pour une relation tarif\u00e9e.<\/p>\n<p>Mais sur place, l\u2019homme est accueilli par une femme qui ne correspond en rien aux photos pr\u00e9sent\u00e9es sur le site. Apr\u00e8s avoir montr\u00e9 son m\u00e9contentement, sentant le traquenard, il a pr\u00e9text\u00e9\u00a0avoir oubli\u00e9 son argent dans son v\u00e9hicule, avec la ferme intention de prendre la tangente. Mais il n\u2019en a\u00a0pas eu le temps. Car son h\u00f4te n\u2019\u00e9tait pas seule. Un individu a en effet surgi de nulle part, arme blanche \u00e0 la main, mena\u00e7ant\u00a0de le planter s\u2019il ne lui remettait pas les 200\u00a0euros qui avaient \u00e9t\u00e9 convenus \u00e0 la prise de rendez-vous. Sous la contrainte, le Millavois s\u2019est ex\u00e9cut\u00e9 avant de voir le couple prendre la fuite.<\/p>\n<p>Un heureux hasard<\/p>\n<p>Mais alors qu\u2019il errait dans le secteur comme une \u00e2me en peine, l\u2019Aveyronnais\u00a0a reconnu\u00a0le duo infernal dans un \u00e9tablissement de restauration rapide. Eu \u00e9gard \u00e0 cet heureux hasard, il n\u2019a pas h\u00e9sit\u00e9 une seule seconde et a alert\u00e9 imm\u00e9diatement les forces de l\u2019ordre. D\u00e9p\u00each\u00e9s sur place, les policiers de la\u00a0brigade anticriminalit\u00e9 n\u2019ont pas mis longtemps \u00e0 proc\u00e9der\u00a0\u00e0 l\u2019interpellation du couple. Un homme de 40 ans et une femme de 37 ans, formellement identifi\u00e9s par la victime.<\/p>\n<p>Lors de la garde \u00e0 vue, un \u00e9l\u00e9ment cl\u00e9 a \u00e9t\u00e9 confirm\u00e9, la trentenaire interpell\u00e9e n\u2019est pas celle du site de rencontre. Et pour cause, l\u2019auteur principal utilisait en r\u00e9alit\u00e9 le compte d\u2019une ancienne compagne, escort-girl, dont il poss\u00e9dait encore les identifiants. Il se serait servi de ce profil pour attirer des hommes avant de les d\u00e9trousser.<\/p>\n<p>Une dizaine d\u2019extorsions reconnues en un an<\/p>\n<p>En audition, il a reconnu avoir commis ce type de faits \u00e0 une dizaine de reprises en 2025, avec ou sans complice f\u00e9minine d\u2019ailleurs. Deux autres victimes ont d\u00e9j\u00e0 \u00e9t\u00e9 identifi\u00e9es par les services de police. L\u2019une pour des faits de d\u00e9but d\u00e9cembre. La seconde\u00a0de\u00a0janvier. Les autres personnes d\u00e9trouss\u00e9es n\u2019ont peut-\u00eatre pas\u00a0port\u00e9 plainte, compte tenu du contexte.<\/p>\n<p>\u00c0 l\u2019issue de leur garde \u00e0 vue, le quadrag\u00e9naire et son amie\u00a0ont \u00e9t\u00e9 d\u00e9f\u00e9r\u00e9s ce mercredi 3\u00a0d\u00e9cembre devant le parquet de Montpellier pour extorsion avec arme et complicit\u00e9.<\/p>\n","protected":false},"excerpt":{"rendered":"Les faits ont eu lieu lundi 1er\u00a0d\u00e9cembre en d\u00e9but de soir\u00e9e dans le quartier Alco \u00e0 Montpellier. Le&hellip;\n","protected":false},"author":2,"featured_media":578902,"comment_status":"","ping_status":"","sticky":false,"template":"","format":"standard","meta":{"footnotes":""},"categories":[9599],"tags":[1111,11,18483,1777,674,118,1011,27,6209,2208,12,2680,25],"class_list":{"0":"post-578901","1":"post","2":"type-post","3":"status-publish","4":"format-standard","5":"has-post-thumbnail","7":"category-montpellier","8":"tag-actu","9":"tag-actualites","10":"tag-aveyron","11":"tag-eu","12":"tag-europe","13":"tag-faits-divers","14":"tag-fr","15":"tag-france","16":"tag-millau","17":"tag-montpellier","18":"tag-news","19":"tag-occitanie","20":"tag-republique-francaise"},"share_on_mastodon":{"url":"https:\/\/pubeurope.com\/@fr\/115664639940593506","error":""},"_links":{"self":[{"href":"https:\/\/www.europesays.com\/fr\/wp-json\/wp\/v2\/posts\/578901","targetHints":{"allow":["GET"]}}],"collection":[{"href":"https:\/\/www.europesays.com\/fr\/wp-json\/wp\/v2\/posts"}],"about":[{"href":"https:\/\/www.europesays.com\/fr\/wp-json\/wp\/v2\/types\/post"}],"author":[{"embeddable":true,"href":"https:\/\/www.europesays.com\/fr\/wp-json\/wp\/v2\/users\/2"}],"replies":[{"embeddable":true,"href":"https:\/\/www.europesays.com\/fr\/wp-json\/wp\/v2\/comments?post=578901"}],"version-history":[{"count":0,"href":"https:\/\/www.europesays.com\/fr\/wp-json\/wp\/v2\/posts\/578901\/revisions"}],"wp:featuredmedia":[{"embeddable":true,"href":"https:\/\/www.europesays.com\/fr\/wp-json\/wp\/v2\/media\/578902"}],"wp:attachment":[{"href":"https:\/\/www.europesays.com\/fr\/wp-json\/wp\/v2\/media?parent=578901"}],"wp:term":[{"taxonomy":"category","embeddable":true,"href":"https:\/\/www.europesays.com\/fr\/wp-json\/wp\/v2\/categories?post=578901"},{"taxonomy":"post_tag","embeddable":true,"href":"https:\/\/www.europesays.com\/fr\/wp-json\/wp\/v2\/tags?post=578901"}],"curies":[{"name":"wp","href":"https:\/\/api.w.org\/{rel}","templated":true}]}}