{"id":57891,"date":"2025-04-27T23:10:12","date_gmt":"2025-04-27T23:10:12","guid":{"rendered":"https:\/\/www.europesays.com\/fr\/57891\/"},"modified":"2025-04-27T23:10:12","modified_gmt":"2025-04-27T23:10:12","slug":"bruno-retailleau-pointe-du-doigt-a-la-manifestation-contre-lislamophobie-a-paris","status":"publish","type":"post","link":"https:\/\/www.europesays.com\/fr\/57891\/","title":{"rendered":"Bruno Retailleau point\u00e9 du doigt \u00e0 la manifestation \u00abcontre l\u2019islamophobie\u00bb \u00e0 Paris"},"content":{"rendered":"<p><strong>REPORTAGE <\/strong>&#8211; Apr\u00e8s le meurtre d\u2019un musulman dans une mosqu\u00e9e du Gard vendredi, la gauche a appel\u00e9 \u00e0 une mobilisation place de la R\u00e9publique dimanche soir. Le nom du ministre de l\u2019Int\u00e9rieur, accus\u00e9 d\u2019attiser la haine anti-musulmane, \u00e9tait sur toutes les l\u00e8vres.<\/p>\n<p class=\"fig-paragraph\">\u00ab\u00c7a, c\u2019est la faute \u00e0 Retailleau\u00bb, souffle une manifestante. \u00abOui, tout est \u00e0 cause de lui\u00bb, rench\u00e9rit sa voisine, coiff\u00e9e d\u2019un voile musulman. Le nom du\u00a0<a href=\"http:\/\/www.lefigaro.fr\/actualite-france\/dans-le-gard-bruno-retailleau-promet-que-le-meurtrier-sera-retrouve-et-puni-20250427\" target=\"_blank\" data-fig-type=\"Article\" rel=\"noopener\" data-gtm-custom-categorie=\"navigation\" data-gtm-custom-action=\"crossclick\" data-gtm-custom-label=\"Contextuel\" data-gtm-event=\"customEventSPE\" data-fig-domain=\"LEFIGARO\">ministre de l\u2019Int\u00e9rieur<\/a>\u00a0est sur toutes les l\u00e8vres, ce dimanche soir, place de la R\u00e9publique \u00e0 Paris, au rassemblement \u00abcontre l\u2019islamophobie\u00bb. Cet appel, lanc\u00e9 par des internautes et relay\u00e9 par Jean-Luc M\u00e9lenchon et plusieurs autres personnalit\u00e9s de gauche, est survenu deux jours apr\u00e8s la\u00a0<a href=\"http:\/\/www.lefigaro.fr\/actualite-france\/vive-emotion-apres-l-assassinat-d-un-jeune-musulman-dans-le-gard-20250427\" target=\"_blank\" data-fig-type=\"Article\" rel=\"noopener\" data-gtm-custom-categorie=\"navigation\" data-gtm-custom-action=\"crossclick\" data-gtm-custom-label=\"Contextuel\" data-gtm-event=\"customEventSPE\" data-fig-domain=\"LEFIGARO\">mort d\u2019un musulman dans une mosqu\u00e9e du Gard<\/a>\u00a0vendredi. Son meurtre sauvage par un Fran\u00e7ais d\u2019origine bosniaque qui l\u2019a lac\u00e9r\u00e9 de dizaines de coups de couteau a sem\u00e9 l\u2019\u00e9moi dans la communaut\u00e9 musulmane de France.<\/p>\n<p class=\"fig-paragraph\">Le rassemblement n\u2019a pourtant pas soulev\u00e9 les foules. Quelques centaines de personnes sont pr\u00e9sentes, avec autant de keffiehs, drapeaux palestiniens et voiles musulmans que de sarouels, de jeans ou de vestes en tweed. Ils \u00e9voquent p\u00eale-m\u00eale leurs raisons d\u2019\u00eatre ici. Fanny, en sweat violet et cheveux \u00e9bouriff\u00e9s, d\u00e9plore une \u00abinversion des valeurs\u00bb en France et un \u00abdiscours fascisant\u00bb, un \u00abendormissement des consciences sur fond de racisme d\u2019\u00c9tat\u00bb en citant l\u2019exemple des\u00a0<a href=\"http:\/\/www.lefigaro.fr\/vox\/societe\/incarnation-de-la-bien-pensance-de-gauche-la-directrice-de-la-gaite-lyrique-ne-rit-plus-du-tout-20250326\" target=\"_blank\" data-fig-type=\"Article\" rel=\"noopener\" data-gtm-custom-categorie=\"navigation\" data-gtm-custom-action=\"crossclick\" data-gtm-custom-label=\"Contextuel\" data-gtm-event=\"customEventSPE\" data-fig-domain=\"LEFIGARO\">jeunes de la Ga\u00eet\u00e9 lyrique<\/a>\u00a0\u00abqu\u2019on pourchasse dans les rues de Paris au lieu de reconna\u00eetre leur minorit\u00e9\u00bb. Albert et Fr\u00e9d\u00e9rique, eux, regrettent une \u00absale atmosph\u00e8re\u00bb qui veut sans cesse pointer \u00ables Arabes et les musulmans\u00bb. \u00abLe fait que Retailleau se soit d\u00e9plac\u00e9 48h apr\u00e8s sur les lieux du crime montre bien qu\u2019il y a un probl\u00e8me\u00bb, juge le mari, m\u00e9decin \u00e0 Paris. \u00ab\u00c0 Nantes (o\u00f9 un jeune<a href=\"http:\/\/www.lefigaro.fr\/nantes\/attaque-au-couteau-a-nantes-au-lendemain-du-drame-des-interrogations-sur-le-profil-du-tueur-20250425\" target=\"_blank\" data-fig-type=\"NewsFlash\" rel=\"noopener\" data-gtm-custom-categorie=\"navigation\" data-gtm-custom-action=\"crossclick\" data-gtm-custom-label=\"Contextuel\" data-gtm-event=\"customEventSPE\" data-fig-domain=\"LEFIGARO\">\u00a0a tu\u00e9 une adolescente<\/a>\u00a0au couteau jeudi dans un \u00e9tablissement priv\u00e9, NDLR) il s\u2019est pourtant pr\u00e9cipit\u00e9 sur place, pour faire tout un discours sur l\u2019ensauvagement de la jeunesse, l\u2019\u00e9ducation, etc.\u00bb, maugr\u00e9e le manifestant. Qui se dit pourtant fermement oppos\u00e9 \u00e0 la ligne de Jean-Luc M\u00e9lenchon, coupable \u00e0 ses yeux d\u2019un deux poids deux mesures entre l\u2019antis\u00e9mitisme et l\u2019islamophobie. Lui assure d\u00e9fendre les uns autant que les autres.<\/p>\n<p>\u00abRacisme d\u2019\u00c9tat\u00bb<\/p>\n<p class=\"fig-paragraph\">Derri\u00e8re le m\u00e9gaphone, les prises de paroles se succ\u00e8dent. D\u2019abord les proches de la victime, notamment le fr\u00e8re d\u2019Aboubakar qui, tout en retenue, invite \u00e0 \u00abfaire confiance \u00e0 la justice de notre pays\u00bb. \u00abCar ce qui fait une nation, c\u2019est la justice. Rien n\u2019est pire que si une partie du peuple se sent l\u00e9s\u00e9e par la justice qui l\u2019abandonne\u00bb, d\u00e9clare-t-il. Un autre invite \u00e0 prier pour la victime ainsi que pour celle de Nantes, \u00abnotre s\u0153ur\u00bb, et \u00abtous les martyrs de l\u2019islamophobie et du racisme\u00bb. \u00abQu\u2019Allah les accueille avec leurs familles, les purifie et nous lib\u00e8re de l\u2019islamophobie\u00bb. \u00abAmine\u00bb, r\u00e9pondent de nombreux manifestants dans la foule, les deux mains ouvertes face au ciel.<\/p>\n<p>    Une manifestante brandissant une pancarte sur la responsabilit\u00e9 de l\u2019\u00c9tat dans l\u2019\u00abislamophobie\u00bb ambiante en France.<br \/>\n                EP \/ Le Figaro<\/p>\n<p class=\"fig-paragraph\">Puis, le ton se fait plus politique quand le militant marxiste Anasse Kazib, ex-candidat \u00e0 la pr\u00e9sidentielle et syndicaliste \u00e0 SUD Rail, prend la parole. \u00abAboubakar n\u2019est pas victime que d\u2019un terroriste\u00bb, mais \u00abde tout le poids du racisme d\u2019\u00c9tat, de Macron \u00e0 Darmanin en passant par Retailleau\u00bb, clame le cheminot. \u00abNous sommes criminalis\u00e9s. Des milliers d\u2019entre nous sont asphyxi\u00e9s par la situation\u00a0! Combien de neveux, de ni\u00e8ces, quittent la France parce qu\u2019ils la trouvent irrespirable\u00a0? Il n\u2019y a pas d\u2019avenir\u00a0! C\u2019est \u00e7a que veulent les autorit\u00e9s\u00a0: chasser les musulmans\u00bb, s\u2019emporte le militant trotskiste. \u00abEst-ce qu\u2019on va accepter la violence islamophobe dans ce pays\u00a0? Non\u00a0! Est-ce qu\u2019on laissera nos fr\u00e8res s et nos s\u0153urs se faire agresser\u00a0? Non\u00a0!\u00bb, scande-t-il, exhortant \u00e0 \u00abutiliser tous les moyens, les cours de justice et la rue\u00bb. \u00ab Il va falloir se mobiliser comme lors de la marche contre l\u2019islamophobie, car ils ne comprennent que le rapport de force\u00a0!\u00bb.<\/p>\n<p class=\"fig-paragraph\">Quelques personnalit\u00e9s de gauche sont pr\u00e9sentes. C\u00f4t\u00e9 LFI, on aper\u00e7oit notamment les d\u00e9put\u00e9s Mathilde Panot, Aur\u00e9lie Trouv\u00e9, \u00c9ric Coquerel et l\u2019eurod\u00e9put\u00e9e et activiste palestinienne Rima Hassan. Chez les \u00c9cologistes, la secr\u00e9taire nationale du parti Marine Tondelier et le porte-parole \u00c9ric Piolle. Jean-Luc M\u00e9lenchon est l\u00e0 aussi, \u00e9mu aux larmes apr\u00e8s le t\u00e9moignage d\u2019une femme voil\u00e9e qui lui confie son angoisse et sa peine face \u00e0 l\u2019islamophobie ambiante. Il lui donne une chaleureuse accolade. Interrog\u00e9 par TF1, le leader de la France insoumise ne se prive pas d\u2019une saillie envers le ministre de l\u2019Int\u00e9rieur. \u00abCeux qui prononcent des paroles dont ils n\u2019ont plus le sens sont responsables\u00bb, l\u00e2che-t-il.<\/p>\n<p class=\"fig-paragraph\">Ces \u00abparoles\u00bb, c\u2019est notamment une phrase de Bruno Retailleau prononc\u00e9e lors d\u2019un rassemblement \u00abPour la R\u00e9publique\u00bb et \u00abcontre l\u2019islamisme\u00bb organis\u00e9 au D\u00f4me de Paris par le collectif \u00abAgir ensemble\u00bb. Le ministre y d\u00e9fendait l\u2019interdiction du voile musulman dans le sport en concluant\u00a0:\u00a0<a href=\"http:\/\/www.lefigaro.fr\/flash-actu\/vive-le-sport-et-donc-a-bas-le-voile-panot-saisit-le-procureur-de-la-republique-apres-la-formule-choc-de-retailleau-20250402\" target=\"_blank\" data-fig-type=\"NewsFlash\" rel=\"noopener\" data-gtm-custom-categorie=\"navigation\" data-gtm-custom-action=\"crossclick\" data-gtm-custom-label=\"Contextuel\" data-gtm-event=\"customEventSPE\" data-fig-domain=\"LEFIGARO\">\u00abVive le sport et donc \u00e0 bas le voile\u00a0!\u00bb.<\/a> \u00a0Cette sortie n\u2019est d\u00e9cid\u00e9ment pas pass\u00e9e aupr\u00e8s des personnes rassembl\u00e9es ce dimanche soir.<\/p>\n<p>Appel \u00e0 manifester le 11 mai<\/p>\n<p class=\"fig-paragraph\">\u00abIl encourage les gens \u00e0 avoir peur de l\u2019islam, des musulmans, de mani\u00e8re insidieuse\u00bb, estime Linda. Cette quarantenaire voil\u00e9e pr\u00e9sente dans la foule reconna\u00eet ne jamais lire ni regarder les m\u00e9dias, mais constater \u00e0 travers les r\u00e9seaux sociaux de nombreuses \u00abpetites phrases\u00bb qui t\u00e9moignent d\u2019une \u00abvolont\u00e9 de mettre les musulmans \u00e0 part\u00bb. \u00abComme si on n\u2019\u00e9tait pas Fran\u00e7ais. Je suis croyante, en effet \u00e7a se voit, mais je ne vais pas vous forcer \u00e0 vous convertir\u00a0!\u00bb, se r\u00e9crie Linda. Sa cousine Rania, voil\u00e9e aussi, consid\u00e8re que le meurtre d\u2019Aboubakar s\u2019inscrit dans une spirale de haine contre l\u2019islam d\u00e9j\u00e0 ancienne. Elle cite, comme exemple, la mani\u00e8re dont les m\u00e9dias couvrent le mois de ramadan. \u00abIls parlent de la p\u00e9nurie d\u2019huile d\u2019olive, ou cette ann\u00e9e des \u0153ufs, \u00e0 chaque fois en disant que c\u2019est \u00e0 cause du car\u00eame et des musulmans\u00bb, s\u2019offusque la jeune fille. \u00abIl est temps de dire stop\u00bb.<\/p>\n<p class=\"fig-paragraph\">C\u2019est encore au nom de Bruno Retailleau que J\u00e9r\u00f4me Guedj, d\u00e9put\u00e9 socialiste de l\u2019Essonne, a \u00e9t\u00e9\u00a0<a href=\"http:\/\/www.lefigaro.fr\/flash-actu\/ps-parti-sioniste-le-socialiste-jerome-guedj-chasse-d-un-rassemblement-contre-l-islamophobie-a-paris-20250427\" target=\"_blank\" data-fig-type=\"NewsFlash\" rel=\"noopener\" data-gtm-custom-categorie=\"navigation\" data-gtm-custom-action=\"crossclick\" data-gtm-custom-label=\"Contextuel\" data-gtm-event=\"customEventSPE\" data-fig-domain=\"LEFIGARO\">contraint de quitter le rassemblement<\/a>\u00a0sous les hu\u00e9es. \u00abC\u2019est \u00e0 cause de vous que Bruno Retailleau est ministre de l\u2019Int\u00e9rieur!\u00bb, le harangue un homme, faisant allusion \u00e0 la d\u00e9cision du PS de ne pas voter la censure contre le gouvernement Bayrou en f\u00e9vrier.<\/p>\n<p class=\"fig-paragraph\">La d\u00e9put\u00e9e LFI Aur\u00e9lie Trouv\u00e9, seule \u00e9lue \u00e0 se saisir du m\u00e9gaphone, d\u00e9coche \u00e0 son tour sa fl\u00e8che envers l\u2019h\u00f4te de la place Beauvau. \u00abL\u2019islamophobie tue, il faut le dire. Et des responsables politiques sont responsables de cela. Quand on parle de \u00ab\u00a0r\u00e9gression vers les origines ethniques\u00a0\u00bb, des \u00ab\u00a0belles heures de la colonisation\u00a0\u00bb, quand on veut interdire le voile dans le sport, qu\u2019est-ce que c\u2019est, si ce n\u2019est pas attiser la haine contre les musulmans\u00a0?\u00bb. Et l\u2019\u00e9lue d\u2019appeler \u00e0 une \u00abgrande marche nationale\u00bb le 11 mai prochain, toujours contre l\u2019islamophobie. \u00abSoyons tous ensemble dans la rue\u00a0!\u00bb, lance-t-elle avant de s\u2019exfiltrer du rassemblement vers 20h, en compagnie des autres \u00e9lus insoumis. Interrog\u00e9e par Le Figaro, l\u2019\u00e9lue r\u00e9fute toute instrumentalisation politique d\u2019une religion ou d\u2019une autre. \u00abLFI se serait mobilis\u00e9 pour le meurtre de n\u2019importe quel croyant. Nous d\u00e9fendons toutes les religions comme nous d\u00e9fendons la la\u00efcit\u00e9\u00bb, assure la d\u00e9put\u00e9e.<\/p>\n","protected":false},"excerpt":{"rendered":"REPORTAGE &#8211; Apr\u00e8s le meurtre d\u2019un musulman dans une mosqu\u00e9e du Gard vendredi, la gauche a appel\u00e9 \u00e0&hellip;\n","protected":false},"author":2,"featured_media":57892,"comment_status":"","ping_status":"","sticky":false,"template":"","format":"standard","meta":{"footnotes":""},"categories":[1888],"tags":[1111,1928,47,11,1927,1109,1112,1777,674,118,1108,107,1106,1107,1011,27,1110,1114,14,6269,12,1926,1113,626,1925,316,25],"class_list":{"0":"post-57891","1":"post","2":"type-post","3":"status-publish","4":"format-standard","5":"has-post-thumbnail","7":"category-paris","8":"tag-actu","9":"tag-actu-paris","10":"tag-actualite","11":"tag-actualites","12":"tag-actualites-paris","13":"tag-breves","14":"tag-depeches","15":"tag-eu","16":"tag-europe","17":"tag-faits-divers","18":"tag-fil","19":"tag-fil-info","20":"tag-flash","21":"tag-flash-actu","22":"tag-fr","23":"tag-france","24":"tag-informations","25":"tag-infos","26":"tag-international","27":"tag-islamophobie","28":"tag-news","29":"tag-news-paris","30":"tag-nouvelles","31":"tag-paris","32":"tag-paris-news","33":"tag-politique","34":"tag-republique-francaise"},"share_on_mastodon":{"url":"https:\/\/pubeurope.com\/@fr\/114412455448459028","error":""},"_links":{"self":[{"href":"https:\/\/www.europesays.com\/fr\/wp-json\/wp\/v2\/posts\/57891","targetHints":{"allow":["GET"]}}],"collection":[{"href":"https:\/\/www.europesays.com\/fr\/wp-json\/wp\/v2\/posts"}],"about":[{"href":"https:\/\/www.europesays.com\/fr\/wp-json\/wp\/v2\/types\/post"}],"author":[{"embeddable":true,"href":"https:\/\/www.europesays.com\/fr\/wp-json\/wp\/v2\/users\/2"}],"replies":[{"embeddable":true,"href":"https:\/\/www.europesays.com\/fr\/wp-json\/wp\/v2\/comments?post=57891"}],"version-history":[{"count":0,"href":"https:\/\/www.europesays.com\/fr\/wp-json\/wp\/v2\/posts\/57891\/revisions"}],"wp:featuredmedia":[{"embeddable":true,"href":"https:\/\/www.europesays.com\/fr\/wp-json\/wp\/v2\/media\/57892"}],"wp:attachment":[{"href":"https:\/\/www.europesays.com\/fr\/wp-json\/wp\/v2\/media?parent=57891"}],"wp:term":[{"taxonomy":"category","embeddable":true,"href":"https:\/\/www.europesays.com\/fr\/wp-json\/wp\/v2\/categories?post=57891"},{"taxonomy":"post_tag","embeddable":true,"href":"https:\/\/www.europesays.com\/fr\/wp-json\/wp\/v2\/tags?post=57891"}],"curies":[{"name":"wp","href":"https:\/\/api.w.org\/{rel}","templated":true}]}}