{"id":578910,"date":"2025-12-05T02:46:19","date_gmt":"2025-12-05T02:46:19","guid":{"rendered":"https:\/\/www.europesays.com\/fr\/578910\/"},"modified":"2025-12-05T02:46:19","modified_gmt":"2025-12-05T02:46:19","slug":"a-strasbourg-letat-veut-mieux-surveiller-4-usines-au-port-du-rhin","status":"publish","type":"post","link":"https:\/\/www.europesays.com\/fr\/578910\/","title":{"rendered":"\u00e0 Strasbourg, l\u2019\u00c9tat veut mieux surveiller 4 usines au Port du Rhin"},"content":{"rendered":"<p>    <img loading=\"lazy\" width=\"1800\" height=\"900\" src=\"https:\/\/www.europesays.com\/fr\/wp-content\/uploads\/2025\/11\/jeanne-callthepolice.jpg\" class=\"attachment-full size-full\" alt=\"\" id=\"imageLove\" decoding=\"async\"  \/><\/p>\n<p id=\"breadcrumbs\"><a href=\"https:\/\/pokaa.fr\/\" target=\"_blank\" rel=\"noopener\">Accueil<\/a> \/ <a href=\"https:\/\/pokaa.fr\/categories\/actu\/\" target=\"_blank\" rel=\"noopener\">Info locale<\/a> \/ Air trop pollu\u00e9 : \u00e0 Strasbourg, l\u2019\u00c9tat veut mieux surveiller 4 usines au Port du Rhin<\/p>\n<p>                    Info locale<\/p>\n<p><b>Le 5 novembre, la pr\u00e9fecture du Bas-Rhin a d\u00e9cid\u00e9 de la cr\u00e9ation d\u2019une commission de suivi de quatre usines polluantes dans le quartier du Port du Rhin. Une d\u00e9cision prise quelques mois apr\u00e8s le cri d\u2019alerte des habitant(e)s du quartier.<\/b><\/p>\n<p class=\"p1\">Sans doute un pas dans la bonne direction. Le 5 novembre dernier, le d\u00e9sormais ex-pr\u00e9fet du Bas-Rhin Jacques Witkowski a pris un arr\u00eat\u00e9, <b>afin de cr\u00e9er une commission de suivi de quatre usines polluantes dans le quartier du Port du Rhin<\/b>.<\/p>\n<p class=\"p1\"><b>Une annonce qui fait suite au cri d\u2019alerte des habitant(e)s du Port du Rhin en ao\u00fbt dernier<\/b>, apr\u00e8s avoir d\u00e9couvert par voie de presse de l\u2019\u00e9mission de plusieurs polluants toxiques et canc\u00e9rig\u00e8nes dans l\u2019air par l\u2019entreprise Blue Paper, mais plus globalement par toutes les entreprises du secteur.<\/p>\n<p>                <a href=\"https:\/\/pokaa.fr\/2025\/08\/07\/air-trop-pollue-a-strasbourg-des-habitantes-du-port-du-rhin-lancent-un-cri-dalerte\/\" target=\"_blank\" rel=\"noopener\"><br \/>\n                    <img width=\"450\" height=\"270\" src=\"https:\/\/www.europesays.com\/fr\/wp-content\/uploads\/2025\/12\/g1-450x270.png\" class=\"attachment-card-horizontal--same-subject size-card-horizontal--same-subject wp-post-image\" alt=\"\" decoding=\"async\" loading=\"lazy\"\/>                <\/a><\/p>\n<p>Pour la pr\u00e9fecture, la d\u00e9cision a \u00e9t\u00e9 prise consid\u00e9rant \u00ab l\u2019impact potentiel de ces d\u00e9passements sur les habitants des quartiers contigus \u00bb. Notamment\u00a0<b>car \u00ab les contr\u00f4les r\u00e9guliers de l\u2019inspection des installations class\u00e9es mettent en lumi\u00e8re des d\u00e9passements de valeurs-limites sur certaines installations \u00bb,\u00a0<\/b>et \u00ab que les installations vis\u00e9es se trouvent dans un m\u00eame p\u00e9rim\u00e8tre restreint dens\u00e9ment peupl\u00e9 \u00bb.<\/p>\n<p>    <img width=\"800\" height=\"600\" src=\"https:\/\/www.europesays.com\/fr\/wp-content\/uploads\/2025\/12\/img-0575-grande-800x600.jpeg\" class=\"attachment-image-size-L size-image-size-L\" alt=\"blue paper usine port du rhin\" decoding=\"async\" loading=\"lazy\"  \/>         Blue Paper. \u00a9\u00a0Nicolas Kaspar \/ Pokaa <\/p>\n<p>Quelles entreprises sont concern\u00e9es ?<\/p>\n<p class=\"p1\">Selon l\u2019arr\u00eat\u00e9 pr\u00e9fectoral, <a href=\"https:\/\/www.bas-rhin.gouv.fr\/contenu\/telechargement\/58919\/422342\/file\/RAA%20N%C2%B046%20du%2007%20novembre%202025.pdf\" target=\"_blank\" rel=\"noopener\">disponible ici \u00e0 partir de la page 63<\/a>, quatre entreprises sont vis\u00e9es par le lancement de cette commission de suivi : <b>S\u00e9nerval, Blue Paper, \u00c9S Biomasse et ESKA (\u00e0 la fois sa partie rue du Havre et celle rue du Rohrschollen)<\/b>.<\/p>\n<ul class=\"ul1\">\n<li class=\"li1\">Pour Blue Paper, <b>l\u2019usine de carton avait d\u00e9j\u00e0 \u00e9t\u00e9 mise en demeure le 4 f\u00e9vrier par la pr\u00e9fecture du Bas-Rhin.<\/b> Elle lui demandait de baisser ses rejets atmosph\u00e9riques de dioxines et de furanes dans un d\u00e9lai de trois mois, des polluants class\u00e9s comme canc\u00e9rig\u00e8nes et impactant le neurod\u00e9veloppement. Une mise en demeure qui a ensuit \u00e9t\u00e9 lev\u00e9e.<\/li>\n<li class=\"li1\">Pour S\u00e9nerval, <b>la pr\u00e9fecture a d\u00e9j\u00e0 mis en demeure plusieurs fois l\u2019exploitant de l\u2019incin\u00e9rateur des d\u00e9chets de Strasbourg<\/b>. Le 29 ao\u00fbt dernier, elle a \u00e9mis un arr\u00eat\u00e9 demandant une amende de 15 000 \u20ac pour \u00ab\u00a0le non-respect, apr\u00e8s mise en demeure, de la valeur-limite de 0,08 ng\/Nm3 [\u2026] pour Ia teneur en dioxines et furanes des fum\u00e9es de ses installations \u00bb. Le 4 septembre dernier, la Ville et l\u2019EMS ont demand\u00e9 au gestionnaire \u00ab\u00a0des explications claires, pr\u00e9cises et \u00e9tay\u00e9es concernant la mesure des \u00e9missions atmosph\u00e9riques.\u00a0\u00bb<\/li>\n<\/ul>\n<p>    <img width=\"800\" height=\"600\" src=\"https:\/\/www.europesays.com\/fr\/wp-content\/uploads\/2025\/08\/img-0569-grande-800x600.jpeg\" class=\"attachment-image-size-L size-image-size-L\" alt=\"usine port du rhin blue paper\" decoding=\"async\" loading=\"lazy\"  \/>         Blue Paper. \u00a9\u00a0Nicolas Kaspar \/ Pokaa <\/p>\n<ul class=\"ul1\">\n<li class=\"li1\">Pour \u00c9S Biomasse, <a href=\"https:\/\/www.bas-rhin.gouv.fr\/contenu\/telechargement\/55740\/402209\/file\/20241114_APMD_ESB_STBG.pdf\" target=\"_blank\" rel=\"noopener\">l\u2019entreprise a \u00e9galement \u00e9t\u00e9 mise en demeure par la pr\u00e9fecture le 18 novembre 2024<\/a>, <b>notamment pour ses \u00e9missions de poussi\u00e8res qui ont r\u00e9guli\u00e8rement d\u00e9pass\u00e9 les seuils limites<\/b>. Le tout, sans appareils de mesure conformes et avec un non-respect de la fr\u00e9quence annuelle des contr\u00f4les. Finalement, la mise en demeure a \u00e9t\u00e9 lev\u00e9e \u00e0 l\u2019\u00e9t\u00e9 2025.<\/li>\n<li class=\"li1\">Enfin, pour ESKA, l\u2019entreprise de gestion des d\u00e9chets et de recyclage a, <a href=\"https:\/\/www.rue89strasbourg.com\/etat-obliger-usines-polluantes-strasbourg-parler-riverains-366613\" target=\"_blank\" rel=\"noopener\">selon Rue89 Strasbourg<\/a>, <b>\u00e9t\u00e9 \u00e9pingl\u00e9e pour le d\u00e9passement des valeurs limites des compos\u00e9s organiques volatils en novembre 2023<\/b>. Mais ces limites d\u2019\u00e9missions n\u2019ont pas \u00e9t\u00e9 relev\u00e9es en 2024 et en 2025.<\/li>\n<\/ul>\n<p>    <img width=\"800\" height=\"457\" src=\"https:\/\/www.europesays.com\/fr\/wp-content\/uploads\/2025\/12\/f1-800x457.jpg\" class=\"attachment-image-size-L size-image-size-L\" alt=\"couv d\u00e9cembre 2025 S\u00e9nerval\" decoding=\"async\" loading=\"lazy\"  \/>         S\u00e9nerval. \u00a9\u00a0J\u00fcrgen Gyro &#8211; Google Maps \/ Capture d&rsquo;\u00e9cran <\/p>\n<p>Qui y si\u00e8gera ?<\/p>\n<p class=\"p1\">Pour surveiller ces quatre entreprises, la pr\u00e9fecture du Bas-Rhin consid\u00e8re \u00ab qu\u2019il convient ainsi de cr\u00e9er une commission afin de mettre en place un cadre d\u2019\u00e9changes et d\u2019information entre les repr\u00e9sentants des coll\u00e8ges \u00bb. <b>Il y aura en tout 5 coll\u00e8ges diff\u00e9rents, qui vont se r\u00e9unir lors d\u2019une premi\u00e8re r\u00e9union ce 5 d\u00e9cembre<\/b>. Dans le d\u00e9tail :<\/p>\n<ul class=\"ul1\">\n<li class=\"li1\"><b>L\u2019administration de l\u2019\u00c9tat<\/b>, avec la pr\u00e9fecture, l\u2019ARS Grand Est, la Direction d\u00e9partementale des territoires et l\u2019unit\u00e9 d\u00e9partementale de la DREAL,<\/li>\n<li class=\"li1\"><b>Les collectivit\u00e9s territoriales<\/b>, avec la Ville, l\u2019Eurom\u00e9tropole, la R\u00e9gion et la CEA,<\/li>\n<li class=\"li1\"><b>Les entreprises concern\u00e9es<\/b>,<\/li>\n<li class=\"li1\">Un(e) salari\u00e9e de chaque entreprise, dont un(e) pour ESKA rue du Havre et un(e) pour ESKA rue de Rohrschollen,<\/li>\n<li class=\"li1\"><b>Les riverain(e)s ou associations de protection de l\u2019environnement<\/b>, avec Alsace Nature, la F\u00e9d\u00e9ration du Bas-Rhin pour la p\u00eache et la protection du milieu aquatique, la Chambre de consommation d\u2019Alsace et le Conseil citoyen du Port du Rhin.<\/li>\n<\/ul>\n<blockquote><p>\n        C&rsquo;est un premier pas que nous accueillons avec prudence car il doit en amener d\u2019autres.    <\/p><\/blockquote>\n<p>            Conseil citoyen du Port du Rhin<\/p>\n<p>Contact\u00e9, le Conseil citoyen du Port du Rhin juge que la commission est \u00ab fondamentale pour l\u2019avenir \u00bb. Avant de d\u00e9velopper :<\/p>\n<p>\u00ab<b>\u00a0Nous attendons de savoir ce qui va en sortir car le dispositif est novateur pour nous et une r\u00e9union une fois par an ne nous semble pas \u00e0 la hauteur des enjeux<\/b>. Nous rappelons que nous souhaitons toujours une r\u00e9union publique sur la pollution atmosph\u00e9rique en g\u00e9n\u00e9ral, des mesures de la qualit\u00e9 de l\u2019air que nous respirons (pas seulement le rejet des incin\u00e9rateurs) et une enqu\u00eate \u00e9pid\u00e9miologique pour objectiver les questions d\u2019asthme et autres maladies respiratoires forc\u00e9ment multifactorielles. \u00bb<\/p>\n","protected":false},"excerpt":{"rendered":"Accueil \/ Info locale \/ Air trop pollu\u00e9 : \u00e0 Strasbourg, l\u2019\u00c9tat veut mieux surveiller 4 usines au&hellip;\n","protected":false},"author":2,"featured_media":578911,"comment_status":"","ping_status":"","sticky":false,"template":"","format":"standard","meta":{"footnotes":""},"categories":[2820],"tags":[1111,11,1777,674,1011,27,775,12,1800,28134,8916,25,640,58524,54395],"class_list":{"0":"post-578910","1":"post","2":"type-post","3":"status-publish","4":"format-standard","5":"has-post-thumbnail","7":"category-strasbourg","8":"tag-actu","9":"tag-actualites","10":"tag-eu","11":"tag-europe","12":"tag-fr","13":"tag-france","14":"tag-grand-est","15":"tag-news","16":"tag-pollution","17":"tag-port-du-rhin","18":"tag-prefecture","19":"tag-republique-francaise","20":"tag-strasbourg","21":"tag-strasbourg-actualite","22":"tag-usines"},"share_on_mastodon":{"url":"https:\/\/pubeurope.com\/@fr\/115664676635940871","error":""},"_links":{"self":[{"href":"https:\/\/www.europesays.com\/fr\/wp-json\/wp\/v2\/posts\/578910","targetHints":{"allow":["GET"]}}],"collection":[{"href":"https:\/\/www.europesays.com\/fr\/wp-json\/wp\/v2\/posts"}],"about":[{"href":"https:\/\/www.europesays.com\/fr\/wp-json\/wp\/v2\/types\/post"}],"author":[{"embeddable":true,"href":"https:\/\/www.europesays.com\/fr\/wp-json\/wp\/v2\/users\/2"}],"replies":[{"embeddable":true,"href":"https:\/\/www.europesays.com\/fr\/wp-json\/wp\/v2\/comments?post=578910"}],"version-history":[{"count":0,"href":"https:\/\/www.europesays.com\/fr\/wp-json\/wp\/v2\/posts\/578910\/revisions"}],"wp:featuredmedia":[{"embeddable":true,"href":"https:\/\/www.europesays.com\/fr\/wp-json\/wp\/v2\/media\/578911"}],"wp:attachment":[{"href":"https:\/\/www.europesays.com\/fr\/wp-json\/wp\/v2\/media?parent=578910"}],"wp:term":[{"taxonomy":"category","embeddable":true,"href":"https:\/\/www.europesays.com\/fr\/wp-json\/wp\/v2\/categories?post=578910"},{"taxonomy":"post_tag","embeddable":true,"href":"https:\/\/www.europesays.com\/fr\/wp-json\/wp\/v2\/tags?post=578910"}],"curies":[{"name":"wp","href":"https:\/\/api.w.org\/{rel}","templated":true}]}}