{"id":578912,"date":"2025-12-05T02:47:16","date_gmt":"2025-12-05T02:47:16","guid":{"rendered":"https:\/\/www.europesays.com\/fr\/578912\/"},"modified":"2025-12-05T02:47:16","modified_gmt":"2025-12-05T02:47:16","slug":"previsions-du-vendredi-5-decembre-2025-6","status":"publish","type":"post","link":"https:\/\/www.europesays.com\/fr\/578912\/","title":{"rendered":"pr\u00e9visions du vendredi 5 d\u00e9cembre 2025"},"content":{"rendered":"<p>Aujourd&rsquo;hui, \u00e0 Strasbourg, des nuages ne voudront pas laisser leur place au soleil. Les temp\u00e9ratures tourneront autour des 6\u00b0C. La grisaille ne se disperse toujours pas, il va y avoir encore des nuages le matin. Il va faire en moyenne 6\u00b0C. Un vent de sud-ouest soufflera l\u00e9g\u00e8rement, avec 7 km\/h. Le soleil peinera \u00e0 percer au milieu des nuages qui subsisteront dans l&rsquo;apr\u00e8s-midi. Il faudra anticiper des perturbations, les Strasbourgeois se retrouveront sous des pluies \u00e9parses. Les temp\u00e9ratures s&rsquo;\u00e9chelonneront entre 7 et 8\u00b0C. Des \u00e9claircies sont pr\u00e9vues : on passera une soir\u00e9e agr\u00e9able. Les valeurs afficheront entre 6\u00b0C et 7\u00b0C. On passera de vendredi \u00e0 samedi par une nuit claire.<\/p>\n<p>Encore de la grisaille demain. Les nuages vont stationner sur Strasbourg. C&rsquo;est une hausse de quelques degr\u00e9s que vont enregistrer les temp\u00e9ratures. On pr\u00e9voit des temp\u00e9ratures avoisinant 8\u00b0C. Un vent de sud-ouest rafra\u00eechira quelque peu l&rsquo;atmosph\u00e8re. On notera la pr\u00e9sence persistante de nuages le matin. Il fera 6\u00b0C en moyenne. Demain apr\u00e8s-midi, toujours des nuages dans le ciel qui emp\u00eachent le soleil de faire son apparition. Le temps sera marqu\u00e9 par des pluies \u00e9parses. D&rsquo;un autre c\u00f4t\u00e9, l&rsquo;air ambiant va se r\u00e9chauffer avec une augmentation de quelques degr\u00e9s. Les valeurs seront comprises entre 9 et 11\u00b0C. La soir\u00e9e va rester maussade \u00e0 cause de nuages qui persistent dans le ciel. Des pluies \u00e9parses sont attendues. Le mercure affichera 9\u00b0C en moyenne.<\/p>\n<p>Pour les jours suivants, la m\u00e9t\u00e9o ne changera pas. Il va faire un temps assez pluvieux avec des temp\u00e9ratures d&rsquo;environ 10\u00b0C.<\/p>\n<p><\/p>\n","protected":false},"excerpt":{"rendered":"Aujourd&rsquo;hui, \u00e0 Strasbourg, des nuages ne voudront pas laisser leur place au soleil. Les temp\u00e9ratures tourneront autour des&hellip;\n","protected":false},"author":2,"featured_media":578913,"comment_status":"","ping_status":"","sticky":false,"template":"","format":"standard","meta":{"footnotes":""},"categories":[2820],"tags":[1111,11,1777,674,1011,27,775,12,2119,25,640],"class_list":{"0":"post-578912","1":"post","2":"type-post","3":"status-publish","4":"format-standard","5":"has-post-thumbnail","7":"category-strasbourg","8":"tag-actu","9":"tag-actualites","10":"tag-eu","11":"tag-europe","12":"tag-fr","13":"tag-france","14":"tag-grand-est","15":"tag-news","16":"tag-previsions-meteo","17":"tag-republique-francaise","18":"tag-strasbourg"},"share_on_mastodon":{"url":"https:\/\/pubeurope.com\/@fr\/115664679355211093","error":""},"_links":{"self":[{"href":"https:\/\/www.europesays.com\/fr\/wp-json\/wp\/v2\/posts\/578912","targetHints":{"allow":["GET"]}}],"collection":[{"href":"https:\/\/www.europesays.com\/fr\/wp-json\/wp\/v2\/posts"}],"about":[{"href":"https:\/\/www.europesays.com\/fr\/wp-json\/wp\/v2\/types\/post"}],"author":[{"embeddable":true,"href":"https:\/\/www.europesays.com\/fr\/wp-json\/wp\/v2\/users\/2"}],"replies":[{"embeddable":true,"href":"https:\/\/www.europesays.com\/fr\/wp-json\/wp\/v2\/comments?post=578912"}],"version-history":[{"count":0,"href":"https:\/\/www.europesays.com\/fr\/wp-json\/wp\/v2\/posts\/578912\/revisions"}],"wp:featuredmedia":[{"embeddable":true,"href":"https:\/\/www.europesays.com\/fr\/wp-json\/wp\/v2\/media\/578913"}],"wp:attachment":[{"href":"https:\/\/www.europesays.com\/fr\/wp-json\/wp\/v2\/media?parent=578912"}],"wp:term":[{"taxonomy":"category","embeddable":true,"href":"https:\/\/www.europesays.com\/fr\/wp-json\/wp\/v2\/categories?post=578912"},{"taxonomy":"post_tag","embeddable":true,"href":"https:\/\/www.europesays.com\/fr\/wp-json\/wp\/v2\/tags?post=578912"}],"curies":[{"name":"wp","href":"https:\/\/api.w.org\/{rel}","templated":true}]}}