{"id":578916,"date":"2025-12-05T02:49:14","date_gmt":"2025-12-05T02:49:14","guid":{"rendered":"https:\/\/www.europesays.com\/fr\/578916\/"},"modified":"2025-12-05T02:49:14","modified_gmt":"2025-12-05T02:49:14","slug":"angers-les-compos-probables-2","status":"publish","type":"post","link":"https:\/\/www.europesays.com\/fr\/578916\/","title":{"rendered":"Angers : les compos probables"},"content":{"rendered":"<p>Rien ne va plus \u00e0 Nice. Encore battu par Lorient la semaine derni\u00e8re (3-1), le Gym coule et la tension est devenue palpable entre les joueurs et les supporters apr\u00e8s le revers face aux Merlus. L&rsquo;union sacr\u00e9e semble bien loin et c&rsquo;est donc dans un climat d\u00e9l\u00e9t\u00e8re que se profile match contre Angers. Le SCO, de son c\u00f4t\u00e9, veut rebondir apr\u00e8s avoir perdu \u00e0 domicile contre Lens. La rencontre sera \u00e0 suivre ce dimanche \u00e0 15h, sur Ligue 1+.<\/p>\n<p>Les compos probables<\/p>\n<p><strong>Nice<\/strong> : Diouf &#8211; Mendy, Bah, Oppong &#8211; Clauss, Vanhoutte, Boudaoui, Bard &#8211; Diop &#8211; Carlos, Cho<\/p>\n<p><strong>Angers<\/strong> : Koffi &#8211; Arcus, Camara, Lefort, Ekomi\u00e9 &#8211; Belkebla, Abdelli &#8211; Belkhdim, Mouton, Sba\u00ef &#8211; Ch\u00e9rif<\/p>\n<p>\u00a0<\/p>\n<p>   Partagez cette info avec vos amis et vos proches en cliquant ici<br \/> Pour r\u00e9sumer<\/p>\n<p>Nice, battu 3-1 \u00e0 Lorient, traverse une crise tendue avec ses supporters. Le Gym doit r\u00e9agir face \u00e0 Angers, lui aussi en qu\u00eate de rebond apr\u00e8s sa d\u00e9faite contre Lens. Une rencontre sous pression, \u00e0 suivre dimanche \u00e0 15h sur Ligue 1+.<\/p>\n<p>R\u00e9dacteur<\/p>\n<p><img decoding=\"async\" width=\"76\" height=\"76\" loading=\"lazy\" src=\"https:\/\/www.europesays.com\/fr\/wp-content\/uploads\/2025\/04\/avatar-onze.webp.webp\" alt=\"Nathan Bricout\"\/><\/p>\n","protected":false},"excerpt":{"rendered":"Rien ne va plus \u00e0 Nice. Encore battu par Lorient la semaine derni\u00e8re (3-1), le Gym coule et&hellip;\n","protected":false},"author":2,"featured_media":578917,"comment_status":"","ping_status":"","sticky":false,"template":"","format":"standard","meta":{"footnotes":""},"categories":[2819],"tags":[1111,11,1777,674,1011,27,66,12,2401,882,25],"class_list":{"0":"post-578916","1":"post","2":"type-post","3":"status-publish","4":"format-standard","5":"has-post-thumbnail","7":"category-nice","8":"tag-actu","9":"tag-actualites","10":"tag-eu","11":"tag-europe","12":"tag-fr","13":"tag-france","14":"tag-ligue-1","15":"tag-news","16":"tag-nice","17":"tag-provence-alpes-cote-dazur","18":"tag-republique-francaise"},"share_on_mastodon":{"url":"https:\/\/pubeurope.com\/@fr\/115664687932618048","error":""},"_links":{"self":[{"href":"https:\/\/www.europesays.com\/fr\/wp-json\/wp\/v2\/posts\/578916","targetHints":{"allow":["GET"]}}],"collection":[{"href":"https:\/\/www.europesays.com\/fr\/wp-json\/wp\/v2\/posts"}],"about":[{"href":"https:\/\/www.europesays.com\/fr\/wp-json\/wp\/v2\/types\/post"}],"author":[{"embeddable":true,"href":"https:\/\/www.europesays.com\/fr\/wp-json\/wp\/v2\/users\/2"}],"replies":[{"embeddable":true,"href":"https:\/\/www.europesays.com\/fr\/wp-json\/wp\/v2\/comments?post=578916"}],"version-history":[{"count":0,"href":"https:\/\/www.europesays.com\/fr\/wp-json\/wp\/v2\/posts\/578916\/revisions"}],"wp:featuredmedia":[{"embeddable":true,"href":"https:\/\/www.europesays.com\/fr\/wp-json\/wp\/v2\/media\/578917"}],"wp:attachment":[{"href":"https:\/\/www.europesays.com\/fr\/wp-json\/wp\/v2\/media?parent=578916"}],"wp:term":[{"taxonomy":"category","embeddable":true,"href":"https:\/\/www.europesays.com\/fr\/wp-json\/wp\/v2\/categories?post=578916"},{"taxonomy":"post_tag","embeddable":true,"href":"https:\/\/www.europesays.com\/fr\/wp-json\/wp\/v2\/tags?post=578916"}],"curies":[{"name":"wp","href":"https:\/\/api.w.org\/{rel}","templated":true}]}}