{"id":578918,"date":"2025-12-05T02:50:35","date_gmt":"2025-12-05T02:50:35","guid":{"rendered":"https:\/\/www.europesays.com\/fr\/578918\/"},"modified":"2025-12-05T02:50:35","modified_gmt":"2025-12-05T02:50:35","slug":"un-nouveau-correspondant-ouest-france-au-pallet-dans-le-vignoble-de-nantes","status":"publish","type":"post","link":"https:\/\/www.europesays.com\/fr\/578918\/","title":{"rendered":"Un nouveau correspondant Ouest-France au Pallet, dans le vignoble de Nantes"},"content":{"rendered":"<p>Une bonne nouvelle pour Le Pallet. Dans le vignoble de Nantes, cette commune d\u2019environ 3\u00a0400\u00a0habitants est \u00e0 nouveau dot\u00e9e d\u2019un correspondant pour Ouest-France. Pascal Hamays, d\u00e9j\u00e0 op\u00e9rationnel \u00e0 Aigrefeuille-sur-Maine et Remouill\u00e9, couvre d\u00e9sormais la vie locale de la commune pour le journal (municipalit\u00e9, vie associative, \u00e9conomique, sportive\u2026). Pour obtenir ses coordonn\u00e9es, appeler la r\u00e9daction de Nantes au 02\u00a040\u00a044\u00a069\u00a069, ou la contacter par mail (redaction.nantes@ouest-france.fr).<\/p>\n<p>\u00a0<\/p>\n","protected":false},"excerpt":{"rendered":"Une bonne nouvelle pour Le Pallet. Dans le vignoble de Nantes, cette commune d\u2019environ 3\u00a0400\u00a0habitants est \u00e0 nouveau&hellip;\n","protected":false},"author":2,"featured_media":578919,"comment_status":"","ping_status":"","sticky":false,"template":"","format":"standard","meta":{"footnotes":""},"categories":[2818],"tags":[1111,11,21388,1777,674,1011,27,766,12,4565,7418,69299,2636,25,4714],"class_list":{"0":"post-578918","1":"post","2":"type-post","3":"status-publish","4":"format-standard","5":"has-post-thumbnail","7":"category-nantes","8":"tag-actu","9":"tag-actualites","10":"tag-correspondant","11":"tag-eu","12":"tag-europe","13":"tag-fr","14":"tag-france","15":"tag-nantes","16":"tag-news","17":"tag-nouveau","18":"tag-ouest-france","19":"tag-pallet","20":"tag-pays-de-la-loire","21":"tag-republique-francaise","22":"tag-vignoble"},"share_on_mastodon":{"url":"https:\/\/pubeurope.com\/@fr\/115664691107859915","error":""},"_links":{"self":[{"href":"https:\/\/www.europesays.com\/fr\/wp-json\/wp\/v2\/posts\/578918","targetHints":{"allow":["GET"]}}],"collection":[{"href":"https:\/\/www.europesays.com\/fr\/wp-json\/wp\/v2\/posts"}],"about":[{"href":"https:\/\/www.europesays.com\/fr\/wp-json\/wp\/v2\/types\/post"}],"author":[{"embeddable":true,"href":"https:\/\/www.europesays.com\/fr\/wp-json\/wp\/v2\/users\/2"}],"replies":[{"embeddable":true,"href":"https:\/\/www.europesays.com\/fr\/wp-json\/wp\/v2\/comments?post=578918"}],"version-history":[{"count":0,"href":"https:\/\/www.europesays.com\/fr\/wp-json\/wp\/v2\/posts\/578918\/revisions"}],"wp:featuredmedia":[{"embeddable":true,"href":"https:\/\/www.europesays.com\/fr\/wp-json\/wp\/v2\/media\/578919"}],"wp:attachment":[{"href":"https:\/\/www.europesays.com\/fr\/wp-json\/wp\/v2\/media?parent=578918"}],"wp:term":[{"taxonomy":"category","embeddable":true,"href":"https:\/\/www.europesays.com\/fr\/wp-json\/wp\/v2\/categories?post=578918"},{"taxonomy":"post_tag","embeddable":true,"href":"https:\/\/www.europesays.com\/fr\/wp-json\/wp\/v2\/tags?post=578918"}],"curies":[{"name":"wp","href":"https:\/\/api.w.org\/{rel}","templated":true}]}}