{"id":578920,"date":"2025-12-05T02:51:22","date_gmt":"2025-12-05T02:51:22","guid":{"rendered":"https:\/\/www.europesays.com\/fr\/578920\/"},"modified":"2025-12-05T02:51:22","modified_gmt":"2025-12-05T02:51:22","slug":"rien-ne-va-plus-pour-nantes","status":"publish","type":"post","link":"https:\/\/www.europesays.com\/fr\/578920\/","title":{"rendered":"Rien ne va plus pour Nantes"},"content":{"rendered":"<p><strong>Nantes, qui restait sur deux<br \/>\nd\u00e9faites, a subi un troisi\u00e8me revers de rang, ce jeudi \u00e0 domicile<br \/>\ncontre les Polonais de Kielce (33-29) pour le compte de la 10e<br \/>\njourn\u00e9e de Ligue des Champions. Le \u00ab\u00a0H\u00a0\u00bb, qui marque s\u00e9rieusement le<br \/>\npas, abandonne sa 5e place \u00e0 son bourreau et recule en 6e<br \/>\nposition.<\/strong><\/p>\n<p>Nantes a perdu la cl\u00e9. Battu lors de ses deux derni\u00e8res sorties<br \/>\nen Ligue des Champions, les deux fois en d\u00e9placement, \u00e0 Aalborg et<br \/>\n\u00e0 Bucarest, qui n\u2019avait encore jamais gagn\u00e9 auparavant, le<br \/>\n\u00ab\u00a0H\u00a0\u00bb esp\u00e9rait que les retrouvailles avec son public, ce<br \/>\njeudi \u00e0 l\u2019occasion de la venue de Kielce lors de la 10e journ\u00e9e,<br \/>\nlui permettent de relever la t\u00eate. Il n\u2019en a rien \u00e9t\u00e9.<\/p>\n<p>Et au lieu d\u2019une premi\u00e8re victoire depuis le 13 novembre<br \/>\ndernier, contre cette m\u00eame \u00e9quipe de Bucarest mais \u00e0 domicile,<br \/>\nc\u2019est un troisi\u00e8me revers cons\u00e9cutif (33-29), le 6e cette saison<br \/>\ndans la comp\u00e9tition et le 3e sur son parquet que Nantes a obtenu.<br \/>\nPlus que jamais dans le dur, les Nantais sont de surcro\u00eet les<br \/>\ngrands perdants de la soir\u00e9e en glissant \u00e0 une p\u00e9rilleuse 6e place<br \/>\ntandis que Kielce, son bourreau du soir, s\u2019empare de cette 5e et<br \/>\navant-derni\u00e8re place qualificative (pour les barrages) occup\u00e9e<br \/>\navant la rencontre par ce \u00ab\u00a0H\u00a0\u00bb qui marque tr\u00e8s<br \/>\ns\u00e9rieusement le pas.<\/p>\n<p>Dans le dur, les joueurs de Gr\u00e9gory Cojean l\u2019ont d\u2019ailleurs \u00e9t\u00e9<br \/>\nd\u2019entr\u00e9e, puisque les Polonais ont men\u00e9 rapidement 4-0 avant de<br \/>\ncompter cinq buts d\u2019avance un peu plus tard. Gr\u00e2ce \u00e0 un gros temps<br \/>\nfort, Nantes est parvenu \u00e0 revenir \u00e0 un but gr\u00e2ce \u00e0 Ayoub Abdi puis<br \/>\n\u00e0 recoller sur un but de Nicolas Tournat.<\/p>\n<p>Et le \u00ab\u00a0H\u00a0\u00bb<br \/>\ns\u2019effondra\u2026<\/p>\n<p>Mieux encore : ces Nantais men\u00e9s d\u2019un but \u00e0 la pause (17-16) et<br \/>\nqui n\u2019avaient encore jamais pris les devants ont profit\u00e9 d\u00e8s la<br \/>\nreprise d\u2019un nouveau but d\u2019Abdi puis d\u2019un autre, dans la foul\u00e9e de<br \/>\nTh\u00e9o Avelange-Demouge pour se relancer compl\u00e8tement dans cette<br \/>\npartie qu\u2019ils avaient entam\u00e9e de mani\u00e8re catastrophique. Un sursaut<br \/>\nqui n\u2019a malheureusement pas dur\u00e9 bien longtemps, d\u2019autant que le<br \/>\n\u00ab\u00a0H\u00a0\u00bb s\u2019est compl\u00e8tement effondr\u00e9 dans le dernier quart<br \/>\nd\u2019heure.<\/p>\n<p>Apr\u00e8s \u00eatre repass\u00e9 devant, Kielce, avec Dylan Nahi mais sans<br \/>\nBeno\u00eet Kounkoud, a pris le large, et il a m\u00eame fallu des parades<br \/>\nassez incroyables de Pesic dans sa cage pour ne pas que les<br \/>\nPolonais et un Moryto \u00e9c\u0153urant en fin de match, ne tuent trop vite<br \/>\ntout suspense. Ils auraient mieux fait car Avelande-Demouge d\u2019abord<br \/>\npuis Nicolas Tournat ensuite ont fini par redonner espoir aux<br \/>\nNantais, mais pour rien \u00e0 l\u2019arriv\u00e9e, face \u00e0 cette \u00e9quipe de Kielce<br \/>\nqui n\u2019avait gagn\u00e9 qu\u2019une seule fois \u00e0 l\u2019ext\u00e9rieur avant jeudi.<br \/>\nC\u2019\u00e9tait \u00e0\u2026 Bucarest, autre \u00e9quipe ayant su exploiter ces derniers<br \/>\ntemps la violente baisse de r\u00e9gime actuelle des Nantais.<\/p>\n","protected":false},"excerpt":{"rendered":"Nantes, qui restait sur deux d\u00e9faites, a subi un troisi\u00e8me revers de rang, ce jeudi \u00e0 domicile contre&hellip;\n","protected":false},"author":2,"featured_media":578921,"comment_status":"","ping_status":"","sticky":false,"template":"","format":"standard","meta":{"footnotes":""},"categories":[2818],"tags":[1111,11,1777,674,1011,27,766,12,2636,25,57681],"class_list":{"0":"post-578920","1":"post","2":"type-post","3":"status-publish","4":"format-standard","5":"has-post-thumbnail","7":"category-nantes","8":"tag-actu","9":"tag-actualites","10":"tag-eu","11":"tag-europe","12":"tag-fr","13":"tag-france","14":"tag-nantes","15":"tag-news","16":"tag-pays-de-la-loire","17":"tag-republique-francaise","18":"tag-sport365-fr"},"share_on_mastodon":{"url":"https:\/\/pubeurope.com\/@fr\/115664695022087483","error":""},"_links":{"self":[{"href":"https:\/\/www.europesays.com\/fr\/wp-json\/wp\/v2\/posts\/578920","targetHints":{"allow":["GET"]}}],"collection":[{"href":"https:\/\/www.europesays.com\/fr\/wp-json\/wp\/v2\/posts"}],"about":[{"href":"https:\/\/www.europesays.com\/fr\/wp-json\/wp\/v2\/types\/post"}],"author":[{"embeddable":true,"href":"https:\/\/www.europesays.com\/fr\/wp-json\/wp\/v2\/users\/2"}],"replies":[{"embeddable":true,"href":"https:\/\/www.europesays.com\/fr\/wp-json\/wp\/v2\/comments?post=578920"}],"version-history":[{"count":0,"href":"https:\/\/www.europesays.com\/fr\/wp-json\/wp\/v2\/posts\/578920\/revisions"}],"wp:featuredmedia":[{"embeddable":true,"href":"https:\/\/www.europesays.com\/fr\/wp-json\/wp\/v2\/media\/578921"}],"wp:attachment":[{"href":"https:\/\/www.europesays.com\/fr\/wp-json\/wp\/v2\/media?parent=578920"}],"wp:term":[{"taxonomy":"category","embeddable":true,"href":"https:\/\/www.europesays.com\/fr\/wp-json\/wp\/v2\/categories?post=578920"},{"taxonomy":"post_tag","embeddable":true,"href":"https:\/\/www.europesays.com\/fr\/wp-json\/wp\/v2\/tags?post=578920"}],"curies":[{"name":"wp","href":"https:\/\/api.w.org\/{rel}","templated":true}]}}