{"id":578926,"date":"2025-12-05T02:54:14","date_gmt":"2025-12-05T02:54:14","guid":{"rendered":"https:\/\/www.europesays.com\/fr\/578926\/"},"modified":"2025-12-05T02:54:14","modified_gmt":"2025-12-05T02:54:14","slug":"depuis-toulouse-le-collectif-cartel-reinvente-la-regie-doeuvres-dart","status":"publish","type":"post","link":"https:\/\/www.europesays.com\/fr\/578926\/","title":{"rendered":"Depuis Toulouse, le Collectif Cartel r\u00e9invente la r\u00e9gie d&rsquo;oeuvres d&rsquo;art"},"content":{"rendered":"<p>Du m\u00e9tier de r\u00e9gisseur dans un mus\u00e9e, on a l\u2019image du gars barraqu\u00e9 ou de l\u2019homme \u00e0 tout faire form\u00e9 sur le terrain qui peut d\u00e9panner pour soulever des caisses ou accrocher une \u0153uvre. Les cinq membres du collectif Cartel sont \u00e0 l\u2019oppos\u00e9 de ce tableau, tous trentenaires, tous dipl\u00f4m\u00e9s et essentiellement f\u00e9minins. Sur leur march\u00e9 de niche, la r\u00e9gie d\u2019\u0153uvres d\u2019art, ils incarnent une nouvelle g\u00e9n\u00e9ration de r\u00e9gisseurs qui entend en finir avec les clich\u00e9s. Cr\u00e9\u00e9e le 9\u00a0mars 2020 \u00e0 Toulouse, une semaine avant le premier confinement, la jeune soci\u00e9t\u00e9 a \u00ab\u00a0fait le dos rond\u00a0\u00bb pendant un an avant de commencer \u00e0 travailler et \u00e0 se faire conna\u00eetre. Ses fondateurs sont tous issus de la cinqui\u00e8me promotion du Master m\u00e9tiers de l\u2019art, r\u00e9gie, documentation, m\u00e9diation cr\u00e9\u00e9 au d\u00e9but des ann\u00e9es 2010 \u00e0 l\u2019initiative de l\u2019Universit\u00e9 Jean-Jaur\u00e8s et du mus\u00e9e des Abattoirs.<\/p>\n<p>Form\u00e9s professionnellement durant deux ans aux diff\u00e9rents m\u00e9tiers autour de l\u2019exposition, presque incub\u00e9s, les cinq amis \u00e9tudiants se sont associ\u00e9s pour donner vie \u00e0 la premi\u00e8re soci\u00e9t\u00e9 de r\u00e9gie d\u2019\u0153uvres d\u2019art \u00e0 Toulouse et dans la r\u00e9gion. Leur activit\u00e9 englobe \u00e0 la fois la r\u00e9gie d\u2019exposition, c\u2019est-\u00e0-dire la gestion logistique des \u0153uvres et objets d\u2019art lors d\u2019\u00e9v\u00e9nements temporaires organis\u00e9s par des lieux culturels, et la r\u00e9gie de collection, qui implique \u00e9galement de savoir manipuler et s\u00e9curiser les \u0153uvres pour des accrochages, des inventaires ou encore pour r\u00e9am\u00e9nager les r\u00e9serves des mus\u00e9es.<\/p>\n<p>Revaloriser le m\u00e9tier<\/p>\n<p>\u00ab\u00a0Durant notre master, nous avions identifi\u00e9 qu\u2019il n\u2019y avait, \u00e0 Toulouse, aucune structure sp\u00e9cialis\u00e9e dans la r\u00e9gie d\u2019\u0153uvres d\u2019art. \u00c0 la fin de nos \u00e9tudes, l\u2019horizon \u00e9tait assez bouch\u00e9, c\u2019\u00e9tait la fin des emplois aid\u00e9s et le d\u00e9but de l\u2019aust\u00e9rit\u00e9 avec, en m\u00eame temps, un discours tr\u00e8s fort sur l\u2019entrepreneuriat. L\u2019id\u00e9e est venue de cr\u00e9er notre entreprise pour faire conna\u00eetre la profession de r\u00e9gisseur d\u2019\u0153uvres d\u2019art, finalement assez r\u00e9cente, et la revaloriser\u00a0\u00bb, expliquent Margaux Illescas et Mathieu Marniesse, deux des cinq cofondateurs et cog\u00e9rants du Collectif Cartel.<\/p>\n<p> <a href=\"https:\/\/www.touleco.fr\/IMG\/jpg\/b\/7\/8\/bd_colomiers_2024.jpg\" class=\"spip_doc_lien mediabox\" type=\"image\/jpeg\" target=\"_blank\" rel=\"noopener\"><br \/>\n\t\t<img loading=\"lazy\" decoding=\"async\" src=\"https:\/\/www.europesays.com\/fr\/wp-content\/uploads\/2025\/12\/2a4040c15cb950a46df5a0af6422cf.webp\" width=\"650\" height=\"433\" alt=\"\"\/><\/a><\/p>\n<p>\u00c0 ce c\u0153ur de m\u00e9tier autour des arts visuels, qui repr\u00e9sente plus de 80\u00a0% de son chiffre d\u2019affaires, la jeune entreprise a ajout\u00e9 assez rapidement une activit\u00e9 sc\u00e9nographie et production pour diff\u00e9rents lieux et \u00e9v\u00e9nements. \u00ab\u00a0Au d\u00e9but, des mus\u00e9es nous demandaient d\u2019accrocher des \u0153uvres, puis de les mettre en lumi\u00e8re, parfois aussi de cr\u00e9er une assise pour que le public puisse les regarder confortablement. Petit \u00e0 petit, on a livr\u00e9 des projets de plus en plus \u00ab\u00a0all inclusive\u00a0\u00bb. On \u00e9tait habitu\u00e9s \u00e0 magnifier les \u0153uvres, on a aussi pris du plaisir \u00e0 magnifier l\u2019espace d\u2019exposition. C\u2019est comme \u00e7a qu\u2019on a endoss\u00e9 progressivement la casquette production\u00a0\u00bb, compl\u00e8tent les deux r\u00e9gisseurs.<\/p>\n<p>Le Collectif Cartel compte parmi ses principaux clients, mus\u00e9es, centres d\u2019art, galeries, fondations, fonds r\u00e9gionaux d\u2019art contemporain comme le mus\u00e9e des Abattoirs ou le mus\u00e9e Toulouse-Lautrec, \u00e0 Albi, et, depuis plusieurs ann\u00e9es maintenant, le festival BD de Colomiers, pour lequel il assure la sc\u00e9nographie g\u00e9n\u00e9rale et la r\u00e9gie d\u2019exposition. Son \u00e9quipe travaille aussi avec le mus\u00e9e Calbet de Grisolles, le mus\u00e9e d\u2019art moderne de Collioure, le mus\u00e9e d\u2019art contemporain de la Haute-Vienne, le Frac Centre-Val de Loire ou encore avec le mus\u00e9e Soulages, r\u00e9cemment encore autour du montage d\u2019une installation d\u2019Agn\u00e8s Varda.<\/p>\n<p>Parit\u00e9 dans les \u00e9quipes<\/p>\n<p>En quatre ans seulement, les cinq r\u00e9gisseurs ont r\u00e9ussi \u00e0 accrocher une soixantaine de structures publiques et priv\u00e9es et \u00e0 faire valoir leurs exigences. \u00ab\u00a0Dans un m\u00e9tier qui n\u2019a pas vraiment de normes et de tarifs fixes, nous avons adopt\u00e9 un autre mod\u00e8le, avec un tarif journalier, des frais de d\u00e9placement et de logement, la facturation des heures suppl\u00e9mentaires&#8230; Nous menons aussi une autre bataille dans le choix de nos prestataires, en recrutant autant de femmes que d\u2019hommes pour parvenir \u00e0 des \u00e9quipes paritaires. C\u2019est tr\u00e8s remarqu\u00e9 par les structures avec lesquelles nous travaillons. Mais nous essuyons encore les pl\u00e2tres. Dans certains lieux, des personnes des anciennes g\u00e9n\u00e9rations viennent faire des r\u00e9flexions sexistes \u00e0 mes coll\u00e8gues parce qu\u2019elles estiment que ce n\u2019est pas \u00e0 elles de manipuler un engin ou de porter des \u0153uvres\u00a0\u00bb, t\u00e9moigne Mathieu Marniesse.<\/p>\n<p> <a href=\"https:\/\/www.touleco.fr\/IMG\/jpg\/3\/0\/5\/exposition_omar_victor_diop_accrochage_c_thierry_laporte_61_.jpg\" class=\"spip_doc_lien mediabox\" type=\"image\/jpeg\" target=\"_blank\" rel=\"noopener\"><br \/>\n\t\t<img loading=\"lazy\" decoding=\"async\" src=\"https:\/\/www.europesays.com\/fr\/wp-content\/uploads\/2025\/12\/d04b2d7a2cf657c6917915821ba06f.webp\" width=\"650\" height=\"813\" alt=\"\"\/><\/a><\/p>\n<p>Le Collectif Cartel, qui a rejoint, en f\u00e9vrier 2025, <a href=\"https:\/\/www.touleco.fr\/L-agence-intercalaire-inaugure-Le-timbre-dans-les-anciens,46152\" class=\"spip_in\" target=\"_blank\" rel=\"noopener\">le Timbre<\/a>, tiers-lieu initi\u00e9 par l\u2019agence d\u2019urbanisme transitoire <a href=\"https:\/\/www.touleco.fr\/Le-tiers-lieu-la-Jonction-fait-le-lien-entre-Icade-et-l-agence,45581\" class=\"spip_in\" target=\"_blank\" rel=\"noopener\">Intercalaire<\/a> et la Poste Immobilier dans le quartier des Minimes, \u00e0 Toulouse, a clos le dernier exercice avec un chiffre d\u2019affaires de 160.000 euros. Il vise cette ann\u00e9e les 260.000 euros mais redoute, pour 2026, les r\u00e9percussions sur son activit\u00e9 des coupes budg\u00e9taires drastiques dans le milieu de la culture.<br class=\"autobr\"\/><br \/>\nJohanna Decorse <\/p>\n<p>Sur les photos\u00a0: Le Collectif Cartel a \u00e9t\u00e9 form\u00e9 en 2020 par Caroline Pi,  Alo\u00efse Winocq,  Ambre Lasne, Mathieu Marmiesse et Margaux Illescas. Cr\u00e9dit\u00a0: Carolline Souza. \/\/ Le Collectif Cartel r\u00e9alise la sc\u00e9nographie et la r\u00e9gie d\u2019exposition du festival de BD de Colomiers. Cr\u00e9dit\u00a0: Collectif Cartel. \/\/ Mathieu Marniesse lors d\u2019un accrochage \u00e0 la Fondation Bernardaud, \u00e0 Limoges. Cr\u00e9dit\u00a0: Thierry Laporte.<\/p>\n","protected":false},"excerpt":{"rendered":"Du m\u00e9tier de r\u00e9gisseur dans un mus\u00e9e, on a l\u2019image du gars barraqu\u00e9 ou de l\u2019homme \u00e0 tout&hellip;\n","protected":false},"author":2,"featured_media":578927,"comment_status":"","ping_status":"","sticky":false,"template":"","format":"standard","meta":{"footnotes":""},"categories":[2816],"tags":[1111,11,251,1777,674,1011,27,23315,40776,12,2680,25,2312],"class_list":{"0":"post-578926","1":"post","2":"type-post","3":"status-publish","4":"format-standard","5":"has-post-thumbnail","7":"category-toulouse","8":"tag-actu","9":"tag-actualites","10":"tag-culture","11":"tag-eu","12":"tag-europe","13":"tag-fr","14":"tag-france","15":"tag-musee-soulages","16":"tag-musee-toulouse-lautrec","17":"tag-news","18":"tag-occitanie","19":"tag-republique-francaise","20":"tag-toulouse"},"share_on_mastodon":{"url":"https:\/\/pubeurope.com\/@fr\/115664707517111593","error":""},"_links":{"self":[{"href":"https:\/\/www.europesays.com\/fr\/wp-json\/wp\/v2\/posts\/578926","targetHints":{"allow":["GET"]}}],"collection":[{"href":"https:\/\/www.europesays.com\/fr\/wp-json\/wp\/v2\/posts"}],"about":[{"href":"https:\/\/www.europesays.com\/fr\/wp-json\/wp\/v2\/types\/post"}],"author":[{"embeddable":true,"href":"https:\/\/www.europesays.com\/fr\/wp-json\/wp\/v2\/users\/2"}],"replies":[{"embeddable":true,"href":"https:\/\/www.europesays.com\/fr\/wp-json\/wp\/v2\/comments?post=578926"}],"version-history":[{"count":0,"href":"https:\/\/www.europesays.com\/fr\/wp-json\/wp\/v2\/posts\/578926\/revisions"}],"wp:featuredmedia":[{"embeddable":true,"href":"https:\/\/www.europesays.com\/fr\/wp-json\/wp\/v2\/media\/578927"}],"wp:attachment":[{"href":"https:\/\/www.europesays.com\/fr\/wp-json\/wp\/v2\/media?parent=578926"}],"wp:term":[{"taxonomy":"category","embeddable":true,"href":"https:\/\/www.europesays.com\/fr\/wp-json\/wp\/v2\/categories?post=578926"},{"taxonomy":"post_tag","embeddable":true,"href":"https:\/\/www.europesays.com\/fr\/wp-json\/wp\/v2\/tags?post=578926"}],"curies":[{"name":"wp","href":"https:\/\/api.w.org\/{rel}","templated":true}]}}