{"id":578930,"date":"2025-12-05T02:56:33","date_gmt":"2025-12-05T02:56:33","guid":{"rendered":"https:\/\/www.europesays.com\/fr\/578930\/"},"modified":"2025-12-05T02:56:33","modified_gmt":"2025-12-05T02:56:33","slug":"une-nocturne-gourmande-de-noel-debarque-a-wazemmes-en-decembre","status":"publish","type":"post","link":"https:\/\/www.europesays.com\/fr\/578930\/","title":{"rendered":"Une nocturne gourmande de No\u00ebl d\u00e9barque \u00e0 Wazemmes en d\u00e9cembre"},"content":{"rendered":"<p><b>Wazemmes rallume la magie\u00a0: une soir\u00e9e festive comme on les aime<\/b>&#13;<\/p>\n<p>Apr\u00e8s des \u00e9ditions estivales qui ont retourn\u00e9 la rue Gambetta, <a href=\"https:\/\/www.lebonbon.fr\/lille\/bons-plans\/nocturne-gourmande-wazemmes-12-juin\/\" target=\"_blank\" rel=\"noopener\"><strong>Waz\u2019en Bouche<\/strong><\/a> lance sa toute <strong>premi\u00e8re nocturne de No\u00ebl<\/strong>. <strong>Le jeudi 11 d\u00e9cembre, de 18h \u00e0 23h<\/strong>, Wazemmes se transforme en hotspot gourmand, fa\u00e7on march\u00e9 de No\u00ebl\u2026 mais version quartier, chaleureux, vivant, bruyant, g\u00e9n\u00e9reux.<br \/>La recette\u00a0: u<strong>ne quinzaine de commerces de bouche<\/strong> venus de <a href=\"https:\/\/www.lebonbon.fr\/lille\/food-decouvertes\/lille-vraie-friterie-typique-nord-quartier-gambetta\/\" target=\"_blank\" rel=\"noopener\">Gambetta<\/a>, des Halles et de toute la m\u00e9tropole, pr\u00eats \u00e0 faire go\u00fbter leurs sp\u00e9cialit\u00e9s de fin d\u2019ann\u00e9e. Au menu\u00a0: vin chaud (du vrai), bi\u00e8res de No\u00ebl, champagne, miel, <a href=\"https:\/\/www.lebonbon.fr\/lille\/les-tops-food-et-drink\/fromagerie-lille\/\" target=\"_blank\" rel=\"noopener\">fromages <\/a>de saison, pains d\u2019\u00e9pices, boudins blancs, et de quoi voyager du Portugal \u00e0 la Cor\u00e9e pour un maximum de plaisir.<\/p>\n<p>&#13;<\/p>\n<p>Et comme c\u2019est Wazemmes, l\u2019assiette n\u2019est jamais seule\u00a0: la fanfare Jukepop viendra mettre le feu, <strong>un karaok\u00e9 de No\u00ebl <\/strong>anim\u00e9 par Bertrand Fashion promet quelques grands moments et<strong> le P\u00e8re No\u00ebl lui-m\u00eame assurera la distribution de c\u00e2lins<\/strong> et de chocolat chaud.<\/p>\n<p>&#13;<\/p>\n<blockquote class=\"instagram-media\" data-instgrm-permalink=\"https:\/\/www.instagram.com\/p\/DRxTXJsgbPx\/?utm_source=ig_embed&amp;utm_campaign=loading\" data-instgrm-version=\"14\" style=\"background: #FFF; border: 0; border-radius: 3px; box-shadow: 0 0 1px 0 rgba(0,0,0,0.5),0 1px 10px 0 rgba(0,0,0,0.15); margin: 1px; max-width: 540px; min-width: 326px; padding: 0; width: calc(100% - 2px);\"><p>&#13;<br \/>\n&#13;\n<\/p><\/blockquote>\n<p>&#13;<br \/>\n&#13;<br \/>\n<b>Une f\u00eate populaire comme seul Wazemmes sait en faire<\/b>&#13;<\/p>\n<p><strong>Cr\u00e9\u00e9e en 2023 par Fran\u00e7ois Evrard<\/strong>, Waz\u2019en Bouche imagine des \u00e9v\u00e9nements qui <strong>remettent au centre les artisans<\/strong>, les vrais, ceux qui nourrissent Lille depuis toujours. Leur Nocturne gourmande version \u00e9t\u00e9 cartonne toujours, alors la d\u00e9clinaison de No\u00ebl est attendue comme le fromage sur une tartine chaude.<br \/>Sur place, <strong>l\u2019ambiance promet d\u2019\u00eatre \u00e0 l\u2019image du quartier<\/strong>\u00a0: color\u00e9e, vivante, g\u00e9n\u00e9reuse, avec des odeurs qui tirent dans tous les sens et des stands qui se r\u00e9pondent comme un grand banquet improvis\u00e9. Un vrai moment \u00e0 partager entre voisins, amis, coll\u00e8gues\u2026 tout ce qui fait Wazemmes.<\/p>\n<p>&#13;<\/p>\n<p><b>Nocturne de Wazemmes<br \/>Jeudi 11 d\u00e9cembre 2025, de 18h \u00e0 23h<br \/>Parvis des Halles de Wazemmes, Lille<\/b><\/p>\n<p><script async src=\"\/\/www.instagram.com\/embed.js\"><\/script><\/p>\n","protected":false},"excerpt":{"rendered":"Wazemmes rallume la magie\u00a0: une soir\u00e9e festive comme on les aime&#13; Apr\u00e8s des \u00e9ditions estivales qui ont retourn\u00e9&hellip;\n","protected":false},"author":2,"featured_media":578931,"comment_status":"","ping_status":"","sticky":false,"template":"","format":"standard","meta":{"footnotes":""},"categories":[2815],"tags":[1111,11,1777,674,1011,27,811,1307,12,25],"class_list":{"0":"post-578930","1":"post","2":"type-post","3":"status-publish","4":"format-standard","5":"has-post-thumbnail","7":"category-lille","8":"tag-actu","9":"tag-actualites","10":"tag-eu","11":"tag-europe","12":"tag-fr","13":"tag-france","14":"tag-hauts-de-france","15":"tag-lille","16":"tag-news","17":"tag-republique-francaise"},"share_on_mastodon":{"url":"https:\/\/pubeurope.com\/@fr\/115664714777767064","error":""},"_links":{"self":[{"href":"https:\/\/www.europesays.com\/fr\/wp-json\/wp\/v2\/posts\/578930","targetHints":{"allow":["GET"]}}],"collection":[{"href":"https:\/\/www.europesays.com\/fr\/wp-json\/wp\/v2\/posts"}],"about":[{"href":"https:\/\/www.europesays.com\/fr\/wp-json\/wp\/v2\/types\/post"}],"author":[{"embeddable":true,"href":"https:\/\/www.europesays.com\/fr\/wp-json\/wp\/v2\/users\/2"}],"replies":[{"embeddable":true,"href":"https:\/\/www.europesays.com\/fr\/wp-json\/wp\/v2\/comments?post=578930"}],"version-history":[{"count":0,"href":"https:\/\/www.europesays.com\/fr\/wp-json\/wp\/v2\/posts\/578930\/revisions"}],"wp:featuredmedia":[{"embeddable":true,"href":"https:\/\/www.europesays.com\/fr\/wp-json\/wp\/v2\/media\/578931"}],"wp:attachment":[{"href":"https:\/\/www.europesays.com\/fr\/wp-json\/wp\/v2\/media?parent=578930"}],"wp:term":[{"taxonomy":"category","embeddable":true,"href":"https:\/\/www.europesays.com\/fr\/wp-json\/wp\/v2\/categories?post=578930"},{"taxonomy":"post_tag","embeddable":true,"href":"https:\/\/www.europesays.com\/fr\/wp-json\/wp\/v2\/tags?post=578930"}],"curies":[{"name":"wp","href":"https:\/\/api.w.org\/{rel}","templated":true}]}}