{"id":578934,"date":"2025-12-05T02:58:14","date_gmt":"2025-12-05T02:58:14","guid":{"rendered":"https:\/\/www.europesays.com\/fr\/578934\/"},"modified":"2025-12-05T02:58:14","modified_gmt":"2025-12-05T02:58:14","slug":"a-marseille-une-centaine-de-profs-disent-non-a-des-remplacements-a-lechelle-du-departement","status":"publish","type":"post","link":"https:\/\/www.europesays.com\/fr\/578934\/","title":{"rendered":"\u00c0 Marseille, une centaine de profs disent \u00ab\u00a0non\u00a0\u00bb \u00e0 des remplacements \u00e0 l&rsquo;\u00e9chelle du d\u00e9partement"},"content":{"rendered":"<p>Une mauvaise nouvelle de plus pour le corps enseignant\u00a0? Apr\u00e8s la <a href=\"https:\/\/www.laprovence.com\/article\/societe\/1157026373044714\/4-000-suppressions-de-postes-d-enseignants-dans-des-endroits-il-n-y-a-plus-d-enfants-reagit-edouard-geffray\" target=\"_blank\" rel=\"noopener\">suppression de 4\u00a0018 postes de profs en\u00a02025-2026<\/a> &#8211; \u00ab\u00a0compens\u00e9e\u00a0\u00bb par 8\u00a0000 ouvertures de postes d\u2019enseignants stagiaires, une centaine de manifestants ont d\u00e9nonc\u00e9 ce jeudi 4\u00a0d\u00e9cembre le projet de refonte du syst\u00e8me des remplacements au sein du 1er degr\u00e9, devant le si\u00e8ge de l\u2019\u00c9ducation nationale \u00e0 Marseille (1er).<\/p>\n<p>Concr\u00e8tement, il s\u2019agit pour Franck Neff, secr\u00e9taire de Snudi- FO dans les Bouches-du-Rh\u00f4ne, \u00ab\u00a0d\u2019une triple peine\u00a0\u00bb\u00a0: si le projet passe dans le cadre des \u00e9conomies budg\u00e9taires, \u00ab\u00a0on subirait la suppression de la brigade d\u00e9di\u00e9e au r\u00e9seau d\u2019\u00e9ducation tr\u00e8s prioritaire avec une zone d\u2019affectation plus \u00e9tendue, ce qui augmenterait les d\u00e9placements quotidiens et de fait une baisse de nos indemnit\u00e9s\u00a0\u00bb.<\/p>\n<p>\u00ab\u00a0Plus on ira loin, plus on co\u00fbtera cher \u00e0 la collectivit\u00e9\u00a0\u00bb<\/p>\n<p>Prof rempla\u00e7ante entre <a href=\"https:\/\/www.laprovence.com\/region\/Edition-aix\" target=\"_blank\" rel=\"noopener\">Aix-en-Provence<\/a> et <a href=\"https:\/\/www.laprovence.com\/bouches-du-rhone\/rognac-13081\" target=\"_blank\" rel=\"noopener\">Rognac<\/a>, Mathilde fait \u00ab\u00a0beaucoup de d\u00e9placements\u00a0\u00bb. \u00ab\u00a0On m\u2019appelle parfois le dimanche soir pour le lundi matin. Avec le projet du gouvernement, on risque d\u2019avoir \u00e0 couvrir une zone de 50 kilom\u00e8tres autour de chez nous, ce qui est beaucoup trop vaste, car plus on ira loin, plus on co\u00fbtera cher \u00e0 la collectivit\u00e9. Et notre indemnit\u00e9, fix\u00e9e selon le type de remplacement effectu\u00e9, pourrait baisser lorsqu\u2019on remplace un poste administratif comme un ou une directrice d\u2019\u00e9cole, alors que les responsabilit\u00e9s \u00e0 ces postes sont importantes\u00a0\u00bb, critique-t-elle.<\/p>\n<p>S\u00e9bastien Fournier, du syndicat Snuipp-FSU 13, insiste \u00ab\u00a0dans notre d\u00e9partement, nous manquons d\u2019effectifs pour effectuer des remplacements dans les \u00e9tablissements les plus sensibles. La \u2019d\u00e9partementalisation\u2019 des remplacements va d\u00e9grader leurs conditions de travail\u00a0\u00bb. Contact\u00e9, le rectorat \u00ab\u00a0n\u2019est pas en mesure de fournir plus de pr\u00e9cisions pour le moment\u00a0\u00bb sur le projet gouvernemental.<\/p>\n","protected":false},"excerpt":{"rendered":"Une mauvaise nouvelle de plus pour le corps enseignant\u00a0? Apr\u00e8s la suppression de 4\u00a0018 postes de profs en\u00a02025-2026&hellip;\n","protected":false},"author":2,"featured_media":578935,"comment_status":"","ping_status":"","sticky":false,"template":"","format":"standard","meta":{"footnotes":""},"categories":[2814],"tags":[17,1111,11,10466,154,11352,1777,674,1011,27,884,12,2828,26501,882,16,68715,25,96],"class_list":{"0":"post-578934","1":"post","2":"type-post","3":"status-publish","4":"format-standard","5":"has-post-thumbnail","7":"category-marseille","8":"tag-17","9":"tag-actu","10":"tag-actualites","11":"tag-centaine","12":"tag-des","13":"tag-disent","14":"tag-eu","15":"tag-europe","16":"tag-fr","17":"tag-france","18":"tag-marseille","19":"tag-news","20":"tag-non","21":"tag-profs","22":"tag-provence-alpes-cote-dazur","23":"tag-region","24":"tag-remplacements","25":"tag-republique-francaise","26":"tag-une"},"share_on_mastodon":{"url":"https:\/\/pubeurope.com\/@fr\/115664722614751851","error":""},"_links":{"self":[{"href":"https:\/\/www.europesays.com\/fr\/wp-json\/wp\/v2\/posts\/578934","targetHints":{"allow":["GET"]}}],"collection":[{"href":"https:\/\/www.europesays.com\/fr\/wp-json\/wp\/v2\/posts"}],"about":[{"href":"https:\/\/www.europesays.com\/fr\/wp-json\/wp\/v2\/types\/post"}],"author":[{"embeddable":true,"href":"https:\/\/www.europesays.com\/fr\/wp-json\/wp\/v2\/users\/2"}],"replies":[{"embeddable":true,"href":"https:\/\/www.europesays.com\/fr\/wp-json\/wp\/v2\/comments?post=578934"}],"version-history":[{"count":0,"href":"https:\/\/www.europesays.com\/fr\/wp-json\/wp\/v2\/posts\/578934\/revisions"}],"wp:featuredmedia":[{"embeddable":true,"href":"https:\/\/www.europesays.com\/fr\/wp-json\/wp\/v2\/media\/578935"}],"wp:attachment":[{"href":"https:\/\/www.europesays.com\/fr\/wp-json\/wp\/v2\/media?parent=578934"}],"wp:term":[{"taxonomy":"category","embeddable":true,"href":"https:\/\/www.europesays.com\/fr\/wp-json\/wp\/v2\/categories?post=578934"},{"taxonomy":"post_tag","embeddable":true,"href":"https:\/\/www.europesays.com\/fr\/wp-json\/wp\/v2\/tags?post=578934"}],"curies":[{"name":"wp","href":"https:\/\/api.w.org\/{rel}","templated":true}]}}