{"id":578946,"date":"2025-12-05T03:06:30","date_gmt":"2025-12-05T03:06:30","guid":{"rendered":"https:\/\/www.europesays.com\/fr\/578946\/"},"modified":"2025-12-05T03:06:30","modified_gmt":"2025-12-05T03:06:30","slug":"rosalia-annonce-trois-concerts-a-paris-et-lyon-en-mars-2026","status":"publish","type":"post","link":"https:\/\/www.europesays.com\/fr\/578946\/","title":{"rendered":"Rosalia annonce trois concerts \u00e0 Paris et Lyon en mars 2026"},"content":{"rendered":"<p>\n    La chanteuse de pop catalane lancera sa nouvelle tourn\u00e9e Lux \u00e0 la LDL Arena le 16 mars, avant d\u2019investir l\u2019Accor Arena de Bercy les 18 et 20 mars. La billetterie ouvrira au grand public le 11 d\u00e9cembre.<\/p>\n<p class=\"fig-paragraph\">Les billets risquent de s\u2019\u00e9couler en quelques minutes. Star mondiale de la pop et du flamenco,<a href=\"http:\/\/www.lefigaro.fr\/musique\/le-retour-des-daft-punk-sur-les-albums-de-rosalia-et-orelsan-le-meme-jour-20251107\" data-fig-type=\"Article\" data-gtm-custom-categorie=\"navigation\" data-gtm-custom-action=\"crossclick\" data-gtm-custom-label=\"Contextuel\" data-gtm-event=\"customEventSPE\" data-fig-domain=\"LEFIGARO\" target=\"_blank\" rel=\"noopener\">\u00a0la chanteuse espagnole Rosalia<\/a>\u00a0a annonc\u00e9 jeudi 4 d\u00e9cembre la liste des 21 concerts de sa prochaine tourn\u00e9e internationale LUX. Et le public fran\u00e7ais peu s\u2019estimer heureux. L\u2019artiste de 33 ans passera, en effet, \u00e0 trois reprises dans l\u2019hexagone. Elle lancera la premi\u00e8re date de cette aventure \u00e0 Lyon, \u00e0 la LDLC Arena, le 16 mars. Avant de se rendre dans la capitale, les 18 et 20 mars, pour des concerts \u00e0 l\u2019Accor Arena, devant 20\u00a0000 spectateurs chaque soir.<\/p>\n<p class=\"fig-paragraph\">La derni\u00e8re de Rosalia en France remonte \u00e0 2022, lorsque la chanteuse s\u2019\u00e9tait produite \u00e0 Bercy \u00e0 l\u2019occasion de sa tourn\u00e9e Motomami World Tour. Cette fois, la Catalane viendra d\u00e9fendre\u00a0<a href=\"http:\/\/www.lefigaro.fr\/musique\/rosalia-et-pascal-comelade-albums-de-la-semaine-du-figaro-20251108\" data-fig-type=\"Article\" data-gtm-custom-categorie=\"navigation\" data-gtm-custom-action=\"crossclick\" data-gtm-custom-label=\"Contextuel\" data-gtm-event=\"customEventSPE\" data-fig-domain=\"LEFIGARO\" target=\"_blank\" rel=\"noopener\">son dernier album Lux<\/a>, tr\u00e8s bien accueilli par la critique et par ses fans au moment de sa publication au d\u00e9but du mois de novembre. Notre sp\u00e9cialiste cin\u00e9ma au Figaro, Olivier Nuc, a d\u00e9crit cet opus, le quatri\u00e8me de la carri\u00e8re de la chanteuse, comme \u00ab\u00a0une des plus grosses sorties de l\u2019ann\u00e9e\u00a0\u00bb. \u00ab\u00a0Une symphonie pop \u00e0 l\u2019ambition d\u00e9lirante, truff\u00e9e d\u2019id\u00e9es et d\u2019influences canalis\u00e9es avec beaucoup de virtuosit\u00e9\u00a0\u00bb, d\u00e9crit-il.<\/p>\n<p>                                            <a class=\"fig-a11y-skip\" href=\"#fig-a11y-skip-main-inarticle\" data-module=\"a11y-skip\" data-context=\"was @visible\"><br \/>\n    Passer la publicit\u00e9<br \/>\n<\/a>            <\/p>\n<p class=\"fig-paragraph\"><strong>Rosalia Bj\u00f6rk et Yves Tumor\u00a0&#8211;\u00a0<\/strong><strong>Berghain<\/strong> <strong>\u00a0(2025)<\/strong><\/p>\n<p>                                            Ouverture de la billetterie le 11 d\u00e9cembre<\/p>\n<p class=\"fig-paragraph\">Grande habitu\u00e9e du RnB et du reggaeton, la chanteuse a cass\u00e9 ses propres codes en incluant une dimension classique \u00e0 son \u0153uvre. Dans les cr\u00e9dits du disque\u00a0: l\u2019orchestre symphonique de Londres, dirig\u00e9 par Dan\u00edel Bjarnason, chef d\u2019orchestre islandais. Rosalia a pouss\u00e9 cette nouvelle direction artistique jusqu\u2019\u00e0 ses clips vid\u00e9o, qui ressemblent \u00e0 de v\u00e9ritables productions cin\u00e9matographiques.<\/p>\n<p class=\"fig-body-link\">\n            \u00c0 lire aussi<br \/>\n        <a class=\"fig-body-link__link fig-premium-mark\" href=\"http:\/\/www.lefigaro.fr\/medias\/de-lady-gaga-a-taylor-swift-les-super-fans-ces-groupies-nouvelle-generation-devenues-la-mine-d-or-de-l-industrie-musicale-20251115\" target=\"_blank\" data-fig-type=\"Article\" rel=\"noopener\" data-gtm-custom-categorie=\"navigation\" data-gtm-custom-action=\"crossclick\" data-gtm-custom-label=\"Contextuel\" data-gtm-event=\"customEventSPE\" data-fig-domain=\"LEFIGARO\"><\/p>\n<p>        De Lady Gaga \u00e0 Taylor Swift, les \u00absuper fans\u00bb, ces groupies nouvelle g\u00e9n\u00e9ration devenues la mine d\u2019or de l\u2019industrie musicale<br \/>\n    <\/a>\n<\/p>\n<p class=\"fig-paragraph\">Les fans de la chanteuse devront se ruer sur la billetterie le jeudi 11 d\u00e9cembre, \u00e0 10 heures, s\u2019ils souhaitent se procurer une place pour les concerts lyonnais et parisiens. Apr\u00e8s ses dates fran\u00e7aises, la star de la pop voyagera dans les plus grandes salles italiennes, espagnoles, portugaises, allemandes, anglaises et am\u00e9ricaines. Elle ira ensuite en Am\u00e9rique du Sud, o\u00f9 le public l\u2019attend en Argentine et au Chili jusqu\u2019au 13 d\u00e9cembre.<\/p>\n","protected":false},"excerpt":{"rendered":"La chanteuse de pop catalane lancera sa nouvelle tourn\u00e9e Lux \u00e0 la LDL Arena le 16 mars, avant&hellip;\n","protected":false},"author":2,"featured_media":578947,"comment_status":"","ping_status":"","sticky":false,"template":"","format":"standard","meta":{"footnotes":""},"categories":[1888],"tags":[1111,1928,11,1927,1697,1777,674,1011,27,12,1926,626,1925,25,69304],"class_list":{"0":"post-578946","1":"post","2":"type-post","3":"status-publish","4":"format-standard","5":"has-post-thumbnail","7":"category-paris","8":"tag-actu","9":"tag-actu-paris","10":"tag-actualites","11":"tag-actualites-paris","12":"tag-concert","13":"tag-eu","14":"tag-europe","15":"tag-fr","16":"tag-france","17":"tag-news","18":"tag-news-paris","19":"tag-paris","20":"tag-paris-news","21":"tag-republique-francaise","22":"tag-rosalia"},"share_on_mastodon":{"url":"https:\/\/pubeurope.com\/@fr\/115664754174916022","error":""},"_links":{"self":[{"href":"https:\/\/www.europesays.com\/fr\/wp-json\/wp\/v2\/posts\/578946","targetHints":{"allow":["GET"]}}],"collection":[{"href":"https:\/\/www.europesays.com\/fr\/wp-json\/wp\/v2\/posts"}],"about":[{"href":"https:\/\/www.europesays.com\/fr\/wp-json\/wp\/v2\/types\/post"}],"author":[{"embeddable":true,"href":"https:\/\/www.europesays.com\/fr\/wp-json\/wp\/v2\/users\/2"}],"replies":[{"embeddable":true,"href":"https:\/\/www.europesays.com\/fr\/wp-json\/wp\/v2\/comments?post=578946"}],"version-history":[{"count":0,"href":"https:\/\/www.europesays.com\/fr\/wp-json\/wp\/v2\/posts\/578946\/revisions"}],"wp:featuredmedia":[{"embeddable":true,"href":"https:\/\/www.europesays.com\/fr\/wp-json\/wp\/v2\/media\/578947"}],"wp:attachment":[{"href":"https:\/\/www.europesays.com\/fr\/wp-json\/wp\/v2\/media?parent=578946"}],"wp:term":[{"taxonomy":"category","embeddable":true,"href":"https:\/\/www.europesays.com\/fr\/wp-json\/wp\/v2\/categories?post=578946"},{"taxonomy":"post_tag","embeddable":true,"href":"https:\/\/www.europesays.com\/fr\/wp-json\/wp\/v2\/tags?post=578946"}],"curies":[{"name":"wp","href":"https:\/\/api.w.org\/{rel}","templated":true}]}}