{"id":578948,"date":"2025-12-05T03:07:21","date_gmt":"2025-12-05T03:07:21","guid":{"rendered":"https:\/\/www.europesays.com\/fr\/578948\/"},"modified":"2025-12-05T03:07:21","modified_gmt":"2025-12-05T03:07:21","slug":"municipales-2026-a-paris-le-candidat-ecologiste-david-belliard-propose-la-gratuite-des-bus-2","status":"publish","type":"post","link":"https:\/\/www.europesays.com\/fr\/578948\/","title":{"rendered":"Municipales 2026 \u00e0 Paris\u00a0: le candidat \u00e9cologiste\u00a0David Belliard propose la gratuit\u00e9 des bus"},"content":{"rendered":"<p>Le <a href=\"https:\/\/rennes.maville.com\/actu\/actudet_-municipales-a-paris-david-belliard-gagne-l-investiture-des-ecologistes-pour-2026-_54135-6731084_actu.Htm\" target=\"_self\" rel=\"noopener\">candidat \u00e9cologiste \u00e0 la mairie de Paris\u00a0David Belliard<\/a> a propos\u00e9 que les bus soient gratuits pour les habitants de la capitale, indique<a href=\"https:\/\/www.leparisien.fr\/elections\/municipales\/municipales-2026-a-paris-lecologiste-david-belliard-propose-la-gratuite-des-bus-pour-les-parisiens-04-12-2025-5ZJZD42GI5FCLER6VAB5J2PN54.php\" rel=\"nofollow noopener\" target=\"_self\">  Le Parisien <\/a> ce jeudi 4\u00a0d\u00e9cembre 2025.<\/p>\n<p><strong>\u00ab\u00a0On a transform\u00e9 tr\u00e8s fortement Paris pendant ce mandat. Mais pour r\u00e9ussir ces transformations, ces changements d\u2019habitude, il faut aussi proposer des solutions. Je veux que le bus devienne rapide et gratuit pour les Parisiens\u00a0\u00bb,<\/strong> affirme l\u2019actuel adjoint \u00e0 la mairie en charge notamment des transports.<\/p>\n<p>Cette gratuit\u00e9 fonctionnerait via un passe retirable en mairie uniquement pour les lignes circulant \u00e0 l\u2019int\u00e9rieur de Paris. Le plan, qui s\u2019accompagne d\u2019une cr\u00e9ation de 40\u00a0kilom\u00e8tres de nouvelles voies de bus, est estim\u00e9 \u00e0 30\u00a0millions d\u2019euros.<\/p>\n<p><strong>Lire aussi<\/strong>\u00a0: <a href=\"https:\/\/caen.maville.com\/actu\/actudet_-niort-rouen-dunkerque...-les-transports-gratuits-gagnent-encore-du-terrain-_54135-6990434_actu.Htm\" target=\"_self\" rel=\"noopener\">Niort, Rouen, Dunkerque\u2026 Les transports gratuits gagnent encore du terrain<\/a><\/p>\n<p>Une mesure d\u00e9j\u00e0 critiqu\u00e9e<\/p>\n<p>\u00c0 peine annonc\u00e9e, cette mesure a d\u00e9j\u00e0 \u00e9t\u00e9 critiqu\u00e9e par ses opposants. <strong>\u00ab\u00a0La gratuit\u00e9 n\u2019existe pas\u00a0\u00bb,<\/strong> a r\u00e9torqu\u00e9 le candidat Horizons \u00e0 la mairie de Paris <a href=\"https:\/\/rennes.maville.com\/actu\/actudet_-municipales-a-paris-qui-est-pierre-yves-bournazel-candidat-horizons-et-renaissance-_54135-7041909_actu.Htm\" target=\"_self\" rel=\"noopener\">Pierre-Yves Bournazel, soutenu par Renaissance<\/a>. <strong>\u00ab\u00a0Il y a toujours quelqu\u2019un qui paye\u00a0: si ce n\u2019est pas l\u2019usager du bus, ce sera le contribuable via la taxe fonci\u00e8re ou l\u2019usager d\u2019autres services publics locaux\u00a0\u00bb,<\/strong> a-t-il ajout\u00e9.<\/p>\n<p>Le candidat socialiste Emmanuel Gr\u00e9goire <a href=\"https:\/\/rennes.maville.com\/actu\/actudet_-info-ouest-france.-municipales-a-paris-les-projets-bus-express-et-grandes-berges-d-emmanuel-gregoire-_53511-7065497_actu.Htm\" target=\"_self\" rel=\"noopener\">avait de son c\u00f4t\u00e9 annonc\u00e9 \u00e0 Ouest-France <\/a> sa volont\u00e9 de cr\u00e9er des voies express de bus pour les dix lignes les plus emprunt\u00e9es.<\/p>\n<p>Plusieurs villes <a href=\"https:\/\/rennes.maville.com\/actu\/actudet_-carte.-quelles-sont-les-villes-qui-proposent-des-transports-en-commun-gratuits-_54135-6990704_actu.Htm\" target=\"_self\" rel=\"noopener\">proposent des transports en commun gratuits comme Montpelier ou Dunkerque<\/a>. D\u2019autres proposent une gratuit\u00e9 en fonction de l\u2019\u00e2ge (Rouen, Marseille\u2026) ou seulement le week-end (Limoges, Nantes\u2026). Une mesure de plus en plus pl\u00e9biscit\u00e9e m\u00eame si <a href=\"https:\/\/rennes.maville.com\/actu\/actudet_-qui-paie-la-gratuite-des-transports-urbains-les-reponses-decapantes-de-la-cour-des-comptes-_54135-6990524_actu.Htm\" target=\"_self\" rel=\"noopener\">elle suscite quelques r\u00e9serves de la part de la Cour des comptes<\/a>.<\/p>\n<p>\u00a0<\/p>\n","protected":false},"excerpt":{"rendered":"Le candidat \u00e9cologiste \u00e0 la mairie de Paris\u00a0David Belliard a propos\u00e9 que les bus soient gratuits pour les&hellip;\n","protected":false},"author":2,"featured_media":578949,"comment_status":"","ping_status":"","sticky":false,"template":"","format":"standard","meta":{"footnotes":""},"categories":[1888],"tags":[5734,11,69305,10809,7048,426,8842,25199,1777,674,1011,27,27499,3554,12,626,6088,25],"class_list":{"0":"post-578948","1":"post","2":"type-post","3":"status-publish","4":"format-standard","5":"has-post-thumbnail","7":"category-paris","8":"tag-5734","9":"tag-actualites","10":"tag-belliard","11":"tag-brignoles","12":"tag-bus","13":"tag-candidat","14":"tag-david","15":"tag-ecologiste","16":"tag-eu","17":"tag-europe","18":"tag-fr","19":"tag-france","20":"tag-gratuite","21":"tag-municipales","22":"tag-news","23":"tag-paris","24":"tag-propose","25":"tag-republique-francaise"},"share_on_mastodon":{"url":"https:\/\/pubeurope.com\/@fr\/115664758122960874","error":""},"_links":{"self":[{"href":"https:\/\/www.europesays.com\/fr\/wp-json\/wp\/v2\/posts\/578948","targetHints":{"allow":["GET"]}}],"collection":[{"href":"https:\/\/www.europesays.com\/fr\/wp-json\/wp\/v2\/posts"}],"about":[{"href":"https:\/\/www.europesays.com\/fr\/wp-json\/wp\/v2\/types\/post"}],"author":[{"embeddable":true,"href":"https:\/\/www.europesays.com\/fr\/wp-json\/wp\/v2\/users\/2"}],"replies":[{"embeddable":true,"href":"https:\/\/www.europesays.com\/fr\/wp-json\/wp\/v2\/comments?post=578948"}],"version-history":[{"count":0,"href":"https:\/\/www.europesays.com\/fr\/wp-json\/wp\/v2\/posts\/578948\/revisions"}],"wp:featuredmedia":[{"embeddable":true,"href":"https:\/\/www.europesays.com\/fr\/wp-json\/wp\/v2\/media\/578949"}],"wp:attachment":[{"href":"https:\/\/www.europesays.com\/fr\/wp-json\/wp\/v2\/media?parent=578948"}],"wp:term":[{"taxonomy":"category","embeddable":true,"href":"https:\/\/www.europesays.com\/fr\/wp-json\/wp\/v2\/categories?post=578948"},{"taxonomy":"post_tag","embeddable":true,"href":"https:\/\/www.europesays.com\/fr\/wp-json\/wp\/v2\/tags?post=578948"}],"curies":[{"name":"wp","href":"https:\/\/api.w.org\/{rel}","templated":true}]}}