{"id":578952,"date":"2025-12-05T03:09:15","date_gmt":"2025-12-05T03:09:15","guid":{"rendered":"https:\/\/www.europesays.com\/fr\/578952\/"},"modified":"2025-12-05T03:09:15","modified_gmt":"2025-12-05T03:09:15","slug":"la-russie-reaffirme-sa-position-inebranlable-sur-la-question-palestinienne","status":"publish","type":"post","link":"https:\/\/www.europesays.com\/fr\/578952\/","title":{"rendered":"La Russie r\u00e9affirme sa position in\u00e9branlable sur la question palestinienne"},"content":{"rendered":"<p style=\"text-align:justify\">\u00a0<\/p>\n<p style=\"text-align:justify\">Moscou, le 4 d\u00e9cembre 2025, WAFA \u2013 Le vice-ministre russe des Affaires \u00e9trang\u00e8res, Sergue\u00ef Vershinin, a r\u00e9affirm\u00e9 jeudi, la position in\u00e9branlable de son pays sur la question palestinienne, soulignant que le soutien aux droits l\u00e9gitimes du peuple palestinien et \u00e0 la cr\u00e9ation de son \u00c9tat ind\u00e9pendant constitue un pilier fondamental de la politique de Moscou au Moyen-Orient.<\/p>\n<p style=\"text-align:justify\">Dans un communiqu\u00e9 de presse publi\u00e9 par le minist\u00e8re russe des Affaires \u00e9trang\u00e8res, M. Vershinin a expliqu\u00e9 que Moscou continue de jouer un r\u00f4le actif dans les efforts visant \u00e0 instaurer la stabilit\u00e9 r\u00e9gionale en soutenant les voies diplomatiques et en coordonnant ses positions avec ses partenaires internationaux afin de pr\u00e9venir toute escalade des tensions dans la r\u00e9gion.<\/p>\n<p style=\"text-align:justify\">F.N<\/p>\n","protected":false},"excerpt":{"rendered":"\u00a0 Moscou, le 4 d\u00e9cembre 2025, WAFA \u2013 Le vice-ministre russe des Affaires \u00e9trang\u00e8res, Sergue\u00ef Vershinin, a r\u00e9affirm\u00e9&hellip;\n","protected":false},"author":2,"featured_media":578953,"comment_status":"","ping_status":"","sticky":false,"template":"","format":"standard","meta":{"footnotes":""},"categories":[1591],"tags":[11,1887,12,1885,1886,132],"class_list":{"0":"post-578952","1":"post","2":"type-post","3":"status-publish","4":"format-standard","5":"has-post-thumbnail","7":"category-russie","8":"tag-actualites","9":"tag-federation-de-russie","10":"tag-news","11":"tag-russia","12":"tag-russian-federation","13":"tag-russie"},"share_on_mastodon":{"url":"https:\/\/pubeurope.com\/@fr\/115664765836114702","error":""},"_links":{"self":[{"href":"https:\/\/www.europesays.com\/fr\/wp-json\/wp\/v2\/posts\/578952","targetHints":{"allow":["GET"]}}],"collection":[{"href":"https:\/\/www.europesays.com\/fr\/wp-json\/wp\/v2\/posts"}],"about":[{"href":"https:\/\/www.europesays.com\/fr\/wp-json\/wp\/v2\/types\/post"}],"author":[{"embeddable":true,"href":"https:\/\/www.europesays.com\/fr\/wp-json\/wp\/v2\/users\/2"}],"replies":[{"embeddable":true,"href":"https:\/\/www.europesays.com\/fr\/wp-json\/wp\/v2\/comments?post=578952"}],"version-history":[{"count":0,"href":"https:\/\/www.europesays.com\/fr\/wp-json\/wp\/v2\/posts\/578952\/revisions"}],"wp:featuredmedia":[{"embeddable":true,"href":"https:\/\/www.europesays.com\/fr\/wp-json\/wp\/v2\/media\/578953"}],"wp:attachment":[{"href":"https:\/\/www.europesays.com\/fr\/wp-json\/wp\/v2\/media?parent=578952"}],"wp:term":[{"taxonomy":"category","embeddable":true,"href":"https:\/\/www.europesays.com\/fr\/wp-json\/wp\/v2\/categories?post=578952"},{"taxonomy":"post_tag","embeddable":true,"href":"https:\/\/www.europesays.com\/fr\/wp-json\/wp\/v2\/tags?post=578952"}],"curies":[{"name":"wp","href":"https:\/\/api.w.org\/{rel}","templated":true}]}}