{"id":578961,"date":"2025-12-05T03:14:17","date_gmt":"2025-12-05T03:14:17","guid":{"rendered":"https:\/\/www.europesays.com\/fr\/578961\/"},"modified":"2025-12-05T03:14:17","modified_gmt":"2025-12-05T03:14:17","slug":"la-production-dananas-du-costa-rica-est-de-moins-en-moins-reguliere-chronique-des-matieres-premieres","status":"publish","type":"post","link":"https:\/\/www.europesays.com\/fr\/578961\/","title":{"rendered":"La production d&rsquo;ananas du Costa Rica est de moins en moins r\u00e9guli\u00e8re &#8211; Chronique des mati\u00e8res premi\u00e8res"},"content":{"rendered":"<p>\n                                                L&rsquo;ananas du Costa Rica s&rsquo;est impos\u00e9 sur le march\u00e9 mondial depuis une dizaine d&rsquo;ann\u00e9es. En Europe, il repr\u00e9sente presque 90% des importations. Les pays europ\u00e9ens sont donc totalement d\u00e9pendants du Costa Rica pour leur approvisionnement, et souffrent d\u00e8s que la production costaricaine est sous tension, ce qui se produit de plus en plus souvent.\u00a0                    <\/p>\n<p>Sous l&rsquo;effet du changement climatique,\u00a0la production d&rsquo;ananas du Costa Rica ne baisse pas, mais elle devient irr\u00e9guli\u00e8re et difficile \u00e0 planifier, explique Thierry Paqui, expert de la fili\u00e8re et consultant pour FruiTrop.\u00a0<\/p>\n<p>Les grosses pluies de la fin d&rsquo;ann\u00e9e 2024, par exemple, ont retard\u00e9 les plantations de trois mois. La r\u00e9colte qui arrive 14 mois plus tard est elle aussi d\u00e9cal\u00e9e. Concr\u00e8tement, il y aura beaucoup moins d&rsquo;ananas costaricains que pr\u00e9vu sur le march\u00e9 au premier trimestre 2026 et jusqu&rsquo;\u00e0 P\u00e2ques. Les prix spots seront tir\u00e9s vers le haut. Ces prix sont ceux des fruits frais qui sont achet\u00e9s en derni\u00e8re minute, pour compl\u00e9ter les volumes exp\u00e9di\u00e9s dans le cadre de contrats d&rsquo;approvisionnement souscrits sur plusieurs mois.<\/p>\n<p> La tentation de l&rsquo;industrie du jus <\/p>\n<p>La disponibilit\u00e9 sur le march\u00e9 europ\u00e9en n&rsquo;est pas seulement li\u00e9e au climat. Elle est aussi tributaire des arbitrages des producteurs costaricains. Certains sont en effet tent\u00e9s de r\u00e9pondre \u00e0 la demande de l&rsquo;industrie du jus, qui a souffert ces derni\u00e8res ann\u00e9es d&rsquo;un manque d&rsquo;oranges et offre des prix attrayants. Cette part d\u00e9di\u00e9e \u00e0 la transformation limite les volumes export\u00e9s vers l&rsquo;Europe, affecte la r\u00e9gularit\u00e9 des op\u00e9rations et accentue les d\u00e9s\u00e9quilibres ponctuels sur le march\u00e9.\u00a0<\/p>\n<p>Les ananas costaricains restent par ailleurs en majorit\u00e9 dirig\u00e9s vers les <strong><a target=\"_self\" href=\"https:\/\/www.rfi.fr\/fr\/tag\/\u00e9tats-unis\/\" class=\"gtm-add-suggested-tag\" rel=\"noopener\">\u00c9tats-Unis<\/a><\/strong>, qui repr\u00e9sentent 55% du march\u00e9 d&rsquo;exportation du <strong><a target=\"_self\" href=\"https:\/\/www.rfi.fr\/fr\/tag\/costa-rica\/\" class=\"gtm-add-suggested-tag\" rel=\"noopener\">Costa Rica<\/a><\/strong>, en raison de sa proximit\u00e9 g\u00e9ographique et d&rsquo;une forte demande am\u00e9ricaine, explique Thierry Paqui.\u00a0<\/p>\n<p> Moins d&rsquo;achats spots, plus de contrats <\/p>\n<p>Pour garantir leur approvisionnement, les importateurs europ\u00e9ens ach\u00e8tent donc de plus en plus leurs fruits via des contrats annuels ou semestriels. 80% au moins des achats europ\u00e9ens sont contractualis\u00e9s, contre 60 \u00e0 70% avant 2020. Les volumes qui restent et sont command\u00e9s au gr\u00e9 des besoins de la grande distribution sont logiquement de plus en plus faibles.\u00a0<\/p>\n<p>\u00ab\u00a0Depuis la hausse des co\u00fbts du transport maritime en 2022, les importateurs \u00e9vitent de surcharger le march\u00e9 avec des fruits qui ne sont pas inclus dans un contrat\u00a0\u00bb,\u00a0explique l&rsquo;expert de la fili\u00e8re. Dans les p\u00e9riodes o\u00f9 la production est plus hasardeuse, ces volumes spots qui servent d&rsquo;ajustement ont tendance \u00e0 se r\u00e9duire encore plus. Cette situation cr\u00e9e un sentiment de manque et raffermit les cours sur ce march\u00e9 libre de l&rsquo;ananas.<\/p>\n<p class=\"a-read-more\">\u00c0 lire aussi<a target=\"_self\" href=\"https:\/\/www.rfi.fr\/fr\/podcasts\/chronique-des-mati\u00e8res-premi\u00e8res\/20221106-une-rentr\u00e9e-apathique-pour-l-ananas\" class=\"a-read-more__link\" rel=\"noopener\">Une rentr\u00e9e apathique pour l&rsquo;ananas<\/a><\/p>\n","protected":false},"excerpt":{"rendered":"L&rsquo;ananas du Costa Rica s&rsquo;est impos\u00e9 sur le march\u00e9 mondial depuis une dizaine d&rsquo;ann\u00e9es. En Europe, il repr\u00e9sente&hellip;\n","protected":false},"author":2,"featured_media":578962,"comment_status":"","ping_status":"","sticky":false,"template":"","format":"standard","meta":{"footnotes":""},"categories":[1586],"tags":[11,9099,2578,897,33,1777,674,1011,27,6848,12,25,364],"class_list":{"0":"post-578961","1":"post","2":"type-post","3":"status-publish","4":"format-standard","5":"has-post-thumbnail","7":"category-europe","8":"tag-actualites","9":"tag-chronique-des-matieres-premieres","10":"tag-commerce-et-echanges","11":"tag-costa-rica","12":"tag-economie","13":"tag-eu","14":"tag-europe","15":"tag-fr","16":"tag-france","17":"tag-matieres-premieres","18":"tag-news","19":"tag-republique-francaise","20":"tag-union-europeenne"},"share_on_mastodon":{"url":"https:\/\/pubeurope.com\/@fr\/115664785570552592","error":""},"_links":{"self":[{"href":"https:\/\/www.europesays.com\/fr\/wp-json\/wp\/v2\/posts\/578961","targetHints":{"allow":["GET"]}}],"collection":[{"href":"https:\/\/www.europesays.com\/fr\/wp-json\/wp\/v2\/posts"}],"about":[{"href":"https:\/\/www.europesays.com\/fr\/wp-json\/wp\/v2\/types\/post"}],"author":[{"embeddable":true,"href":"https:\/\/www.europesays.com\/fr\/wp-json\/wp\/v2\/users\/2"}],"replies":[{"embeddable":true,"href":"https:\/\/www.europesays.com\/fr\/wp-json\/wp\/v2\/comments?post=578961"}],"version-history":[{"count":0,"href":"https:\/\/www.europesays.com\/fr\/wp-json\/wp\/v2\/posts\/578961\/revisions"}],"wp:featuredmedia":[{"embeddable":true,"href":"https:\/\/www.europesays.com\/fr\/wp-json\/wp\/v2\/media\/578962"}],"wp:attachment":[{"href":"https:\/\/www.europesays.com\/fr\/wp-json\/wp\/v2\/media?parent=578961"}],"wp:term":[{"taxonomy":"category","embeddable":true,"href":"https:\/\/www.europesays.com\/fr\/wp-json\/wp\/v2\/categories?post=578961"},{"taxonomy":"post_tag","embeddable":true,"href":"https:\/\/www.europesays.com\/fr\/wp-json\/wp\/v2\/tags?post=578961"}],"curies":[{"name":"wp","href":"https:\/\/api.w.org\/{rel}","templated":true}]}}