{"id":578967,"date":"2025-12-05T03:17:15","date_gmt":"2025-12-05T03:17:15","guid":{"rendered":"https:\/\/www.europesays.com\/fr\/578967\/"},"modified":"2025-12-05T03:17:15","modified_gmt":"2025-12-05T03:17:15","slug":"israel-maintenu-dans-le-concours-pays-bas-espagne-irlande-et-slovenie-boycotteront-ledition-2026-liberation","status":"publish","type":"post","link":"https:\/\/www.europesays.com\/fr\/578967\/","title":{"rendered":"Isra\u00ebl maintenu dans le concours, Pays-Bas, Espagne, Irlande et Slov\u00e9nie boycotteront l\u2019\u00e9dition 2026 \u2013 Lib\u00e9ration"},"content":{"rendered":"<p class=\"sc-cPiKLX AiZTS text-element\">Les tensions ne devraient pas s\u2019apaiser au sein de l\u2019Eurovision. Les membres de l\u2019Union europ\u00e9enne de radiot\u00e9l\u00e9vision (UER), r\u00e9unis \u00e0 Gen\u00e8ve ce jeudi 4 d\u00e9cembre, ont pris la d\u00e9cision de ne pas exclure Isra\u00ebl du concours. En protestation, quatre pays ont d\u00e9j\u00e0 annonc\u00e9 qu\u2019ils boycotteront la prochaine \u00e9dition, organis\u00e9e en mai \u00e0 Vienne : l\u2019Espagne, les Pays-Bas, l\u2019Irlande et la Slov\u00e9nie. La Belgique, l\u2019Islande et sans doute d\u2019autres membres doivent communiquer leur d\u00e9cision dans les prochains jours. De son c\u00f4t\u00e9, France T\u00e9l\u00e9visions avait annonc\u00e9 que sa participation n\u2019\u00e9tait pas remise en cause. <\/p>\n<p class=\"sc-cPiKLX AiZTS text-element\">Depuis deux ans, la pr\u00e9sence de l\u2019Etat h\u00e9breu \u00e9tait critiqu\u00e9e de fa\u00e7on r\u00e9p\u00e9t\u00e9e par <a href=\"https:\/\/www.liberation.fr\/international\/europe\/eurovision-2025-comme-en-2024-une-nouvelle-vague-dappels-a-lexclusion-disrael-du-concours-20250509_JWT6PJN3ZVG7FPPNOAPWQ4FTSE\/\" target=\"_blank\" rel=\"noreferrer noopener\" title=\"https:\/\/www.liberation.fr\/international\/europe\/eurovision-2025-comme-en-2024-une-nouvelle-vague-dappels-a-lexclusion-disrael-du-concours-20250509_JWT6PJN3ZVG7FPPNOAPWQ4FTSE\/\">plusieurs d\u00e9l\u00e9gations qui r\u00e9clamaient son \u00e9viction<\/a>, en raison de la guerre \u00e0 Gaza et d\u2019accusations de non-respect du r\u00e8glement. Afin d\u2019\u00e9viter la catastrophe, l\u2019UER avait propos\u00e9 une s\u00e9rie de nouvelles r\u00e8gles visant \u00e0 contenter tous les pays membres et \u00e0 mieux encadrer la comp\u00e9tition. Les changements ont convaincu une majorit\u00e9 de membres et permis au diffuseur isra\u00e9lien KAN, qui ne conna\u00eetra donc pas le sort du B<\/p>\n","protected":false},"excerpt":{"rendered":"Les tensions ne devraient pas s\u2019apaiser au sein de l\u2019Eurovision. Les membres de l\u2019Union europ\u00e9enne de radiot\u00e9l\u00e9vision (UER),&hellip;\n","protected":false},"author":2,"featured_media":578968,"comment_status":"","ping_status":"","sticky":false,"template":"","format":"standard","meta":{"footnotes":""},"categories":[2],"tags":[11,2399,1011,27,664,3523,12,25],"class_list":{"0":"post-578967","1":"post","2":"type-post","3":"status-publish","4":"format-standard","5":"has-post-thumbnail","7":"category-actualites","8":"tag-actualites","9":"tag-eurovision","10":"tag-fr","11":"tag-france","12":"tag-israel","13":"tag-israel-palestine-conflit","14":"tag-news","15":"tag-republique-francaise"},"share_on_mastodon":{"url":"https:\/\/pubeurope.com\/@fr\/115664797358529576","error":""},"_links":{"self":[{"href":"https:\/\/www.europesays.com\/fr\/wp-json\/wp\/v2\/posts\/578967","targetHints":{"allow":["GET"]}}],"collection":[{"href":"https:\/\/www.europesays.com\/fr\/wp-json\/wp\/v2\/posts"}],"about":[{"href":"https:\/\/www.europesays.com\/fr\/wp-json\/wp\/v2\/types\/post"}],"author":[{"embeddable":true,"href":"https:\/\/www.europesays.com\/fr\/wp-json\/wp\/v2\/users\/2"}],"replies":[{"embeddable":true,"href":"https:\/\/www.europesays.com\/fr\/wp-json\/wp\/v2\/comments?post=578967"}],"version-history":[{"count":0,"href":"https:\/\/www.europesays.com\/fr\/wp-json\/wp\/v2\/posts\/578967\/revisions"}],"wp:featuredmedia":[{"embeddable":true,"href":"https:\/\/www.europesays.com\/fr\/wp-json\/wp\/v2\/media\/578968"}],"wp:attachment":[{"href":"https:\/\/www.europesays.com\/fr\/wp-json\/wp\/v2\/media?parent=578967"}],"wp:term":[{"taxonomy":"category","embeddable":true,"href":"https:\/\/www.europesays.com\/fr\/wp-json\/wp\/v2\/categories?post=578967"},{"taxonomy":"post_tag","embeddable":true,"href":"https:\/\/www.europesays.com\/fr\/wp-json\/wp\/v2\/tags?post=578967"}],"curies":[{"name":"wp","href":"https:\/\/api.w.org\/{rel}","templated":true}]}}