{"id":578969,"date":"2025-12-05T03:18:19","date_gmt":"2025-12-05T03:18:19","guid":{"rendered":"https:\/\/www.europesays.com\/fr\/578969\/"},"modified":"2025-12-05T03:18:19","modified_gmt":"2025-12-05T03:18:19","slug":"faut-il-sinquieter-du-coronavirus-mers-identifie-pour-la-premiere-fois-en-france-depuis-2013","status":"publish","type":"post","link":"https:\/\/www.europesays.com\/fr\/578969\/","title":{"rendered":"faut-il s&rsquo;inqui\u00e9ter du coronavirus MERS, identifi\u00e9 pour la premi\u00e8re fois en France depuis 2013 ?"},"content":{"rendered":"<p class=\"article-p mdl\">Deux cas de coronavirus du syndrome respiratoire du Moyen-Orient (MERS-CoV) ont \u00e9t\u00e9 identifi\u00e9s en France sur des personnes \u00ab\u00a0de retour de l&rsquo;\u00e9tranger\u00a0\u00bb, a annonc\u00e9 mercredi le minist\u00e8re de la Sant\u00e9 dans\u00a0<a class=\"link\" href=\"https:\/\/sante.gouv.fr\/actualites-presse\/presse\/communiques-de-presse\/article\/deux-cas-de-mers-cov-de-retour-de-l-etranger-identifies-sur-le-territoire\" target=\"_blank\" rel=\"noopener\">un communiqu\u00e9<\/a>.\u00a0<\/p>\n<p class=\"article-p mdl\">\u00ab\u00a0Ces deux cas ont \u00e9t\u00e9 confirm\u00e9s \u00e0 la suite de sympt\u00f4mes \u00e9vocateurs et de la notion d&rsquo;un voyage commun en p\u00e9ninsule Arabique\u00a0\u00bb, ajoute le minist\u00e8re qui pr\u00e9cise que \u00ab\u00a0les mesures de gestion ont \u00e9t\u00e9 mises en place pour limiter le risque de transmission du virus\u00a0\u00bb. Ces patients ont \u00e9t\u00e9 pris en charge \u00e0 l&rsquo;h\u00f4pital \u00ab\u00a0par mesure de pr\u00e9caution\u00a0\u00bb, a affirm\u00e9 la ministre de la Sant\u00e9 St\u00e9phanie Rist, cit\u00e9e dans le communiqu\u00e9.\u00a0\u00a0<\/p>\n<p class=\"article-p mdl\">Marie-Anne Rameix-Welti, responsable du Centre national de r\u00e9f\u00e9rence sur les virus des infections respiratoires \u00e0 l&rsquo;Institut Pasteur, invite \u00e0 \u00ab\u00a0ne pas s&rsquo;inqui\u00e9ter outre mesure\u00a0\u00bb.<\/p>\n<p>            Des transmissions \u00ab\u00a0rares\u00a0\u00bb d&rsquo;homme \u00e0 homme<\/p>\n<p class=\"article-p mdl\">Apparu en 2012 en Arabie Saoudite, le coronavirus MERS est consid\u00e9r\u00e9 comme un cousin, <strong>plus mortel mais moins contagieux<\/strong>, du virus responsable du Syndrome respiratoire aigu s\u00e9v\u00e8re (<a class=\"link\" href=\"https:\/\/www.rtl.fr\/actu\/sante\/non-les-vaccins-anti-covid-a-arn-messager-n-ont-pas-cause-une-hausse-de-la-mortalite-en-france-7900574308\" target=\"_blank\" rel=\"noopener\">SRAS<\/a>). Le temps d&rsquo;incubation est de 5 \u00e0 15 jours.\u00a0<\/p>\n<p class=\"article-p mdl\">Il se transmet <strong>principalement de l&rsquo;animal \u00e0 l&rsquo;\u00eatre humain<\/strong>, ajoute le minist\u00e8re pr\u00e9cisant que le virus est end\u00e9mique chez les dromadaires et les chauves-souris de la p\u00e9ninsule arabique et de certaines r\u00e9gions d&rsquo;Afrique. Le minist\u00e8re confirme que la transmission interhumaine est \u00ab\u00a0rare\u00a0\u00bb mais \u00ab\u00a0possible par contact direct ou indirect, via les gouttelettes respiratoires et occasionnellement par voie a\u00e9rienne\u00a0\u00bb.\u00a0<\/p>\n<p class=\"article-p mdl\">\u00ab\u00a0Lorsqu&rsquo;il y a transmission \u00e0 l&rsquo;homme, les sympt\u00f4mes peuvent aller de la toux \u00e0 une d\u00e9tresse respiratoire s\u00e9v\u00e8re\u00a0\u00bb, indique Marie-Anne Rameix-Welti. Elle touche davantage les hommes que les femmes, et surtout des personnes qui ont des pathologies respiratoire, cardiaque, diab\u00e8te, une insuffisance r\u00e9nale\u2026<\/p>\n<p class=\"article-p mdl\">On le disait, le coronavirus MERS est moins contagieux que le Covid-19. \u00ab\u00a0Il s&rsquo;arr\u00eate \u00e0 tr\u00e8s peu de cas, parce que quand les cas sont diagnostiqu\u00e9s, on prend les pr\u00e9cautions n\u00e9cessaires pour qu&rsquo;il n&rsquo;y ait pas de transmission, en particulier au personnel hospitalier. Et donc, il n&rsquo;y a pas de d\u00e9part de foyer, <strong>il y a un ou deux cas et puis \u00e7a s&rsquo;arr\u00eate<\/strong>\u00ab\u00a0, souligne la virologue.<\/p>\n<p>            Faut-il s&rsquo;inqui\u00e9ter ?<\/p>\n<p class=\"article-p mdl\">Pourtant, maintenant que deux cas ont \u00e9t\u00e9 d\u00e9clar\u00e9s en France, faut-il craindre que de nouveaux cas ? \u00ab\u00a0Il ne faut pas s&rsquo;inqui\u00e9ter outre mesure : cela n&rsquo;est pas comme le Covid\u00a0<a class=\"link\" href=\"https:\/\/www.rtl.fr\/actu\/sante\/coronavirus-les-asymptomatiques-produisent-ils-des-anticorps-7900023459\" target=\"_blank\" rel=\"noopener\">o\u00f9 il y avait de nombreuses personnes asymptomatiques<\/a>\u00a0tr\u00e8s contagieuses. Il faut prendre cela au s\u00e9rieux pour \u00e9viter de se retrouver dans une situation o\u00f9 \u00e7a diffuserait. Mais, dans la grande majorit\u00e9 des cas, les cha\u00eenes de transmission sont arr\u00eat\u00e9es rapidement\u00a0\u00bb, tranche Marie-Anne Rameix-Welti. En France, jusqu&rsquo;ici seuls deux cas avaient \u00e9t\u00e9 recens\u00e9s en 2013, rappelle le minist\u00e8re.\u00a0\u00a0<\/p>\n<p>L&rsquo;\u00e9pid\u00e9mie de coronavirus MERS avait fait plusieurs centaines de victimes dans le monde entre 2012 et 2015, principalement en Arabie Saoudite. Depuis 2012 et en date du 3 novembre 2025, <strong>2.640 cas de MERS-CoV ont \u00e9t\u00e9 recens\u00e9s dans le monde<\/strong>, selon le minist\u00e8re de la Sant\u00e9.\u00a0<\/p>\n<p>    La r\u00e9daction vous recommande<\/p>\n<p class=\"s-newsletter__title\">\n                L\u2019actualit\u00e9 par la r\u00e9daction de RTL dans votre bo\u00eete mail.\n            <\/p>\n<p class=\"s-newsletter__subtitle\">\n                Gr\u00e2ce \u00e0 votre compte RTL abonnez-vous \u00e0 la newsletter RTL info pour suivre toute l&rsquo;actualit\u00e9 au quotidien\n            <\/p>\n<p>\n                                    Lire la suite\n                                <\/p>\n","protected":false},"excerpt":{"rendered":"Deux cas de coronavirus du syndrome respiratoire du Moyen-Orient (MERS-CoV) ont \u00e9t\u00e9 identifi\u00e9s en France sur des personnes&hellip;\n","protected":false},"author":2,"featured_media":578970,"comment_status":"","ping_status":"","sticky":false,"template":"","format":"standard","meta":{"footnotes":""},"categories":[4],"tags":[11,4356,107,1011,27,12,25,71],"class_list":{"0":"post-578969","1":"post","2":"type-post","3":"status-publish","4":"format-standard","5":"has-post-thumbnail","7":"category-france","8":"tag-actualites","9":"tag-coronavirus","10":"tag-fil-info","11":"tag-fr","12":"tag-france","13":"tag-news","14":"tag-republique-francaise","15":"tag-sante"},"share_on_mastodon":{"url":"https:\/\/pubeurope.com\/@fr\/115664801167222163","error":""},"_links":{"self":[{"href":"https:\/\/www.europesays.com\/fr\/wp-json\/wp\/v2\/posts\/578969","targetHints":{"allow":["GET"]}}],"collection":[{"href":"https:\/\/www.europesays.com\/fr\/wp-json\/wp\/v2\/posts"}],"about":[{"href":"https:\/\/www.europesays.com\/fr\/wp-json\/wp\/v2\/types\/post"}],"author":[{"embeddable":true,"href":"https:\/\/www.europesays.com\/fr\/wp-json\/wp\/v2\/users\/2"}],"replies":[{"embeddable":true,"href":"https:\/\/www.europesays.com\/fr\/wp-json\/wp\/v2\/comments?post=578969"}],"version-history":[{"count":0,"href":"https:\/\/www.europesays.com\/fr\/wp-json\/wp\/v2\/posts\/578969\/revisions"}],"wp:featuredmedia":[{"embeddable":true,"href":"https:\/\/www.europesays.com\/fr\/wp-json\/wp\/v2\/media\/578970"}],"wp:attachment":[{"href":"https:\/\/www.europesays.com\/fr\/wp-json\/wp\/v2\/media?parent=578969"}],"wp:term":[{"taxonomy":"category","embeddable":true,"href":"https:\/\/www.europesays.com\/fr\/wp-json\/wp\/v2\/categories?post=578969"},{"taxonomy":"post_tag","embeddable":true,"href":"https:\/\/www.europesays.com\/fr\/wp-json\/wp\/v2\/tags?post=578969"}],"curies":[{"name":"wp","href":"https:\/\/api.w.org\/{rel}","templated":true}]}}