{"id":578977,"date":"2025-12-05T03:27:11","date_gmt":"2025-12-05T03:27:11","guid":{"rendered":"https:\/\/www.europesays.com\/fr\/578977\/"},"modified":"2025-12-05T03:27:11","modified_gmt":"2025-12-05T03:27:11","slug":"40me-le-meilleur-du-monde-annonce-au-psg","status":"publish","type":"post","link":"https:\/\/www.europesays.com\/fr\/578977\/","title":{"rendered":"40M\u20ac : Le meilleur du monde annonc\u00e9 au PSG !"},"content":{"rendered":"<p>                    Guillaume de Saint Sauveur<br \/>\n                        &#8211;<\/p>\n<p>Journaliste<\/p>\n<p>Dipl\u00f4m\u00e9 d\u2019Ecole de Journalisme \u00e0 Paris. Sp\u00e9cialis\u00e9 football, et plus particuli\u00e8rement sur le mercato. Fan du PSG et du Stade Fran\u00e7ais.<\/p>\n<p class=\"heading\">Le PSG avait d\u00e9bours\u00e9 pas moins de 40M\u20ac en 2022 pour recruter Vitinha en provenance du FC Porto, et le milieu de terrain portugais est progressivement mont\u00e9 en puissance, au point de devenir aujourd&rsquo;hui une r\u00e9f\u00e9rence mondiale. Fabrice Pancrate s&rsquo;enflamme d&rsquo;ailleurs au sujet de Vitinha et de ses performances au PSG. <\/p>\n<p>Apr\u00e8s une premi\u00e8re saison 2022-2023 relativement h\u00e9sitante sous le maillot du <strong>PSG<\/strong> qui venait de le d\u00e9loger du <strong>FC Porto<\/strong> pout 40M\u20ac, <strong>Vitinha<\/strong> s&rsquo;est compl\u00e8tement lib\u00e9r\u00e9 d\u00e8s l&rsquo;ann\u00e9e suivante. Avec les d\u00e9parts de <strong>Marco<\/strong> <strong>Verratti<\/strong> et <strong>Neymar<\/strong> notamment, l&rsquo;international portugais a pris davantage de responsabilit\u00e9s dans le onze-type de <strong>Luis<\/strong> <strong>Enrique<\/strong> au <a href=\"https:\/\/le10sport.com\/football\/ligue1\/psg\/\" target=\"_blank\" rel=\"noopener\">PSG<\/a>, et il fait d\u00e9sormais figure de r\u00e9f\u00e9rence mondiale \u00e0 son poste. <\/p>\n<p>                                            \u00ab Clairement pour moi le num\u00e9ro un mondial \u00bb<\/p>\n<p><strong>Fabrice<\/strong> <strong>Pancrate<\/strong>, ancien attaquant du <strong>PSG<\/strong> au d\u00e9but des ann\u00e9es 2000, s&rsquo;est enflamm\u00e9 pour <strong>Vitinha<\/strong> sur les ondes de RMC : \u00ab Actuellement, il est clairement pour moi le num\u00e9ro 1, m\u00eame si Rodri fait partie de ces joueurs l\u00e0, tout en haut \u00bb, explique-t-il, situant donc <strong>Vitinha<\/strong> comme le meilleur milieu de terrain du monde \u00e0 l&rsquo;heure actuelle. <\/p>\n<p>                                            Vitinha plus d\u00e9cisif que Pedri<\/p>\n<p>\u00ab On parle de Pedri, mais il n&rsquo;est pas aussi d\u00e9cisif que Vitinha, qui a une palette plus compl\u00e8te. Ce sont de petits gabarits. Au-del\u00e0 de faire jouer ses co\u00e9quipiers, il est aussi capable de marquer \u00bb, poursuit <strong>Fabrice<\/strong> <strong>Pancrate<\/strong> au sujet de <strong>Vitinha<\/strong>. <\/p>\n","protected":false},"excerpt":{"rendered":"Guillaume de Saint Sauveur &#8211; Journaliste Dipl\u00f4m\u00e9 d\u2019Ecole de Journalisme \u00e0 Paris. Sp\u00e9cialis\u00e9 football, et plus particuli\u00e8rement sur&hellip;\n","protected":false},"author":2,"featured_media":53108,"comment_status":"","ping_status":"","sticky":false,"template":"","format":"standard","meta":{"footnotes":""},"categories":[1410],"tags":[63,1011,27,60],"class_list":{"0":"post-578977","1":"post","2":"type-post","3":"status-publish","4":"format-standard","5":"has-post-thumbnail","7":"category-football","8":"tag-football","9":"tag-fr","10":"tag-france","11":"tag-sports"},"share_on_mastodon":{"url":"https:\/\/pubeurope.com\/@fr\/115664836704976225","error":""},"_links":{"self":[{"href":"https:\/\/www.europesays.com\/fr\/wp-json\/wp\/v2\/posts\/578977","targetHints":{"allow":["GET"]}}],"collection":[{"href":"https:\/\/www.europesays.com\/fr\/wp-json\/wp\/v2\/posts"}],"about":[{"href":"https:\/\/www.europesays.com\/fr\/wp-json\/wp\/v2\/types\/post"}],"author":[{"embeddable":true,"href":"https:\/\/www.europesays.com\/fr\/wp-json\/wp\/v2\/users\/2"}],"replies":[{"embeddable":true,"href":"https:\/\/www.europesays.com\/fr\/wp-json\/wp\/v2\/comments?post=578977"}],"version-history":[{"count":0,"href":"https:\/\/www.europesays.com\/fr\/wp-json\/wp\/v2\/posts\/578977\/revisions"}],"wp:featuredmedia":[{"embeddable":true,"href":"https:\/\/www.europesays.com\/fr\/wp-json\/wp\/v2\/media\/53108"}],"wp:attachment":[{"href":"https:\/\/www.europesays.com\/fr\/wp-json\/wp\/v2\/media?parent=578977"}],"wp:term":[{"taxonomy":"category","embeddable":true,"href":"https:\/\/www.europesays.com\/fr\/wp-json\/wp\/v2\/categories?post=578977"},{"taxonomy":"post_tag","embeddable":true,"href":"https:\/\/www.europesays.com\/fr\/wp-json\/wp\/v2\/tags?post=578977"}],"curies":[{"name":"wp","href":"https:\/\/api.w.org\/{rel}","templated":true}]}}