{"id":578978,"date":"2025-12-05T03:28:14","date_gmt":"2025-12-05T03:28:14","guid":{"rendered":"https:\/\/www.europesays.com\/fr\/578978\/"},"modified":"2025-12-05T03:28:14","modified_gmt":"2025-12-05T03:28:14","slug":"giulia-sarkozy-pour-noel-ladolescente-se-montre-tres-genereuse-et-prepare-une-folie","status":"publish","type":"post","link":"https:\/\/www.europesays.com\/fr\/578978\/","title":{"rendered":"Giulia Sarkozy : pour No\u00ebl, l\u2019adolescente se montre tr\u00e8s g\u00e9n\u00e9reuse et pr\u00e9pare une folie !"},"content":{"rendered":"<p><a href=\"https:\/\/www.closermag.fr\/people\/vos-gueules-giulia-sarkozy-filmee-chez-le-coiffeur-les-internautes-se-dechainent-et-ca-ne-passe-pas-3600368\" target=\"_blank\" rel=\"noopener\"><br \/>\nGiulia Sarkozy a surpris ses abonn\u00e9s<\/a> en d\u00e9voilant un calendrier<br \/>\nde l\u2019Avent tr\u00e8s g\u00e9n\u00e9reux. La fille de l\u2019ancien pr\u00e9sident l\u2019a<br \/>\norganis\u00e9 avec ses amis d\u2019\u00e9quitation. Ensemble, ils ont rassembl\u00e9 de<br \/>\nnombreuses marques pour offrir des cadeaux du 1\u1d49\u02b3 au 24 d\u00e9cembre \u00e0<br \/>\nleurs abonn\u00e9s. Chaque lot est en lien avec leur passion commune :<br \/>\nl\u2019\u00e9quitation. Les tirages au sort ont \u00e9t\u00e9 annonc\u00e9s chaque soir<br \/>\ndepuis le 1\u1d49\u02b3 d\u00e9cembre.<\/p>\n<p>Dans son post, elle a \u00e9crit : \u201cChaque jour \u00e0 7h30, une<br \/>\nnouvelle case sera d\u00e9voil\u00e9e, contenant un ou plusieurs cadeaux,<br \/>\npour un total de 3000\u20ac de lots \u00e0 gagner !\u201d Elle a aussi<br \/>\nrappel\u00e9 la prudence face aux faux comptes. Elle a ajout\u00e9 : \u201cOn<br \/>\nse retrouve lundi 1\u1d49\u02b3 d\u00e9cembre pour d\u00e9couvrir la toute premi\u00e8re<br \/>\ncase ! On a h\u00e2te de vous montrer tout \u00e7a, \u00e7a s\u2019annonce riche.\u201d<br \/>\nEn commentaires, ses abonn\u00e9s ont exprim\u00e9 leur<br \/>\nenthousiasme.\u00a0<\/p>\n<p>Des cadeaux pens\u00e9s pour les passionn\u00e9s<\/p>\n<p>Giulia a ensuite d\u00e9voil\u00e9 les premiers lots. Elle a offert un<br \/>\ntapis \u00e0 mettre sur son cheval d\u2019une valeur de 69 \u20ac. Elle a aussi<br \/>\nmis en jeu une paire de gu\u00eatres affich\u00e9e \u00e0 199,90 \u20ac. Un kit<br \/>\nd\u2019entretien pour bottes a suivi, puis un tapis bleu roi d\u2019une<br \/>\nvaleur de 135 \u20ac. Les cadeaux ont \u00e9t\u00e9 vari\u00e9s, toujours centr\u00e9s sur<br \/>\nl\u2019\u00e9quipement \u00e9questre.<\/p>\n<p>Tr\u00e8s active sur les r\u00e9seaux, Giulia a d\u00e9j\u00e0 montr\u00e9 qu\u2019elle aimait<br \/>\nsurprendre sa communaut\u00e9. Elle parle r\u00e9guli\u00e8rement de ses chevaux,<br \/>\nde ses entra\u00eenements et de sa passion pour les faux cils. \u00c0 son<br \/>\njeune \u00e2ge, la fille de Nicolas Sarkozy est d\u00e9j\u00e0 une d\u2019influenceuse<br \/>\ntr\u00e8s organis\u00e9e, qui sait comment faire plaisir \u00e0 ses abonn\u00e9s.<br \/>\nBeaucoup pensent qu\u2019elle r\u00e9serve une grande surprise pour le 25\u1d49<br \/>\njour de ce calendrier.<\/p>\n<p>Une p\u00e9riode particuli\u00e8re pour la<br \/>\nfamille Sarkozy<\/p>\n<p>Le 10 novembre, Giulia a aussi publi\u00e9 une photo d\u2019elle enfant<br \/>\navec son p\u00e8re apr\u00e8s sa remise en libert\u00e9. Elle a \u00e9crit en l\u00e9gende :<br \/>\n\u201cvive la libert\u00e9\u201d. Nicolas Sarkozy avait pass\u00e9 une<br \/>\nvingtaine de jours \u00e0 la prison de la Sant\u00e9 avant d\u2019obtenir une<br \/>\nlib\u00e9ration conditionnelle. Sa fille n\u2019a pas h\u00e9sit\u00e9 \u00e0 montrer son<br \/>\nsoutien pour son p\u00e8re.\u00a0<\/p>\n<blockquote class=\"instagram-media\" style=\"background: #ffffff;border: 0;margin: 1px;width: 100%;padding: 0;max-width: 500px;\" data-instgrm-permalink=\"https:\/\/www.instagram.com\/p\/DQ4GndhjRTl\/?hl=fr\" data-instgrm-version=\"14\"\/>\n<p>Depuis sa sortie, l\u2019ancien pr\u00e9sident a <a href=\"https:\/\/www.closermag.fr\/politique\/nicolas-sarkozy-tout-sourire-apres-sa-liberation-il-soffre-un-moment-de-detente-au-parc-des-princes-video-3595090\" target=\"_blank\" rel=\"noopener\"><br \/>\nsavour\u00e9 sa libert\u00e9 retrouv\u00e9e<\/a>. Il a \u00e9t\u00e9 aper\u00e7u au Parc des<br \/>\nPrinces le 22 novembre lors d\u2019un match de football. Il reste sous<br \/>\ncontr\u00f4le judiciaire, dans l\u2019attente de son proc\u00e8s en appel pr\u00e9vu en<br \/>\n2026. De son c\u00f4t\u00e9, <a href=\"https:\/\/www.closermag.fr\/politique\/nicolas-sarkozy-tout-sourire-apres-sa-liberation-il-soffre-un-moment-de-detente-au-parc-des-princes-video-3595090\" target=\"_blank\" rel=\"noopener\"><br \/>\nle pr\u00e9sident de la cour d&rsquo;appel<\/a> a estim\u00e9 que \u00ab\u00a0le maintien<br \/>\nen d\u00e9tention provisoire n&rsquo;est pas justifi\u00e9\u00a0\u00bb pour Nicolas<br \/>\nSarkozy.\u00a0<\/p>\n<p><script async src=\"\/\/www.instagram.com\/embed.js\"><\/script><\/p>\n","protected":false},"excerpt":{"rendered":"Giulia Sarkozy a surpris ses abonn\u00e9s en d\u00e9voilant un calendrier de l\u2019Avent tr\u00e8s g\u00e9n\u00e9reux. La fille de l\u2019ancien&hellip;\n","protected":false},"author":2,"featured_media":578979,"comment_status":"","ping_status":"","sticky":false,"template":"","format":"standard","meta":{"footnotes":""},"categories":[1359],"tags":[58,59,1011,27,14545,3091,973],"class_list":{"0":"post-578978","1":"post","2":"type-post","3":"status-publish","4":"format-standard","5":"has-post-thumbnail","7":"category-people","8":"tag-divertissement","9":"tag-entertainment","10":"tag-fr","11":"tag-france","12":"tag-giulia-sarkozy","13":"tag-nicolas-sarkozy","14":"tag-people"},"share_on_mastodon":{"url":"https:\/\/pubeurope.com\/@fr\/115664840621461278","error":""},"_links":{"self":[{"href":"https:\/\/www.europesays.com\/fr\/wp-json\/wp\/v2\/posts\/578978","targetHints":{"allow":["GET"]}}],"collection":[{"href":"https:\/\/www.europesays.com\/fr\/wp-json\/wp\/v2\/posts"}],"about":[{"href":"https:\/\/www.europesays.com\/fr\/wp-json\/wp\/v2\/types\/post"}],"author":[{"embeddable":true,"href":"https:\/\/www.europesays.com\/fr\/wp-json\/wp\/v2\/users\/2"}],"replies":[{"embeddable":true,"href":"https:\/\/www.europesays.com\/fr\/wp-json\/wp\/v2\/comments?post=578978"}],"version-history":[{"count":0,"href":"https:\/\/www.europesays.com\/fr\/wp-json\/wp\/v2\/posts\/578978\/revisions"}],"wp:featuredmedia":[{"embeddable":true,"href":"https:\/\/www.europesays.com\/fr\/wp-json\/wp\/v2\/media\/578979"}],"wp:attachment":[{"href":"https:\/\/www.europesays.com\/fr\/wp-json\/wp\/v2\/media?parent=578978"}],"wp:term":[{"taxonomy":"category","embeddable":true,"href":"https:\/\/www.europesays.com\/fr\/wp-json\/wp\/v2\/categories?post=578978"},{"taxonomy":"post_tag","embeddable":true,"href":"https:\/\/www.europesays.com\/fr\/wp-json\/wp\/v2\/tags?post=578978"}],"curies":[{"name":"wp","href":"https:\/\/api.w.org\/{rel}","templated":true}]}}