{"id":578982,"date":"2025-12-05T03:31:16","date_gmt":"2025-12-05T03:31:16","guid":{"rendered":"https:\/\/www.europesays.com\/fr\/578982\/"},"modified":"2025-12-05T03:31:16","modified_gmt":"2025-12-05T03:31:16","slug":"emission-du-jeudi-4-decembre-2025-en-replay-c-a-vous-la-suite-france-tv","status":"publish","type":"post","link":"https:\/\/www.europesays.com\/fr\/578982\/","title":{"rendered":"\u00c9mission du jeudi 4 d\u00e9cembre 2025 en replay &#8211; C \u00e0 vous la suite &#8211; France TV"},"content":{"rendered":"<ol>\n<li><a href=\"https:\/\/news.google.com\/rss\/articles\/CBMiqAFBVV95cUxNWHJHZjdnM0JDQzBlczFlTnlrUE1TRWpWbW9EQlFZY2daNW9jYnhKTXRScHRaQUhuU1RqWEJQT2wtYUNsV2gwdVNZTkRSNUpUTmlzRHEzYVhrcDZYbWNOMDhmZmdWMXprSGdJMnFLa1h3cWdDLTVISno0UGliU3NiQkkzbW5RTTJQZHlmV0llNWRuOC1DUUJzZ3dTeG51bWF6RGU3aTQwc3Y?oc=5\" target=\"_blank\" rel=\"noopener\">\u00c9mission du jeudi 4 d\u00e9cembre 2025 en replay &#8211; C \u00e0 vous la suite<\/a>&nbsp;&nbsp;France TV<\/li>\n<li><a href=\"https:\/\/news.google.com\/rss\/articles\/CBMioAFBVV95cUxQMDBjOEpuRWZLODlLSlpNZHB4NkZQNURkRW9qbnZrUU5nN1h4enY2MWZwdzk2V2w3ZDhDRmFEOUM1Vmh2ZWF2bDJ2Z2J6aXg2c0poSTFCejlYRzVuRTAyemtCM0hnaDZ4dFI0bGNZcEl5MkFjVkt0amZ3aWlLQmk2bkJnS1k3c0h5XzNsLW81dTB4cGZyQkxiRzh1alJVNnBn?oc=5\" target=\"_blank\" rel=\"noopener\">Invit\u00e9s : Gu\u00e9na\u00eblle Gault, Pascal Perrineau, Thibaut Bruttin en replay &#8211; C \u00e0 vous<\/a>&nbsp;&nbsp;France TV<\/li>\n<li><a href=\"https:\/\/news.google.com\/rss\/articles\/CBMiqgFBVV95cUxNdTFoZ09UbS15XzNfU3oxWUlPbXVWTFp3bnlwTU9DUm1KUWZ3c0ZxRzRiOFVTZ1RhSHU3QWdxdkl5SnhyQWo1c2pvY1JjUjlqR2N1M29fQUZKbWRqbXJ1b2ZkM0I3S3Y5N2xYZDBBMG9NMjBuYnN6dU5iVm5RcnQ3YzdlSkcxYUF3dnYtejNDWE4yZ1NFT2JKMGJWazFvMkQ4RDQwX29wQVJnd9IBrwFBVV95cUxNY3lTWEhXZWp2V0xmTW1qZ2ZoUlFXQXZLUkltNG9aZ0xZWFJlNUk3YUNSbDdKSmZYSmNfMjVTSU9VejVEcVpxSi14NzVTbUVFUUpHcW1SNUxDNEVneGh4VWl2S1JuUUF4RU8tdnRlNzNYMjVZcGlaZ09NZjlyZmFxdV9CdWxIUm5VYUZzcV9vcG9pOW9TTkRBU0hNS2FIQVZVVVVPaGdXS1o5aWEtek84?oc=5\" target=\"_blank\" rel=\"noopener\">C \u00e0 vous du 4 d\u00e9cembre 2025 : quels invit\u00e9s ce soir sur France 5 ? (sommaire)<\/a>&nbsp;&nbsp;stars-actu.fr<\/li>\n<li><a href=\"https:\/\/news.google.com\/rss\/articles\/CBMifEFVX3lxTE9jTkxZX2czb3ZnQmRSdG14Z3ZOdmw3Qm9ubFlJY2NIN0c5TkY3VDZlLWpVajh6NFFTakNPMVVVREt6dFhJc3BOX01NZ3dyUXJicXRHWU9kMFNnQWpqdkxJTEVsRTBpdkVuUWQtbGJSbzJ2QUlqNUlfUnVSZlg?oc=5\" target=\"_blank\" rel=\"noopener\">C \u00e0 vous<\/a>&nbsp;&nbsp;T\u00e9l\u00e9 2 Semaines<\/li>\n<li><a href=\"https:\/\/news.google.com\/rss\/articles\/CBMiqAFBVV95cUxPUVNUXzhTbWVPa0h4dTdOYWViUWVDdndwS0MxVmFRNTM5a19lUXNaRjhkNGFkS091djgtNGl1YXEwNFRTSk56SDQxYnd3RHM1REx0aEx1VGl6NUg1ZFRjdzZzNVJrdWNmSGZ4QXBxMS12VXJBSG5ENms5SGM3NTEwd0dGcXBXRXlGOUVyNENQaklVLUs2WXpiZlpDbEp1TTZhTWo0dloyQ1A?oc=5\" target=\"_blank\" rel=\"noopener\">Invit\u00e9s : Joyce Jonathan, Camille Cottin, Nathan Ambrosioni, Jean-Pierre Foucault en replay &#8211; C \u00e0 vous la suite<\/a>&nbsp;&nbsp;France TV<\/li>\n<\/ol>\n","protected":false},"excerpt":{"rendered":"\u00c9mission du jeudi 4 d\u00e9cembre 2025 en replay &#8211; C \u00e0 vous la suite&nbsp;&nbsp;France TV Invit\u00e9s : Gu\u00e9na\u00eblle&hellip;\n","protected":false},"author":2,"featured_media":561138,"comment_status":"","ping_status":"","sticky":false,"template":"","format":"standard","meta":{"footnotes":""},"categories":[1356],"tags":[58,59,1011,27,252,1364],"class_list":{"0":"post-578982","1":"post","2":"type-post","3":"status-publish","4":"format-standard","5":"has-post-thumbnail","7":"category-television","8":"tag-divertissement","9":"tag-entertainment","10":"tag-fr","11":"tag-france","12":"tag-television","13":"tag-tv"},"share_on_mastodon":{"url":"https:\/\/pubeurope.com\/@fr\/115664852754297476","error":""},"_links":{"self":[{"href":"https:\/\/www.europesays.com\/fr\/wp-json\/wp\/v2\/posts\/578982","targetHints":{"allow":["GET"]}}],"collection":[{"href":"https:\/\/www.europesays.com\/fr\/wp-json\/wp\/v2\/posts"}],"about":[{"href":"https:\/\/www.europesays.com\/fr\/wp-json\/wp\/v2\/types\/post"}],"author":[{"embeddable":true,"href":"https:\/\/www.europesays.com\/fr\/wp-json\/wp\/v2\/users\/2"}],"replies":[{"embeddable":true,"href":"https:\/\/www.europesays.com\/fr\/wp-json\/wp\/v2\/comments?post=578982"}],"version-history":[{"count":0,"href":"https:\/\/www.europesays.com\/fr\/wp-json\/wp\/v2\/posts\/578982\/revisions"}],"wp:featuredmedia":[{"embeddable":true,"href":"https:\/\/www.europesays.com\/fr\/wp-json\/wp\/v2\/media\/561138"}],"wp:attachment":[{"href":"https:\/\/www.europesays.com\/fr\/wp-json\/wp\/v2\/media?parent=578982"}],"wp:term":[{"taxonomy":"category","embeddable":true,"href":"https:\/\/www.europesays.com\/fr\/wp-json\/wp\/v2\/categories?post=578982"},{"taxonomy":"post_tag","embeddable":true,"href":"https:\/\/www.europesays.com\/fr\/wp-json\/wp\/v2\/tags?post=578982"}],"curies":[{"name":"wp","href":"https:\/\/api.w.org\/{rel}","templated":true}]}}