{"id":578991,"date":"2025-12-05T03:36:14","date_gmt":"2025-12-05T03:36:14","guid":{"rendered":"https:\/\/www.europesays.com\/fr\/578991\/"},"modified":"2025-12-05T03:36:14","modified_gmt":"2025-12-05T03:36:14","slug":"nos-plus-belles-photos-de-cyril-hanouna-et-tiphaine-auziere","status":"publish","type":"post","link":"https:\/\/www.europesays.com\/fr\/578991\/","title":{"rendered":"Nos plus belles photos de Cyril Hanouna et Tiphaine Auzi\u00e8re"},"content":{"rendered":"<p>Depuis le printemps 2025, les m\u00e9dias \u00e9voquent r\u00e9guli\u00e8rement l\u2019existence <strong>d\u2019une relation pr\u00e9sum\u00e9e<\/strong> entre <a href=\"https:\/\/www.public.fr\/tag\/cyril-hanouna\" target=\"_blank\" rel=\"noopener\">Cyril Hanouna<\/a> et Tiphaine Auzi\u00e8re, <a href=\"https:\/\/www.public.fr\/tiphaine-auziere-la-fille-de-brigitte-macron-deboule-chez-hanouna-pour-nicolas-sarkozy\" target=\"_blank\" rel=\"noopener\">la fille de Brigitte Macron<\/a>. Nos confr\u00e8res de Paris Match ont en effet publi\u00e9 plusieurs clich\u00e9s o\u00f9 les principaux int\u00e9ress\u00e9s apparaissent ensemble dans un restaurant notamment. <\/p>\n<p>Plusieurs mois apr\u00e8s la premi\u00e8re publication de Paris Match, nos confr\u00e8res viennent de d\u00e9voiler de <strong>nouveaux clich\u00e9s et faire de nouvelles r\u00e9v\u00e9lations<\/strong>, relan\u00e7ant les sp\u00e9culations autour de cette histoire. Cependant, il semble bon de rappeler qu\u2019\u00e0 ce jour, aucun des deux principaux int\u00e9ress\u00e9s n\u2019a officialis\u00e9 cette liaison.<\/p>\n<p>Le 19 mars 2025, le magazine Paris Match publie des photos montrant <a href=\"https:\/\/www.public.fr\/cyril-hanouna-ses-vacances-avec-tiphaine-auziere\" target=\"_blank\" rel=\"noopener\">Cyril Hanouna et Tiphaine Auzi\u00e8re <\/a>attabl\u00e9s dans un restaurant parisien, accompagn\u00e9es d\u2019un article affirmant qu\u2019ils formeraient un couple.<\/p>\n<p>D\u2019apr\u00e8s nombre de nos confr\u00e8res leur pr\u00e9sum\u00e9 rapprochement serait survenu progressivement : d\u2019abord des rencontres professionnelles, <a href=\"https:\/\/vsd.fr\/tag\/tiphaine-auziere\/\" target=\"_blank\" rel=\"noopener\">Tiphaine Auzi\u00e8re<\/a> ayant rejoint l\u2019\u00e9quipe de l\u2019\u00e9mission <strong>Touche pas \u00e0 mon poste (TPMP)<\/strong><strong> en tant que chroniqueuse judiciaire \u00e0 l\u2019automne 2024<\/strong>. Ensuite, des d\u00eeners \u00e0 deux, des sorties et des \u00e9changes plus personnels, laissant penser \u00e0 un lien plus intime qu\u2019une simple complicit\u00e9 professionnelle.<\/p>\n<p>Les r\u00e9actions dans les m\u00e9dias et sur les plateaux ont suivi imm\u00e9diatement. Une chroniqueuse vedette de <strong>TPMP<\/strong>, <a href=\"https:\/\/www.public.fr\/kelly-vedovelli-de-retour-dans-tbt9-apres-avoir-taxe-cyril-hanouna-de-conn\" target=\"_blank\" rel=\"noopener\">Kelly Vedovelli, longtemps associ\u00e9e \u00e0 Cyril Hanouna<\/a> dans les rumeurs, a r\u00e9agi publiquement en affirmant qu&rsquo;elle n&rsquo;avait rien \u00e0 voir avec ces nouvelles sp\u00e9culations.\u00a0<\/p>\n<p>Cyril Hanouna et Tiphaine Auzi\u00e8re gardent le silence<\/p>\n<p>Malgr\u00e9 l\u2019emballement m\u00e9diatique, <strong>ni Cyril Hanouna ni Tiphaine Auzi\u00e8re n\u2019ont confirm\u00e9 publiquement qu\u2019ils \u00e9taient en couple.<\/strong> Dans une rare prise de parole concernant sa vie priv\u00e9e, Cyril Hanouna affirmait en mai 2025 qu\u2019il n\u2019avait \u00ab\u00a0pas de fianc\u00e9e\u00a0\u00bb, laissant supposer qu\u2019il restait, \u00e0 ce jour, toujours c\u00e9libataire.<\/p>\n<p>En ce qui concerne les clich\u00e9s dans lesquels l\u2019animateur de <strong>TBT9<\/strong> et la fille de Brigitte Macron apparaissent ensemble, aucun baiser entre les deux n\u2019est \u00e9chang\u00e9. Le duo se contente de d\u00eener ensemble au restaurant comme le feraient, au final, deux bons amis. En effet, peu de photos montrent un v\u00e9ritable geste d\u2019intimit\u00e9 entre eux : les clich\u00e9s relay\u00e9s pr\u00e9sentent souvent un d\u00eener ou une sortie, sans preuve formelle d\u2019une romance. Certains \u00e9voquent d\u2019ailleurs la possibilit\u00e9 d\u2019un \u00ab\u00a0rapprochement m\u00e9diatique\u00a0\u00bb plut\u00f4t que d\u2019une relation confirm\u00e9e.<\/p>\n<p>N\u00e9anmoins, nos confr\u00e8res de Paris Match assurent que Cyril Hanouna et Tiphaine Auzi\u00e8re auraient franchi de nombreux caps \u00e0 deux. <strong>Les deux pr\u00e9sum\u00e9s amoureux auraient organis\u00e9 une rencontre entre leurs enfants<\/strong>. \u00ab\u00a0Ce fut Disneyland Paris. Le 24 ao\u00fbt, les quatre enfants ont pass\u00e9 une journ\u00e9e enti\u00e8re \u00e0 faire connaissance\u00a0\u00bb, indique le m\u00e9dia avant de r\u00e9v\u00e9ler que la fille de Brigitte Macron passerait aussi \u00ab\u00a0beaucoup de temps dans le nouvel appartement de Cyril Hanouna. \u00ab\u00a0<strong>Un \u00e9tage entier baign\u00e9 de lumi\u00e8re, dans le VIIe arrondissement\u00a0\u00bb, pr\u00e9cisent nos confr\u00e8res.\u00a0<\/strong><\/p>\n<p>\n          Hits &amp; People en continu\n        <\/p>\n<p>\n          Public Radio\n        <\/p>\n<p>      Mentionn\u00e9s dans cet article<\/p>\n<p>      Sur le m\u00eame sujet<\/p>\n","protected":false},"excerpt":{"rendered":"Depuis le printemps 2025, les m\u00e9dias \u00e9voquent r\u00e9guli\u00e8rement l\u2019existence d\u2019une relation pr\u00e9sum\u00e9e entre Cyril Hanouna et Tiphaine Auzi\u00e8re,&hellip;\n","protected":false},"author":2,"featured_media":578992,"comment_status":"","ping_status":"","sticky":false,"template":"","format":"standard","meta":{"footnotes":""},"categories":[8],"tags":[1193,1083,58,59,1011,27,33876,22498,22497],"class_list":{"0":"post-578991","1":"post","2":"type-post","3":"status-publish","4":"format-standard","5":"has-post-thumbnail","7":"category-divertissement","8":"tag-couple","9":"tag-cyril-hanouna","10":"tag-divertissement","11":"tag-entertainment","12":"tag-fr","13":"tag-france","14":"tag-tiphaine-auziere","15":"tag-tout-9-tbt9","16":"tag-tout-beau"},"share_on_mastodon":{"url":"https:\/\/pubeurope.com\/@fr\/115664872155300653","error":""},"_links":{"self":[{"href":"https:\/\/www.europesays.com\/fr\/wp-json\/wp\/v2\/posts\/578991","targetHints":{"allow":["GET"]}}],"collection":[{"href":"https:\/\/www.europesays.com\/fr\/wp-json\/wp\/v2\/posts"}],"about":[{"href":"https:\/\/www.europesays.com\/fr\/wp-json\/wp\/v2\/types\/post"}],"author":[{"embeddable":true,"href":"https:\/\/www.europesays.com\/fr\/wp-json\/wp\/v2\/users\/2"}],"replies":[{"embeddable":true,"href":"https:\/\/www.europesays.com\/fr\/wp-json\/wp\/v2\/comments?post=578991"}],"version-history":[{"count":0,"href":"https:\/\/www.europesays.com\/fr\/wp-json\/wp\/v2\/posts\/578991\/revisions"}],"wp:featuredmedia":[{"embeddable":true,"href":"https:\/\/www.europesays.com\/fr\/wp-json\/wp\/v2\/media\/578992"}],"wp:attachment":[{"href":"https:\/\/www.europesays.com\/fr\/wp-json\/wp\/v2\/media?parent=578991"}],"wp:term":[{"taxonomy":"category","embeddable":true,"href":"https:\/\/www.europesays.com\/fr\/wp-json\/wp\/v2\/categories?post=578991"},{"taxonomy":"post_tag","embeddable":true,"href":"https:\/\/www.europesays.com\/fr\/wp-json\/wp\/v2\/tags?post=578991"}],"curies":[{"name":"wp","href":"https:\/\/api.w.org\/{rel}","templated":true}]}}