{"id":578997,"date":"2025-12-05T03:39:13","date_gmt":"2025-12-05T03:39:13","guid":{"rendered":"https:\/\/www.europesays.com\/fr\/578997\/"},"modified":"2025-12-05T03:39:13","modified_gmt":"2025-12-05T03:39:13","slug":"refugiee-somalienne-musulmane-elue-du-congres-pourquoi-ilhan-omar-obsede-donald-trump","status":"publish","type":"post","link":"https:\/\/www.europesays.com\/fr\/578997\/","title":{"rendered":"R\u00e9fugi\u00e9e somalienne, musulmane, \u00e9lue du Congr\u00e8s\u2026 Pourquoi Ilhan Omar obs\u00e8de Donald Trump"},"content":{"rendered":"<p>R\u00e9guli\u00e8rement vis\u00e9e par <a href=\"https:\/\/www.20minutes.fr\/dossier\/donald_trump\" class=\"c-link c-link--is-underlined\" target=\"_blank\" rel=\"noopener\">Donald Trump<\/a>, la d\u00e9put\u00e9e de 43 ans, Ilhan Omar se retrouve une nouvelle fois au centre des attaques du pr\u00e9sident, qui a multipli\u00e9 ces derniers jours les propos hostiles \u00e0 son \u00e9gard et envers la communaut\u00e9 somalienne du Minnesota.<\/p>\n<p>Cette semaine encore, <a href=\"https:\/\/www.20minutes.fr\/monde\/etats-unis\/4189326-20251203-etats-unis-pays-pourri-trump-lache-violemment-contre-somalie\" class=\"c-link c-link--is-underlined\" target=\"_blank\" rel=\"noopener\">il a qualifi\u00e9 les immigr\u00e9s somaliens d&rsquo; \u00ab\u00a0ordures\u00a0\u00bb<\/a> et \u00e9voqu\u00e9 l\u2019id\u00e9e de la \u00ab\u00a0renvoyer\u00a0\u00bb, malgr\u00e9 sa citoyennet\u00e9 am\u00e9ricaine. Une nouvelle escalade qui ravive un conflit politique et personnel bien plus ancien. Mais qui est Ilhan Omar\u00a0? Portrait d\u2019une \u00e9lue d\u00e9mocrate devenue l\u2019un des symboles de la r\u00e9sistance progressiste face \u00e0 Donald Trump.<\/p>\n<\/p>\n<p>Arriv\u00e9e au Minnesota en\u00a01997<\/p>\n<p>N\u00e9e en Somalie en\u00a01982, Ilhan Omar a connu la guerre civile avant de fuir, enfant, avec sa famille vers un camp de r\u00e9fugi\u00e9s au Kenya. Ce n\u2019est qu\u2019en\u00a01997 qu\u2019elle arrive \u00e0 Minneapolis, ville du nord du pays dans laquelle vit aujourd\u2019hui l\u2019une des plus importantes communaut\u00e9s somaliennes.<\/p>\n<p>Tr\u00e8s t\u00f4t, son grand-p\u00e8re l\u2019encourage \u00e0 s\u2019int\u00e9resser \u00e0 la politique. Avant de se lancer dans l\u2019ar\u00e8ne \u00e9lectorale, elle travaille comme \u00e9ducatrice communautaire \u00e0 l\u2019universit\u00e9 du Minnesota puis comme analyste et conseill\u00e8re politique au Conseil municipal de Minneapolis.<\/p>\n<p>Premi\u00e8re r\u00e9fugi\u00e9e africaine au Congr\u00e8s<\/p>\n<p>Son \u00e9lection \u00e0 la Chambre des repr\u00e9sentants, en\u00a02019, marque un tournant historique. Ilhan Omar devient la premi\u00e8re r\u00e9fugi\u00e9e africaine \u00e0 si\u00e9ger au Congr\u00e8s, et l\u2019une des deux premi\u00e8res femmes musulmanes \u00e9lues.<\/p>\n<p>Dans le 5\u1d49 district du Minnesota, elle s\u2019impose rapidement comme la porte-parole des classes populaires et des familles immigr\u00e9es, d\u00e9fendant l\u2019annulation de la dette \u00e9tudiante, une r\u00e9forme ambitieuse de l\u2019immigration, la hausse du salaire minimum et des politiques climatiques plus radicales.<\/p>\n<p class=\"mb-m@xs text-l@xs\">En cliquant sur\u00ab J\u2019accepte \u00bb, vous acceptez le d\u00e9p\u00f4t de cookies par des services externes et aurez ainsi acc\u00e8s aux contenus de nos partenaires.<\/p>\n<p class=\"mb-xl@xs text-s@xs\">Plus d\u2019informations sur la page<a href=\"https:\/\/www.20minutes.fr\/gestion-cookies\" class=\"mx-xxs@xs color-ultramarine\" target=\"_blank\" rel=\"noopener\">Politique de gestion des cookies<\/a><\/p>\n<p>J\u2019accepte\u00ab\u00a0Renvoyez-la\u00a0\u00bb, une hostilit\u00e9 de longue date<\/p>\n<p>Cette ascension fulgurante attise imm\u00e9diatement l\u2019hostilit\u00e9 de Donald Trump. D\u00e8s\u00a02019, lors d\u2019un meeting, <a href=\"https:\/\/www.npr.org\/2019\/07\/17\/742896827\/trump-attacks-congresswomen-at-n-c-rally-as-crowd-chants-send-her-back\" rel=\"nofollow noopener\" target=\"_blank\" class=\"c-link c-link--is-underlined\">il laisse une foule de partisans scander \u00ab\u00a0renvoyez-la\u00a0\u00bb<\/a>, apr\u00e8s une salve d\u2019attaques contre la d\u00e9put\u00e9e.<\/p>\n<p>Revenue au pouvoir, la Maison-Blanche r\u00e9publicaine a redoubl\u00e9 de virulence. Trump accuse d\u00e9sormais les Somaliens d\u2019avoir \u00ab\u00a0d\u00e9truit le pays\u00a0\u00bb et insinue qu\u2019Ilhan Omar serait impliqu\u00e9e dans des fraudes, sans en apporter la moindre preuve. La d\u00e9put\u00e9e y voit une strat\u00e9gie politique bien rod\u00e9e\u00a0: d\u00e9tourner l\u2019attention des difficult\u00e9s \u00e9conomiques et sociales en d\u00e9signant un bouc \u00e9missaire, m\u00ealant racisme, islamophobie et th\u00e9orie du complot.<\/p>\n<p><a href=\"https:\/\/www.20minutes.fr\/monde\/etats-unis\/\" class=\"c-link c-btn c-btn--primary\" target=\"_blank\" rel=\"noopener\">Notre dossier sur les \u00c9tats-Unis<\/a>\u00ab\u00a0Il sait qu\u2019il \u00e9choue\u00a0\u00bb alors \u00ab\u00a0il attise la haine\u00a0\u00bb<\/p>\n<p>Dans une tribune publi\u00e9e ce jeudi <a href=\"https:\/\/www.nytimes.com\/2025\/12\/04\/opinion\/ilhan-omar-somalia-trump.html\" rel=\"nofollow noopener\" target=\"_blank\" class=\"c-link c-link--is-underlined\">dans le New York Times<\/a>, la d\u00e9put\u00e9e r\u00e9plique\u00a0: \u00ab\u00a0Il sait qu\u2019il \u00e9choue, alors il revient \u00e0 ce qu\u2019il ma\u00eetrise le mieux\u00a0: attiser la haine pour d\u00e9tourner l\u2019attention.\u00a0\u00bb Elle assure que ces attaques ont des cons\u00e9quences tr\u00e8s concr\u00e8tes\u00a0: chaque sortie du pr\u00e9sident entra\u00eene une flamb\u00e9e de menaces de mort contre sa famille, son \u00e9quipe et des membres de la communaut\u00e9 somalienne. \u00ab\u00a0Ce qui m\u2019inqui\u00e8te le plus, ce n\u2019est pas ma s\u00e9curit\u00e9\u00a0\u00bb, \u00e9crit-elle. \u00ab\u00a0Ce sont les gens qui partagent mes identit\u00e9s &#8211; Noirs, Somaliens, musulmans, immigr\u00e9s &#8211; qui risquent d\u2019en payer le prix.\u00a0\u00bb<\/p>\n<p>Pourtant, loin d\u2019\u00eatre fragilis\u00e9e dans son \u00c9tat, Ilhan Omar reste soutenue par ses \u00e9lecteurs. Une grande majorit\u00e9 des Somaliens du Minnesota sont citoyens am\u00e9ricains, souvent fiers d\u2019une \u00e9lue qui symbolise leur int\u00e9gration et leur r\u00e9ussite. \u00c0 l\u2019heure o\u00f9 Donald Trump fait de la lutte contre l\u2019immigration le c\u0153ur de son deuxi\u00e8me mandat, Ilhan Omar appara\u00eet plus que jamais comme son antith\u00e8se\u00a0: femme, noire, musulmane, progressiste et issue de l\u2019exil. Une adversaire parfaite pour un pr\u00e9sident qui aime fa\u00e7onner ses ennemis. Mais elle assure qu\u2019elle ne c\u00e9dera pas\u00a0: \u00ab\u00a0Les habitants du Minnesota non seulement accueillent les r\u00e9fugi\u00e9s, ils en ont envoy\u00e9 une au Congr\u00e8s.\u00a0\u00bb<\/p>\n","protected":false},"excerpt":{"rendered":"R\u00e9guli\u00e8rement vis\u00e9e par Donald Trump, la d\u00e9put\u00e9e de 43 ans, Ilhan Omar se retrouve une nouvelle fois au&hellip;\n","protected":false},"author":2,"featured_media":578998,"comment_status":"","ping_status":"","sticky":false,"template":"","format":"standard","meta":{"footnotes":""},"categories":[5],"tags":[47,11,75,73,1011,27,17986,14,8557,32194,74,12,23893,5638,28],"class_list":{"0":"post-578997","1":"post","2":"type-post","3":"status-publish","4":"format-standard","5":"has-post-thumbnail","7":"category-international","8":"tag-actualite","9":"tag-actualites","10":"tag-donald-trump","11":"tag-etats-unis","12":"tag-fr","13":"tag-france","14":"tag-immigres","15":"tag-international","16":"tag-kenya","17":"tag-minneapolis","18":"tag-monde","19":"tag-news","20":"tag-parti-democrate-usa","21":"tag-somalie","22":"tag-world"},"share_on_mastodon":{"url":"https:\/\/pubeurope.com\/@fr\/115664883802320594","error":""},"_links":{"self":[{"href":"https:\/\/www.europesays.com\/fr\/wp-json\/wp\/v2\/posts\/578997","targetHints":{"allow":["GET"]}}],"collection":[{"href":"https:\/\/www.europesays.com\/fr\/wp-json\/wp\/v2\/posts"}],"about":[{"href":"https:\/\/www.europesays.com\/fr\/wp-json\/wp\/v2\/types\/post"}],"author":[{"embeddable":true,"href":"https:\/\/www.europesays.com\/fr\/wp-json\/wp\/v2\/users\/2"}],"replies":[{"embeddable":true,"href":"https:\/\/www.europesays.com\/fr\/wp-json\/wp\/v2\/comments?post=578997"}],"version-history":[{"count":0,"href":"https:\/\/www.europesays.com\/fr\/wp-json\/wp\/v2\/posts\/578997\/revisions"}],"wp:featuredmedia":[{"embeddable":true,"href":"https:\/\/www.europesays.com\/fr\/wp-json\/wp\/v2\/media\/578998"}],"wp:attachment":[{"href":"https:\/\/www.europesays.com\/fr\/wp-json\/wp\/v2\/media?parent=578997"}],"wp:term":[{"taxonomy":"category","embeddable":true,"href":"https:\/\/www.europesays.com\/fr\/wp-json\/wp\/v2\/categories?post=578997"},{"taxonomy":"post_tag","embeddable":true,"href":"https:\/\/www.europesays.com\/fr\/wp-json\/wp\/v2\/tags?post=578997"}],"curies":[{"name":"wp","href":"https:\/\/api.w.org\/{rel}","templated":true}]}}