{"id":578999,"date":"2025-12-05T03:40:20","date_gmt":"2025-12-05T03:40:20","guid":{"rendered":"https:\/\/www.europesays.com\/fr\/578999\/"},"modified":"2025-12-05T03:40:20","modified_gmt":"2025-12-05T03:40:20","slug":"cest-un-tsunami-qui-va-engloutir-les-droits-des-particuliers-a-quimper-les-avocats-mobilises-contre-le-projet-de-decret-rivage-sur-les-appels","status":"publish","type":"post","link":"https:\/\/www.europesays.com\/fr\/578999\/","title":{"rendered":"\u00ab\u00a0C\u2019est un tsunami qui va engloutir les droits des particuliers\u00a0\u00bb\u00a0: \u00e0 Quimper, les avocats mobilis\u00e9s contre le projet de d\u00e9cret Rivage sur les appels"},"content":{"rendered":"<p>\u00ab\u00a0C\u2019est un tsunami qui va engloutir les droits des particuliers\u00a0\u00bb. \u00c0 Quimper, comme dans le reste de la France, les avocats se sont mobilis\u00e9s, ce jeudi 4 d\u00e9cembre 2025, afin d\u2019exprimer leur opposition au projet de <a href=\"https:\/\/www.letelegramme.fr\/opinions\/tribune-le-droit-au-juge-bientot-un-privilege-6936048.php\" title=\"www.letelegramme.fr\" target=\"_blank\" rel=\"noopener\">d\u00e9cret dit Rivage<\/a> (Rationalisation des instances en voie d\u2019appel). Si certains s\u2019\u00e9taient d\u00e9plac\u00e9s \u00e0 la cour d\u2019assises de Rennes (35), ils \u00e9taient une poign\u00e9e, \u00e0 midi, dans le Palais de justice, \u00e0 l\u2019appel de la b\u00e2tonni\u00e8re du barreau de Quimper.<\/p>\n<p>\u00ab\u00a0Il faut regarder du c\u00f4t\u00e9 du p\u00e9nal\u00a0\u00bb<\/p>\n<p>\u00ab\u00a0Tout le monde, y compris les magistrats, est unanime pour dire que ce projet de r\u00e9forme est une aberration\u00a0\u00bb, note Me Marie-Th\u00e9r\u00e8se Miossec. Dans le domaine civil, pour les litiges du quotidien, \u00ab\u00a0il ne sera plus possible de faire appel en de\u00e7\u00e0 de 10\u00a0000 \u20ac, expose l\u2019avocate. Pour le juge aux affaires familiales, le probl\u00e8me est le m\u00eame. Par exemple, en France, la moyenne pour une pension alimentaire est de 25\u00a0000 \u20ac. Si la r\u00e9forme passe, on ne pourra plus faire appel si l\u2019enjeu n\u2019est pas sup\u00e9rieur \u00e0 40\u00a0000 \u20ac\u00bb.<\/p>\n<p>L\u2019argument d\u2019une justice encombr\u00e9e ne tient pas pour les avocats. \u00ab\u00a0Ce n\u2019est pas le cas pour le civil. Il faut regarder du c\u00f4t\u00e9 du p\u00e9nal. Ce qui manque, c\u2019est un audit sur le fonctionnement\u00a0\u00bb.<\/p>\n","protected":false},"excerpt":{"rendered":"\u00ab\u00a0C\u2019est un tsunami qui va engloutir les droits des particuliers\u00a0\u00bb. \u00c0 Quimper, comme dans le reste de la&hellip;\n","protected":false},"author":2,"featured_media":579000,"comment_status":"","ping_status":"","sticky":false,"template":"","format":"standard","meta":{"footnotes":""},"categories":[4],"tags":[11,765,3321,1011,27,303,12,3319,25],"class_list":{"0":"post-578999","1":"post","2":"type-post","3":"status-publish","4":"format-standard","5":"has-post-thumbnail","7":"category-france","8":"tag-actualites","9":"tag-en-continu","10":"tag-finistere","11":"tag-fr","12":"tag-france","13":"tag-justice","14":"tag-news","15":"tag-quimper","16":"tag-republique-francaise"},"share_on_mastodon":{"url":"https:\/\/pubeurope.com\/@fr\/115664887827697137","error":""},"_links":{"self":[{"href":"https:\/\/www.europesays.com\/fr\/wp-json\/wp\/v2\/posts\/578999","targetHints":{"allow":["GET"]}}],"collection":[{"href":"https:\/\/www.europesays.com\/fr\/wp-json\/wp\/v2\/posts"}],"about":[{"href":"https:\/\/www.europesays.com\/fr\/wp-json\/wp\/v2\/types\/post"}],"author":[{"embeddable":true,"href":"https:\/\/www.europesays.com\/fr\/wp-json\/wp\/v2\/users\/2"}],"replies":[{"embeddable":true,"href":"https:\/\/www.europesays.com\/fr\/wp-json\/wp\/v2\/comments?post=578999"}],"version-history":[{"count":0,"href":"https:\/\/www.europesays.com\/fr\/wp-json\/wp\/v2\/posts\/578999\/revisions"}],"wp:featuredmedia":[{"embeddable":true,"href":"https:\/\/www.europesays.com\/fr\/wp-json\/wp\/v2\/media\/579000"}],"wp:attachment":[{"href":"https:\/\/www.europesays.com\/fr\/wp-json\/wp\/v2\/media?parent=578999"}],"wp:term":[{"taxonomy":"category","embeddable":true,"href":"https:\/\/www.europesays.com\/fr\/wp-json\/wp\/v2\/categories?post=578999"},{"taxonomy":"post_tag","embeddable":true,"href":"https:\/\/www.europesays.com\/fr\/wp-json\/wp\/v2\/tags?post=578999"}],"curies":[{"name":"wp","href":"https:\/\/api.w.org\/{rel}","templated":true}]}}