{"id":579005,"date":"2025-12-05T03:43:29","date_gmt":"2025-12-05T03:43:29","guid":{"rendered":"https:\/\/www.europesays.com\/fr\/579005\/"},"modified":"2025-12-05T03:43:29","modified_gmt":"2025-12-05T03:43:29","slug":"des-footballeurs-de-las-saint-etienne-cuisinent-une-soupe-pour-la-bonne-cause","status":"publish","type":"post","link":"https:\/\/www.europesays.com\/fr\/579005\/","title":{"rendered":"Des footballeurs de l\u2019AS Saint-\u00c9tienne cuisinent une soupe pour la bonne cause"},"content":{"rendered":"<p>Des joueurs et joueuses de l\u2019AS Saint-\u00c9tienne ont particip\u00e9 mercredi 3\u00a0d\u00e9cembre \u00e0 un atelier culinaire organis\u00e9 avec l\u2019\u00e9cole h\u00f4teli\u00e8re du Renouveau, \u00e0 Saint-Genest-Lerpt (<a href=\"https:\/\/www.20minutes.fr\/dossier\/loire\" class=\"c-link c-link--is-underlined\" target=\"_blank\" rel=\"noopener\">Loire<\/a>).<\/p>\n<p>L\u2019op\u00e9ration, baptis\u00e9e \u00ab\u00a0la soupe du Chaudron\u00a0\u00bb, a r\u00e9uni quatre professionnels du club et plusieurs apprentis autour d\u2019une bonne action. En effet, comme l\u2019indique <a href=\"https:\/\/www.francebleu.fr\/emissions\/l-info-d-ici-ici-saint-etienne-loire\/des-footballeurs-de-l-as-saint-etienne-cuisinent-une-soupe-au-profit-des-plus-demunis-3784702\" rel=\"nofollow noopener\" target=\"_blank\" class=\"c-link c-link--is-underlined\">ICI Saint-Etienne Loire<\/a>, le but \u00e9tait d\u2019\u00e9laborer une <a href=\"https:\/\/maison.20minutes.fr\/mm85899-cest-la-soupe-anti-blues-fondez-pour-cette-soupe-douceur-minute-au-potimarron-carottes-et-curry\/\" class=\"c-link c-link--is-underlined\" target=\"_blank\" rel=\"noopener\">soupe<\/a> destin\u00e9e \u00e0 \u00eatre distribu\u00e9e \u00e0 des personnes en situation de pr\u00e9carit\u00e9.<\/p>\n<p>Dans les cuisines, les participants ont tous travaill\u00e9 en bin\u00f4me afin que les sportifs puissent \u00eatre conseill\u00e9s par des apprentis. Le tout sous la houlette du chef triplement \u00e9toil\u00e9 <a href=\"https:\/\/www.20minutes.fr\/people\/2177119-20171127-roanne-michel-troisgros-elu-chef-annee\" class=\"c-link c-link--is-underlined\" target=\"_blank\" rel=\"noopener\">Michel Troisgros<\/a>. Ce dernier a ensuite eu la lourde t\u00e2che de d\u00e9signer la meilleure soupe avec les autres membres du jury.<\/p>\n<p>Une recette gagnante<\/p>\n<p>Apr\u00e8s deux heures de cuisine, une soupe a \u00e9t\u00e9 d\u00e9sign\u00e9e gagnante. Elle sera ensuite reproduite en grande quantit\u00e9 par les \u00e9l\u00e8ves de l\u2019\u00e9cole, entre 70 et 100 litres selon les besoins.<\/p>\n<\/p>\n<p>La distribution se d\u00e9roulera le 16\u00a0d\u00e9cembre au stade Geoffroy-Guichard, en partenariat avec ASSE C\u0153ur Vert et l\u2019association Rena\u00eetre, qui interviennent r\u00e9guli\u00e8rement aupr\u00e8s de publics fragiles dans la r\u00e9gion st\u00e9phanoise. Une action solidaire qui s\u2019inscrit dans une dynamique men\u00e9e par le club de l\u2019AS Saint-\u00c9tienne depuis plusieurs ann\u00e9es.<\/p>\n","protected":false},"excerpt":{"rendered":"Des joueurs et joueuses de l\u2019AS Saint-\u00c9tienne ont particip\u00e9 mercredi 3\u00a0d\u00e9cembre \u00e0 un atelier culinaire organis\u00e9 avec l\u2019\u00e9cole&hellip;\n","protected":false},"author":2,"featured_media":579006,"comment_status":"","ping_status":"","sticky":false,"template":"","format":"standard","meta":{"footnotes":""},"categories":[9653],"tags":[1111,47,11,2430,1777,674,63,1011,27,3367,12,25,2431,4001,104,3400],"class_list":{"0":"post-579005","1":"post","2":"type-post","3":"status-publish","4":"format-standard","5":"has-post-thumbnail","7":"category-saint-etienne","8":"tag-actu","9":"tag-actualite","10":"tag-actualites","11":"tag-auvergne-rhone-alpes","12":"tag-eu","13":"tag-europe","14":"tag-football","15":"tag-fr","16":"tag-france","17":"tag-loire","18":"tag-news","19":"tag-republique-francaise","20":"tag-rhone-alpes","21":"tag-saint-etienne","22":"tag-societe","23":"tag-solidarite"},"share_on_mastodon":{"url":"https:\/\/pubeurope.com\/@fr\/115664899606122215","error":""},"_links":{"self":[{"href":"https:\/\/www.europesays.com\/fr\/wp-json\/wp\/v2\/posts\/579005","targetHints":{"allow":["GET"]}}],"collection":[{"href":"https:\/\/www.europesays.com\/fr\/wp-json\/wp\/v2\/posts"}],"about":[{"href":"https:\/\/www.europesays.com\/fr\/wp-json\/wp\/v2\/types\/post"}],"author":[{"embeddable":true,"href":"https:\/\/www.europesays.com\/fr\/wp-json\/wp\/v2\/users\/2"}],"replies":[{"embeddable":true,"href":"https:\/\/www.europesays.com\/fr\/wp-json\/wp\/v2\/comments?post=579005"}],"version-history":[{"count":0,"href":"https:\/\/www.europesays.com\/fr\/wp-json\/wp\/v2\/posts\/579005\/revisions"}],"wp:featuredmedia":[{"embeddable":true,"href":"https:\/\/www.europesays.com\/fr\/wp-json\/wp\/v2\/media\/579006"}],"wp:attachment":[{"href":"https:\/\/www.europesays.com\/fr\/wp-json\/wp\/v2\/media?parent=579005"}],"wp:term":[{"taxonomy":"category","embeddable":true,"href":"https:\/\/www.europesays.com\/fr\/wp-json\/wp\/v2\/categories?post=579005"},{"taxonomy":"post_tag","embeddable":true,"href":"https:\/\/www.europesays.com\/fr\/wp-json\/wp\/v2\/tags?post=579005"}],"curies":[{"name":"wp","href":"https:\/\/api.w.org\/{rel}","templated":true}]}}