{"id":579007,"date":"2025-12-05T03:44:13","date_gmt":"2025-12-05T03:44:13","guid":{"rendered":"https:\/\/www.europesays.com\/fr\/579007\/"},"modified":"2025-12-05T03:44:13","modified_gmt":"2025-12-05T03:44:13","slug":"la-ferme-des-fruitiers-et-le-domaine-gilbert-ruhlmann-fils-sunissent-pour-vous-faire-decouvrir-lexcellence-des-vins-dalsace","status":"publish","type":"post","link":"https:\/\/www.europesays.com\/fr\/579007\/","title":{"rendered":"La Ferme des Fruitiers et le Domaine Gilbert Ruhlmann Fils s\u2019unissent pour vous faire d\u00e9couvrir l\u2019excellence des vins d\u2019Alsace !"},"content":{"rendered":"<p>Beno\u00eet, Damien et Etienne Parfait forment la troisi\u00e8me g\u00e9n\u00e9ration de cette entreprise familiale. Ils ont \u00e9galement fond\u00e9 des magasins qui fonctionnent comme des march\u00e9s fermiers permanents, o\u00f9 l\u2019on peut retrouver les produits des fr\u00e8res Parfait, mais aussi une large s\u00e9lection de produits de producteurs locaux. Parmi ces offres, on trouve des produits laitiers, des viandes avec un rayon de boucherie traditionnelle \u00e0 la coupe, des boissons diverses, des confiseries, des miels, des \u00e9pices, et bien plus encore. \u00ab\u00a0Notre objectif est de cr\u00e9er un lien entre les producteurs locaux et les consommateurs. Faire son march\u00e9 \u00e0 la Ferme des Fruitiers, c\u2019est prendre conscience de l\u2019origine des aliments que nous consommons. Depuis plus de 25 ans, nous travaillons directement avec 80 agriculteurs et artisans de la r\u00e9gion, qui fixent leurs propres prix, garantissant ainsi une juste r\u00e9mun\u00e9ration. Parmi ceux-ci, on retrouve le Domaine Gilbert Ruhlmann Fils, situ\u00e9 sur la Route des Vins \u00e0 Scherwiller\u00a0\u00bb, souligne Beno\u00eet Parfait.<\/p>\n<p><strong>Dans le vignoble alsacien depuis 1958&#8230;<\/strong><\/p>\n<p>Ce domaine de vignerons ind\u00e9pendants passionn\u00e9s est transmis de p\u00e8re en fils, respectant la plus pure tradition. Implant\u00e9 au pied du ch\u00e2teau de l\u2019Ortenbourg et du Haut Koenigsbourg, le terroir se distingue par ses sols graveleux ou granitiques qui produisent des crus divins.<\/p>\n<p>Pour accompagner vos menus festifs, d\u00e9couvrez des cuv\u00e9es d\u2019exception, dont le Gewurztraminer Vendanges Tardives, qui se savoure \u00e0 l\u2019ap\u00e9ritif et s\u2019accorde parfaitement avec un foie gras, des fromages puissants tels que le munster, ou un dessert aux fruits secs. Et pour ravir vos invit\u00e9s, le Riesling Scherwiller &#8211; Appellation Communale, vin blanc \u00e9l\u00e9gant qui refl\u00e8te l&rsquo;authenticit\u00e9 de son terroir, est un choix incontournable. Sa robe brillante jaune clair avec des reflets dor\u00e9s et ses ar\u00f4mes raffin\u00e9s d\u2019agrumes et de fruits jaunes, enrichis de notes min\u00e9rales, en font un choix id\u00e9al pour accompagner des crustac\u00e9s, des poissons grill\u00e9s et des viandes blanches. Laissez-vous s\u00e9duire \u00e9galement par le Cr\u00e9mant d&rsquo;Alsace, fruit d\u2019un assemblage de Pinots et de Riesling, qui s\u2019accorde \u00e0 merveille avec l\u2019ap\u00e9ritif, les fruits de mer, le jambon brais\u00e9, la choucroute de poisson et les desserts aux fruits. Retrouvez d&rsquo;autres vins issus de ce domaine familial dans les boutiques de la Ferme des Fruitiers, tels que le Riesling Vieilles Vignes, l\u2019Edelzwicker, diff\u00e9rents Pinots et bien d&rsquo;autres.<\/p>\n<p>Pascal Rulhmann sera aux magasins :<\/p>\n<ul>\n<li>de Vandoeuvre\u00a0samedi 13\u00a0d\u00e9cembre, de\u00a09h30 \u00e0\u00a014h \u00a0;<\/li>\n<li>de Seichamps le vendredi 19 d\u00e9cembre, de 9h30 \u00e0 14h \u00a0;<\/li>\n<\/ul>\n<p>pour vous pr\u00e9senter son domaine et vous conseiller.<\/p>\n<p>\u00a0<\/p>\n<p>\u00a0<\/p>\n<p>*L\u2019abus d\u2019alcool est dangereux pour la sant\u00e9.<\/p>\n","protected":false},"excerpt":{"rendered":"Beno\u00eet, Damien et Etienne Parfait forment la troisi\u00e8me g\u00e9n\u00e9ration de cette entreprise familiale. Ils ont \u00e9galement fond\u00e9 des&hellip;\n","protected":false},"author":2,"featured_media":579008,"comment_status":"","ping_status":"","sticky":false,"template":"","format":"standard","meta":{"footnotes":""},"categories":[9635],"tags":[1111,11,7884,1777,674,1011,27,775,1702,12,25],"class_list":{"0":"post-579007","1":"post","2":"type-post","3":"status-publish","4":"format-standard","5":"has-post-thumbnail","7":"category-nancy","8":"tag-actu","9":"tag-actualites","10":"tag-articles-partenaires","11":"tag-eu","12":"tag-europe","13":"tag-fr","14":"tag-france","15":"tag-grand-est","16":"tag-nancy","17":"tag-news","18":"tag-republique-francaise"},"share_on_mastodon":{"url":"https:\/\/pubeurope.com\/@fr\/115664903508364503","error":""},"_links":{"self":[{"href":"https:\/\/www.europesays.com\/fr\/wp-json\/wp\/v2\/posts\/579007","targetHints":{"allow":["GET"]}}],"collection":[{"href":"https:\/\/www.europesays.com\/fr\/wp-json\/wp\/v2\/posts"}],"about":[{"href":"https:\/\/www.europesays.com\/fr\/wp-json\/wp\/v2\/types\/post"}],"author":[{"embeddable":true,"href":"https:\/\/www.europesays.com\/fr\/wp-json\/wp\/v2\/users\/2"}],"replies":[{"embeddable":true,"href":"https:\/\/www.europesays.com\/fr\/wp-json\/wp\/v2\/comments?post=579007"}],"version-history":[{"count":0,"href":"https:\/\/www.europesays.com\/fr\/wp-json\/wp\/v2\/posts\/579007\/revisions"}],"wp:featuredmedia":[{"embeddable":true,"href":"https:\/\/www.europesays.com\/fr\/wp-json\/wp\/v2\/media\/579008"}],"wp:attachment":[{"href":"https:\/\/www.europesays.com\/fr\/wp-json\/wp\/v2\/media?parent=579007"}],"wp:term":[{"taxonomy":"category","embeddable":true,"href":"https:\/\/www.europesays.com\/fr\/wp-json\/wp\/v2\/categories?post=579007"},{"taxonomy":"post_tag","embeddable":true,"href":"https:\/\/www.europesays.com\/fr\/wp-json\/wp\/v2\/tags?post=579007"}],"curies":[{"name":"wp","href":"https:\/\/api.w.org\/{rel}","templated":true}]}}