{"id":579025,"date":"2025-12-05T03:57:22","date_gmt":"2025-12-05T03:57:22","guid":{"rendered":"https:\/\/www.europesays.com\/fr\/579025\/"},"modified":"2025-12-05T03:57:22","modified_gmt":"2025-12-05T03:57:22","slug":"500-euros-damende-requis-pour-la-vente-dune-canette-de-biere","status":"publish","type":"post","link":"https:\/\/www.europesays.com\/fr\/579025\/","title":{"rendered":"500 euros d\u2019amende requis pour la vente d\u2019une canette de bi\u00e8re"},"content":{"rendered":"<p>                    Par<br \/>\n        <strong><br \/>\n            <a href=\"https:\/\/actu.fr\/auteur\/redaction-strasbourg\" title=\"Consulter tous les articles de R\u00e9daction Strasbourg\" target=\"_blank\" rel=\"noopener\">R\u00e9daction Strasbourg<\/a><br \/>\n                    <\/strong><\/p>\n<p>        Publi\u00e9 le<\/p>\n<p>            4 d\u00e9c. 2025 \u00e0 12h50        <\/p>\n<p>Apr\u00e8s une <a href=\"https:\/\/actu.fr\/grand-est\/strasbourg_67482\/alcool-interdit-au-u-express-grand-rue-le-gerant-devant-le-tribunal-ce-qu-il-faut-retenir-de-l-audience_63520499.html\" target=\"_blank\" rel=\"noopener\">audience au tribunal administratif mardi<\/a>, c\u2019est le c\u0153ur de l\u2019affaire qui a \u00e9t\u00e9 jug\u00e9 par le <strong>tribunal de police de Strasbourg<\/strong> ce jeudi. Pour rappel, le <strong>U Express Grand\u2019Rue<\/strong> est frapp\u00e9 depuis le 26 novembre d\u2019un <a href=\"https:\/\/actu.fr\/grand-est\/strasbourg_67482\/strasbourg-la-prefecture-interdit-la-vente-d-alcool-dans-ce-magasin-les-clients-sont-en-colere-une-honte_63497176.html\" target=\"_blank\" rel=\"noopener\">arr\u00eat\u00e9 d\u2019interdiction de vente d\u2019alcool<\/a>. Une \u00ab <strong>catastrophe<\/strong> \u00bb, pour le g\u00e9rant et propri\u00e9taire du supermarch\u00e9, David Allard, qui s\u2019est dit \u00ab d\u00e9pass\u00e9 et <a href=\"https:\/\/actu.fr\/grand-est\/strasbourg_67482\/strasbourg-vente-d-alcool-interdite-au-u-express-grand-rue-abasourdi-le-gerant-saisit-la-justice_63511842.html\" target=\"_blank\" rel=\"noopener\">abasourdi<\/a> \u00bb par \u00ab l\u2019ampleur \u00bb de cette affaire.<\/p>\n<p>La cliente, une habitu\u00e9e<\/p>\n<p class=\" wall-content\">Il est reproch\u00e9 au magasin d\u2019avoir, le 26\u00a0f\u00e9vrier 2025,\u00a0vendu une <strong>canette de bi\u00e8re<\/strong> \u00e0 une femme en \u00e9tat d\u2019\u00e9bri\u00e9t\u00e9. La cliente, une habitu\u00e9e du supermarch\u00e9, avait \u00e9t\u00e9 vue par des policiers boire une cannette de bi\u00e8re avant de s\u2019engouffrer dans le <a href=\"https:\/\/actu.fr\/tag\/commerce\" target=\"_blank\" rel=\"noopener\">commerce<\/a> pour s\u2019en procurer une seconde. \u00ab\u00a0Elle \u00e9tait calme et <strong>ne titubait pas<\/strong>, elle n\u2019\u00e9tait <strong>pas manifestement ivre<\/strong>\u00a0\u00bb, a ass\u00e9n\u00e9 David Allard.<\/p>\n<p>\u00ab Il n\u2019y a pas eu d\u2019erreur \u00bb<\/p>\n<p class=\" wall-content\">Jug\u00e9 ce jeudi pour la vente de cette cannette, David Allard a fermement contest\u00e9 les faits qui lui sont reproch\u00e9s et a tenu a <strong>r\u00e9affirmer son soutien envers ses \u00e9quipes<\/strong>. \u00ab\u00a0Si je doutais de l\u2019honn\u00eatet\u00e9 de l\u2019h\u00f4tesse qui a pris la d\u00e9cision d\u2019encaisser cette dame, je ne serais pas l\u00e0 \u00bb, a-t-il argu\u00e9. D\u2019abord entendue comme mise en cause, la caissi\u00e8re n\u2019a finalement pas \u00e9t\u00e9 poursuivie dans cette affaire. \u00ab\u00a0Je consid\u00e8re qu\u2019il n\u2019y a pas eu d\u2019erreur, nos h\u00f4tesses de caisse sont <strong>form\u00e9es<\/strong> et ont des <strong>consignes tr\u00e8s strictes<\/strong>, elles font des refus de vente quotidiennement\u00a0\u00bb, a argu\u00e9 le directeur de magasin.<\/p>\n<p class=\" wall-content\">Le tribunal a requis pour ce d\u00e9lit une peine de <strong>500 euros<\/strong> d\u2019<a href=\"https:\/\/actu.fr\/tag\/amendes\" target=\"_blank\" rel=\"noopener\">amende<\/a>.<\/p>\n<p>La relaxe plaid\u00e9e<\/p>\n<p class=\" wall-content\">Son avocat, Me Rapha\u00ebl Nisand, a plaid\u00e9 la <strong>relaxe<\/strong> \u00ab au b\u00e9n\u00e9fice du doute \u00bb. \u00ab <strong>Rien ne permet de se faire une certitude dans ce dossier<\/strong> \u00bb, a pr\u00e9cis\u00e9 la d\u00e9fense. Aucun test d\u2019alcool\u00e9mie ne ressort en effet du dossier pour caract\u00e9riser le degr\u00e9 d\u2019ivresse de la cliente.<\/p>\n<p class=\" wall-content\">Le d\u00e9lib\u00e9r\u00e9 sera rendu <strong>le 18 d\u00e9cembre<\/strong>. Une d\u00e9cision tr\u00e8s attendue qui pourrait influer sur l\u2019arr\u00eat\u00e9 d\u2019interdiction de vente d\u2019alcool du magasin.<\/p>\n<p class=\" wall-content\"><strong>Olivia Kouassi<\/strong><\/p>\n<p class=\" wall-content\">Personnalisez votre actualit\u00e9 en ajoutant vos villes et m\u00e9dias en favori avec <a href=\"https:\/\/moncompte.actu.fr\" title=\"D\u00e9couvez Mon Actu\" rel=\"nofollow noopener\" data-trk=\"{&quot;cta&quot;:{&quot;action&quot;:&quot;https:\\\/\\\/moncompte.actu.fr&quot;,&quot;category&quot;:&quot;mon compte&quot;,&quot;from&quot;:&quot;article footer&quot;,&quot;name&quot;:&quot;Mon actu&quot;,&quot;type&quot;:&quot;cta&quot;}}\" target=\"_blank\">Mon Actu<\/a>.<\/p>\n","protected":false},"excerpt":{"rendered":"Par R\u00e9daction Strasbourg Publi\u00e9 le 4 d\u00e9c. 2025 \u00e0 12h50 Apr\u00e8s une audience au tribunal administratif mardi, c\u2019est&hellip;\n","protected":false},"author":2,"featured_media":579026,"comment_status":"","ping_status":"","sticky":false,"template":"","format":"standard","meta":{"footnotes":""},"categories":[2820],"tags":[1111,11,5702,7622,215,1777,674,118,1011,27,775,12,25,640],"class_list":{"0":"post-579025","1":"post","2":"type-post","3":"status-publish","4":"format-standard","5":"has-post-thumbnail","7":"category-strasbourg","8":"tag-actu","9":"tag-actualites","10":"tag-alcool","11":"tag-amendes","12":"tag-commerce","13":"tag-eu","14":"tag-europe","15":"tag-faits-divers","16":"tag-fr","17":"tag-france","18":"tag-grand-est","19":"tag-news","20":"tag-republique-francaise","21":"tag-strasbourg"},"share_on_mastodon":{"url":"https:\/\/pubeurope.com\/@fr\/115664954569686594","error":""},"_links":{"self":[{"href":"https:\/\/www.europesays.com\/fr\/wp-json\/wp\/v2\/posts\/579025","targetHints":{"allow":["GET"]}}],"collection":[{"href":"https:\/\/www.europesays.com\/fr\/wp-json\/wp\/v2\/posts"}],"about":[{"href":"https:\/\/www.europesays.com\/fr\/wp-json\/wp\/v2\/types\/post"}],"author":[{"embeddable":true,"href":"https:\/\/www.europesays.com\/fr\/wp-json\/wp\/v2\/users\/2"}],"replies":[{"embeddable":true,"href":"https:\/\/www.europesays.com\/fr\/wp-json\/wp\/v2\/comments?post=579025"}],"version-history":[{"count":0,"href":"https:\/\/www.europesays.com\/fr\/wp-json\/wp\/v2\/posts\/579025\/revisions"}],"wp:featuredmedia":[{"embeddable":true,"href":"https:\/\/www.europesays.com\/fr\/wp-json\/wp\/v2\/media\/579026"}],"wp:attachment":[{"href":"https:\/\/www.europesays.com\/fr\/wp-json\/wp\/v2\/media?parent=579025"}],"wp:term":[{"taxonomy":"category","embeddable":true,"href":"https:\/\/www.europesays.com\/fr\/wp-json\/wp\/v2\/categories?post=579025"},{"taxonomy":"post_tag","embeddable":true,"href":"https:\/\/www.europesays.com\/fr\/wp-json\/wp\/v2\/tags?post=579025"}],"curies":[{"name":"wp","href":"https:\/\/api.w.org\/{rel}","templated":true}]}}