{"id":57903,"date":"2025-04-27T23:16:09","date_gmt":"2025-04-27T23:16:09","guid":{"rendered":"https:\/\/www.europesays.com\/fr\/57903\/"},"modified":"2025-04-27T23:16:09","modified_gmt":"2025-04-27T23:16:09","slug":"conflit-au-yemen-les-usa-ont-frappe-800-cibles-au-yemen-tuant-des-centaines-de-houthis-depuis-mi-mars","status":"publish","type":"post","link":"https:\/\/www.europesays.com\/fr\/57903\/","title":{"rendered":"Conflit au Y\u00e9men &#8211; Les USA ont frapp\u00e9 800 cibles au Y\u00e9men, tuant des centaines de Houthis depuis mi-mars"},"content":{"rendered":"<p class=\"ap-StoryElement ap-StoryElement--mb ap-StoryText\">\u00ab\u00a0Depuis le d\u00e9but de l&rsquo;op\u00e9ration Rough Rider, USCENTCOM (United States Central Command) a frapp\u00e9 plus de 800 cibles. Ces frappes ont tu\u00e9s des centaines de combattants houthis et de nombreux leaders houthis\u00a0\u00bb, indique un communiqu\u00e9 du centre am\u00e9ricain de commandement pour le Moyen-Orient.<\/p>\n<p class=\"ap-StoryElement ap-StoryElement--mb ap-StoryText\">La cha\u00eene de t\u00e9l\u00e9vision y\u00e9m\u00e9nite Al-Massira, contr\u00f4l\u00e9e par les rebelles houthis, a d&rsquo;ailleurs rapport\u00e9 dimanche que des frappes am\u00e9ricaines sur la capitale Sanaa ont encore fait au moins huit morts et des bless\u00e9s.<\/p>\n","protected":false},"excerpt":{"rendered":"\u00ab\u00a0Depuis le d\u00e9but de l&rsquo;op\u00e9ration Rough Rider, USCENTCOM (United States Central Command) a frapp\u00e9 plus de 800 cibles.&hellip;\n","protected":false},"author":2,"featured_media":2837,"comment_status":"","ping_status":"","sticky":false,"template":"","format":"standard","meta":{"footnotes":""},"categories":[1589],"tags":[11,2120,73,1866,12,1864,1865,1863,308,3885],"class_list":{"0":"post-57903","1":"post","2":"type-post","3":"status-publish","4":"format-standard","5":"has-post-thumbnail","7":"category-etats-unis","8":"tag-actualites","9":"tag-conflit","10":"tag-etats-unis","11":"tag-etats-unis-damerique","12":"tag-news","13":"tag-united-states","14":"tag-united-states-of-america","15":"tag-us","16":"tag-usa","17":"tag-yemen"},"share_on_mastodon":{"url":"https:\/\/pubeurope.com\/@fr\/114412479124156345","error":""},"_links":{"self":[{"href":"https:\/\/www.europesays.com\/fr\/wp-json\/wp\/v2\/posts\/57903","targetHints":{"allow":["GET"]}}],"collection":[{"href":"https:\/\/www.europesays.com\/fr\/wp-json\/wp\/v2\/posts"}],"about":[{"href":"https:\/\/www.europesays.com\/fr\/wp-json\/wp\/v2\/types\/post"}],"author":[{"embeddable":true,"href":"https:\/\/www.europesays.com\/fr\/wp-json\/wp\/v2\/users\/2"}],"replies":[{"embeddable":true,"href":"https:\/\/www.europesays.com\/fr\/wp-json\/wp\/v2\/comments?post=57903"}],"version-history":[{"count":0,"href":"https:\/\/www.europesays.com\/fr\/wp-json\/wp\/v2\/posts\/57903\/revisions"}],"wp:featuredmedia":[{"embeddable":true,"href":"https:\/\/www.europesays.com\/fr\/wp-json\/wp\/v2\/media\/2837"}],"wp:attachment":[{"href":"https:\/\/www.europesays.com\/fr\/wp-json\/wp\/v2\/media?parent=57903"}],"wp:term":[{"taxonomy":"category","embeddable":true,"href":"https:\/\/www.europesays.com\/fr\/wp-json\/wp\/v2\/categories?post=57903"},{"taxonomy":"post_tag","embeddable":true,"href":"https:\/\/www.europesays.com\/fr\/wp-json\/wp\/v2\/tags?post=57903"}],"curies":[{"name":"wp","href":"https:\/\/api.w.org\/{rel}","templated":true}]}}