{"id":579033,"date":"2025-12-05T04:01:41","date_gmt":"2025-12-05T04:01:41","guid":{"rendered":"https:\/\/www.europesays.com\/fr\/579033\/"},"modified":"2025-12-05T04:01:41","modified_gmt":"2025-12-05T04:01:41","slug":"quel-est-ce-collectif-feministe-qui-milite-pour-le-droit-en-manifestation-pres-de-nantes","status":"publish","type":"post","link":"https:\/\/www.europesays.com\/fr\/579033\/","title":{"rendered":"Quel est ce collectif f\u00e9ministe qui milite pour le droit en manifestation pr\u00e8s de Nantes\u00a0?"},"content":{"rendered":"<p>                    Par<br \/>\n        <strong><br \/>\n            <a href=\"https:\/\/actu.fr\/auteur\/romane-rousseau-actu-fr\" title=\"Consulter tous les articles de Romane Rousseau\" target=\"_blank\" rel=\"noopener\">Romane Rousseau<\/a><br \/>\n                    <\/strong><\/p>\n<p>        Publi\u00e9 le<\/p>\n<p>            4 d\u00e9c. 2025 \u00e0 12h13        <\/p>\n<p>\u00ab Non c\u2019est non \u00bb, \u00ab violeurs on vous voit \u00bb, \u00ab je te crois \u00bb\u2026 Lors de manifestations f\u00e9ministes partout en France, les panneaux de d\u00e9nonciation sont fi\u00e8rement brandis par les participantes. Elles revendiquent dans la rue le droit \u00e0 disposer de leur corps, <b>l\u2019\u00e9galit\u00e9 entre les sexes<\/b>, d\u00e9noncent le nombre grandissant de f\u00e9minicides, de viols et d\u2019agressions sexuelles\u2026 Mais peuvent \u00eatre confront\u00e9es \u00e0 des situations complexes lors de ces rassemblements.<\/p>\n<p class=\" wall-content\">C\u2019est dans cette optique que le collectif f\u00e9ministe du Vignoble organise une soir\u00e9e le mardi 9 d\u00e9cembre \u00e0 <a href=\"https:\/\/actu.fr\/pays-de-la-loire\/chateau-thebaud_44037\" target=\"_blank\" rel=\"noopener\">Ch\u00e2teau-Th\u00e9baud<\/a>, afin <b>d\u2019informer sur les droits en manifestation.<\/b><\/p>\n<p>    <a href=\"https:\/\/maps.google.com\/maps?q=47.124398,-1.418828&amp;z=15&amp;output=embed\" title=\"Ouvrie le lien\" target=\"_blank\" rel=\"noopener\">Cliquez ici pour visualiser le contenu<\/a><\/p>\n<p class=\" wall-content\">Le collectif f\u00e9ministe du Vignoble na\u00eet en juin\u00a02024, suite \u00e0 la<b> journ\u00e9e internationale des droits de la femme <\/b>c\u00e9l\u00e9br\u00e9e le 8\u00a0mars.<\/p>\n<blockquote class=\"ac-article-quote wall-content\">\n<p>On trouvait dommage que l\u2019on se mobilise seulement sur ce mois voire cette date-l\u00e0.<\/p>\n<p>Dominique Duval, membre du collectif<\/p><\/blockquote>\n<p class=\" wall-content\">Pour le moment, le regroupement recense entre <b>40 et 50 femmes, uniquement b\u00e9n\u00e9voles.<\/b><\/p>\n<p>Vid\u00e9os : en ce moment sur Actu<\/p>\n<p class=\" wall-content\">De nombreuses actions ont \u00e9t\u00e9 mises en place pour alerter sur les in\u00e9galit\u00e9s que subissent les femmes et apporter des solutions, comme des temps d\u2019\u00e9changes, des cours d\u2019autod\u00e9fense\u2026 <a href=\"https:\/\/actu.fr\/pays-de-la-loire\/saint-lumine-de-clisson_44173\/dans-ce-secteur-de-la-loire-atlantique-cette-chorale-se-revendique-comme-feministe_63331567.html\" target=\"_blank\" rel=\"noopener\">Une chorale f\u00e9ministe, Les Ph\u00e9nixiennes<\/a>, a \u00e9galement \u00e9t\u00e9 form\u00e9e.<\/p>\n<p>\u00ab Le but de cette soir\u00e9e, c\u2019est que les personnes n\u2019aient plus peur d\u2019aller manifester \u00bb<\/p>\n<p class=\" wall-content\">L\u2019id\u00e9e de la soir\u00e9e du 9\u00a0d\u00e9cembre, qui a lieu quelques semaines apr\u00e8s la journ\u00e9e internationale de lutte contre les violences faites aux femmes du 25\u00a0novembre, leur est venue apr\u00e8s avoir assist\u00e9 \u00e0 une <b>formation donn\u00e9e par la Ligue des droits de l\u2019Homme<\/b> \u00e0 <a href=\"https:\/\/actu.fr\/nantes\/\" target=\"_blank\" rel=\"noopener\">Nantes<\/a>.<\/p>\n<p>Votre r\u00e9gion, votre actu !<\/p>\n<p>Recevez chaque jour les infos qui comptent pour vous.<\/p>\n<p>\t<a href=\"https:\/\/actu.fr\/newsletter\" class=\"ac-btn ac-btn--corner ac-btn--medium ac-btn--blue800\" target=\"_blank\" rel=\"noopener\">S&rsquo;incrire<\/a><\/p>\n<blockquote class=\"ac-article-quote wall-content\">\n<p>Nous avons \u00e9t\u00e9 \u00e0 cette conf\u00e9rence sur les droits qu\u2019ont les personnes qui manifestent. On trouve \u00e7a toujours dommage que ce genre d\u2019\u00e9v\u00e8nement ne se fasse que dans les grandes villes. Alors on a d\u00e9cid\u00e9 d\u2019en faire une dans le Vignoble, \u00e0 Ch\u00e2teau-Th\u00e9baud pour ne pas que ce soit toujours \u00e0 Clisson.<\/p>\n<p>Dominique Duval<\/p><\/blockquote>\n<p class=\" wall-content\">Soutenu par les amicales la\u00efques de Ch\u00e2teau-Th\u00e9baud, d<a href=\"https:\/\/actu.fr\/pays-de-la-loire\/aigrefeuille-sur-maine_44002\" target=\"_blank\" rel=\"noopener\">\u2018Aigrefeuille-sur-Maine<\/a>, de Saint-Hilaire de Clisson ainsi que de Saint-Lumine-de-Clisson, l\u2019\u00e9v\u00e8nement se d\u00e9roulera en deux parties : la premi\u00e8re reviendra sur la d\u00e9fense des droits <b>sp\u00e9cifiquement des femmes en manifestations.<\/b><\/p>\n<blockquote class=\"ac-article-quote wall-content\">\n<p>On abordera par exemple les collages f\u00e9ministes, les cons\u00e9quences qu\u2019il peut y avoir, comment on peut se d\u00e9fendre si on est arr\u00eat\u00e9e\u2026\u00a0<\/p>\n<p>Dominique Duval<\/p><\/blockquote>\n<p class=\" wall-content\">Des avocat (e) s seront pr\u00e9sents afin d\u2019apporter des r\u00e9ponses concr\u00e8tes dans ce temps d\u2019informations et d\u2019\u00e9changes <b>en mixit\u00e9 choisie<\/b>. Seules les femmes o\u00f9 personnes qui se sentent comme telles peuvent y assister.<\/p>\n<p class=\" wall-content\">La deuxi\u00e8me partie de cet \u00e9v\u00e8nement sera quant \u00e0 elle ouverte \u00e0 tous.<\/p>\n<p class=\" wall-content\"><b>Les droits en manifestation <\/b>de chacun y seront abord\u00e9s : que faut-il faire en cas de contr\u00f4le policier ? Qu\u2019est-ce qu\u2019une commission rogatoire ? Peut-on fouiller notre sac ?<\/p>\n<p class=\" wall-content\">Quand appeler un avocat ?<\/p>\n<blockquote class=\"ac-article-quote wall-content\">\n<p>Le but de cette soir\u00e9e, c\u2019est que les personnes n\u2019aient plus peur d\u2019aller manifester. On veut que les femmes puissent reprendre le pouvoir dans la rue.\u00a0<\/p>\n<p>Lucie Coupard, membre du collectif<\/p><\/blockquote>\n<p class=\" wall-content\">Des membres de la Ligue des droits de l\u2019humain seront \u00e9galement pr\u00e9sents.<\/p>\n<p>Des manifestations plus \u00ab violentes \u00bb<\/p>\n<p class=\" wall-content\">Pour Dominique Duval, cet \u00e9v\u00e8nement se tient dans un contexte particulier, marqu\u00e9 par \u00ab les violences polici\u00e8res. On voit bien que depuis une dizaine d\u2019ann\u00e9es, c\u2019est <b>devenu bien plus violent. <\/b>Que ce soit dans des manifestations f\u00e9ministes ou non, on a pu le voir \u00e0 Sainte-Soline, Notre-Dame-de-Landes\u2026 Il y a quasiment syst\u00e9matiquement de <b>l\u2019usage de lacrymog\u00e8nes <\/b>\u00bb.<\/p>\n<p class=\" wall-content\">\u00ab L\u2019id\u00e9e n\u2019est pas d\u2019organiser un cassage, mais que les gens soient pr\u00e9par\u00e9s \u00bb, compl\u00e8te Lucie Coupard. Pr\u00e9par\u00e9s \u00e0 faire porter leur parole jusque dans la rue.<\/p>\n<p>Mardi 9\u00a0d\u00e9cembre, de 18 h 30 \u00e0 19 h 30 et de 20 h \u00e0 21 h 30. Salle des arcades, 1 place de l\u2019\u00e9glise \u00e0 Ch\u00e2teau-Th\u00e9baud. Entr\u00e9e libre et gratuite, sans r\u00e9servation.<\/p>\n<p class=\" wall-content\">Personnalisez votre actualit\u00e9 en ajoutant vos villes et m\u00e9dias en favori avec <a href=\"https:\/\/moncompte.actu.fr\" title=\"D\u00e9couvez Mon Actu\" rel=\"nofollow noopener\" data-trk=\"{&quot;cta&quot;:{&quot;action&quot;:&quot;https:\\\/\\\/moncompte.actu.fr&quot;,&quot;category&quot;:&quot;mon compte&quot;,&quot;from&quot;:&quot;article footer&quot;,&quot;name&quot;:&quot;Mon actu&quot;,&quot;type&quot;:&quot;cta&quot;}}\" target=\"_blank\">Mon Actu<\/a>.<\/p>\n","protected":false},"excerpt":{"rendered":"Par Romane Rousseau Publi\u00e9 le 4 d\u00e9c. 2025 \u00e0 12h13 \u00ab Non c\u2019est non \u00bb, \u00ab violeurs on&hellip;\n","protected":false},"author":2,"featured_media":579034,"comment_status":"","ping_status":"","sticky":false,"template":"","format":"standard","meta":{"footnotes":""},"categories":[2818],"tags":[1111,11,1777,674,6757,1011,27,1272,766,12,2636,25,104,2900],"class_list":{"0":"post-579033","1":"post","2":"type-post","3":"status-publish","4":"format-standard","5":"has-post-thumbnail","7":"category-nantes","8":"tag-actu","9":"tag-actualites","10":"tag-eu","11":"tag-europe","12":"tag-feminisme","13":"tag-fr","14":"tag-france","15":"tag-manifestations","16":"tag-nantes","17":"tag-news","18":"tag-pays-de-la-loire","19":"tag-republique-francaise","20":"tag-societe","21":"tag-vignoble-nantais"},"share_on_mastodon":{"url":"https:\/\/pubeurope.com\/@fr\/115664970217403263","error":""},"_links":{"self":[{"href":"https:\/\/www.europesays.com\/fr\/wp-json\/wp\/v2\/posts\/579033","targetHints":{"allow":["GET"]}}],"collection":[{"href":"https:\/\/www.europesays.com\/fr\/wp-json\/wp\/v2\/posts"}],"about":[{"href":"https:\/\/www.europesays.com\/fr\/wp-json\/wp\/v2\/types\/post"}],"author":[{"embeddable":true,"href":"https:\/\/www.europesays.com\/fr\/wp-json\/wp\/v2\/users\/2"}],"replies":[{"embeddable":true,"href":"https:\/\/www.europesays.com\/fr\/wp-json\/wp\/v2\/comments?post=579033"}],"version-history":[{"count":0,"href":"https:\/\/www.europesays.com\/fr\/wp-json\/wp\/v2\/posts\/579033\/revisions"}],"wp:featuredmedia":[{"embeddable":true,"href":"https:\/\/www.europesays.com\/fr\/wp-json\/wp\/v2\/media\/579034"}],"wp:attachment":[{"href":"https:\/\/www.europesays.com\/fr\/wp-json\/wp\/v2\/media?parent=579033"}],"wp:term":[{"taxonomy":"category","embeddable":true,"href":"https:\/\/www.europesays.com\/fr\/wp-json\/wp\/v2\/categories?post=579033"},{"taxonomy":"post_tag","embeddable":true,"href":"https:\/\/www.europesays.com\/fr\/wp-json\/wp\/v2\/tags?post=579033"}],"curies":[{"name":"wp","href":"https:\/\/api.w.org\/{rel}","templated":true}]}}