{"id":579035,"date":"2025-12-05T04:03:26","date_gmt":"2025-12-05T04:03:26","guid":{"rendered":"https:\/\/www.europesays.com\/fr\/579035\/"},"modified":"2025-12-05T04:03:26","modified_gmt":"2025-12-05T04:03:26","slug":"lautre-noel-de-nantes-nova-y-va","status":"publish","type":"post","link":"https:\/\/www.europesays.com\/fr\/579035\/","title":{"rendered":"L&rsquo;Autre No\u00ebl de Nantes, Nova y va"},"content":{"rendered":"<p>Si vous marchiez \u00e0 Nantes, ces derniers jours, il n\u2019est pas impossible que vous aperceviez dans la nuit des cerfs luminescents, une muse chatoyante qui s\u2019est \u00e9chapp\u00e9e de son monument, des chim\u00e8res et un mouflon disparu\u2026 Des effluves magenta, cyan, dor\u00e9 dans le ciel. Le Voyage en Hiver a commenc\u00e9. <\/p>\n<p>Qui pense qu\u2019il n\u2019y a pas grand-chose \u00e0 faire \u00e0 Nantes en hiver n\u2019y a jamais mis un pied. En pleine effervescence du festival Culture Bar Bars (qui, comme son nom l\u2019indique, peuple les bars de culture, de concerts), Nova a arpent\u00e9 la ville et ses lumi\u00e8res, dans tous les sens du terme. La quatri\u00e8me \u00e9dition du Voyage en Hiver a commenc\u00e9 et les \u0153uvres sont partout dans la ville.<\/p>\n<p><a href=\"https:\/\/www.europesays.com\/fr\/wp-content\/uploads\/2025\/12\/affiche_voyage_en_hiver_2025-t-1300x976.jpg\" data-barba-prevent=\"\" data-pswp-width=\"1300\" data-pswp-height=\"976\"><\/p>\n<p><img loading=\"lazy\" decoding=\"async\" width=\"1300\" height=\"976\" src=\"data:image\/svg+xml,%3Csvg%20xmlns=\" http:=\"\" class=\"attachment-thumbnail size-thumbnail\" alt=\"&#10;&#10;\" data-lazy-src=\"https:\/\/www.europesays.com\/fr\/wp-content\/uploads\/2025\/12\/affiche_voyage_en_hiver_2025-t-1300x976.jpg\"\/><\/p>\n<p><\/a><\/p>\n<p>Il y a le march\u00e9 de No\u00ebl traditionnel et l\u2019<strong>Autre March\u00e9<\/strong>, il y a le sapin de la place Graslin et les <strong>cerfs<\/strong>, les <strong>chim\u00e8res<\/strong>, les <strong>muses luminescentes<\/strong> perch\u00e9es aux balcons, il y a le man\u00e8ge d\u00e9jant\u00e9 de la place du Bouffay, baptis\u00e9 <strong>\u00ab\u00a0Les carottes sont cuites\u00a0\u00bb<\/strong>, une <strong>chorale<\/strong> qui chante Madcon, Nino Ferrer ou les Turtles devant les mus\u00e9es et les th\u00e9\u00e2tres. Il y a des <strong>cloches cosmiques<\/strong> qui dessinent un chemin merveilleux autour des b\u00e2timents importants de la ville. <\/p>\n<p>Le Voyage en Hiver, c\u2019est un projet qui refl\u00e8te bien l\u2019\u00e2me de Nantes, <strong>laisser l\u2019art prendre la rue<\/strong>, l\u2019offrir \u00e0 tout le monde, remplir les <strong>mus\u00e9es<\/strong> d\u2019expositions captivantes (\u00ab\u00a0Sous la pluie\u00a0\u00bb au mus\u00e9e d\u2019art, \u00ab\u00a0Dans les plis des cartes\u00a0\u00bb au Lieu Unique, \u00ab\u00a0\u00c0 coeur ouvert\u00a0\u00bb au Mus\u00e9e Dobr\u00e9e, la programmation du Th\u00e9\u00e2tre Mixte qui rouvre pour l\u2019occasion). \u00ab\u00a0Nantes, c\u2019est presque une femme, assez rock, tr\u00e8s jeune, en tout cas jeune d\u2019esprit\u00a0\u00bb, s\u2019amuse Sophie L\u00e9vy, la directrice du Voyage \u00e0 Nantes, successeure de l\u2019agitateur Jean Blaise. \u00ab\u00a0Une femme qui s\u2019appuie sur son histoire, mais qui accepte de consid\u00e9rer que les cr\u00e9ateurs contemporains ont le droit de r\u00e9interpr\u00e9ter cette histoire. Ils le font avec beaucoup d\u2019attention aux symboles de la ville, et beaucoup de cr\u00e9ativit\u00e9.\u00a0\u00bb<\/p>\n<p><a href=\"https:\/\/www.europesays.com\/fr\/wp-content\/uploads\/2025\/12\/petite_maman_noel-t-2400x1452.jpg\" data-barba-prevent=\"\" data-pswp-width=\"2400\" data-pswp-height=\"1452\"><\/p>\n<p><img loading=\"lazy\" decoding=\"async\" width=\"2400\" height=\"1452\" src=\"data:image\/svg+xml,%3Csvg%20xmlns=\" http:=\"\" class=\"attachment-thumbnail size-thumbnail\" alt=\"&#10;La petite maman No\u00ebl de Virginie Barr\u00e9, install\u00e9e \u00e0 l'arr\u00eat de tram Bouffay&#10;\" data-lazy-src=\"https:\/\/www.europesays.com\/fr\/wp-content\/uploads\/2025\/12\/petite_maman_noel-t-2400x1452.jpg\"\/><\/p>\n<p>La petite maman No\u00ebl de Virginie Barr\u00e9, install\u00e9e \u00e0 l\u2019arr\u00eat de tram Bouffay<\/p>\n<p><\/a><\/p>\n<p>La nuit je vois : chim\u00e8res <\/p>\n<p>Il faut lever les yeux au cr\u00e9puscule pour apercevoir les cr\u00e9atures comme cette chim\u00e8re inspir\u00e9e du d\u00e9cor de la fa\u00e7ade du Mus\u00e9um d\u2019Histoire Naturelle, une cr\u00e9ation imaginaire sur un lieu de savoir, qui a titill\u00e9 la curiosit\u00e9 de l\u2019artiste Vincent Olinet. Il en a fait une installation du parcours lumineux de la ville qui s\u2019appelle \u00ab\u00a0La nuit je vois\u00a0\u00bb.<\/p>\n<p><a href=\"https:\/\/www.europesays.com\/fr\/wp-content\/uploads\/2025\/12\/nantes_Vincent-t-2400x1452.jpg\" data-barba-prevent=\"\" data-pswp-width=\"2400\" data-pswp-height=\"1452\"><\/p>\n<p><img loading=\"lazy\" decoding=\"async\" width=\"2400\" height=\"1452\" src=\"data:image\/svg+xml,%3Csvg%20xmlns=\" http:=\"\" class=\"attachment-thumbnail size-thumbnail\" alt=\"&#10;&#10;\" data-lazy-src=\"https:\/\/www.europesays.com\/fr\/wp-content\/uploads\/2025\/12\/nantes_Vincent-t-2400x1452.jpg\"\/><\/p>\n<p><\/a><\/p>\n<p>Des figures disparues reviennent en fant\u00f4mes lumineux<\/p>\n<p>Sur les grands th\u00e9\u00e2tres, il n\u2019est pas rare d\u2019apercevoir 9 muses. Thalie pour le th\u00e9\u00e2tre, Erato pour la po\u00e9sie, Calliope pour l\u2019\u00e9pop\u00e9e, Euterpe pour la musique, Polymnie pour la philosophie, Clio la muse de l\u2019histoire, Melpom\u00e8ne de la trag\u00e9die, Terpsichore pour la danse et Uranie, muse de l\u2019astronomie et l\u2019astrologie. Mais \u00e0 Nantes, Uranie n\u2019a jamais tr\u00f4n\u00e9 sur le th\u00e9\u00e2tre, et les historiens ne savent pas avec certitude pourquoi. Vincent Olinet fait revivre cette muse chaque hiver, comme un joli fant\u00f4me luminescent color\u00e9, accoud\u00e9 au balcon de l\u2019immeuble en face du Th\u00e9\u00e2tre, \u00e0 regarder ses s\u0153urs.<\/p>\n<p><a href=\"https:\/\/www.europesays.com\/fr\/wp-content\/uploads\/2025\/12\/nantes_Vincent_2-t-2400x1452.jpg\" data-barba-prevent=\"\" data-pswp-width=\"2400\" data-pswp-height=\"1452\"><\/p>\n<p><img loading=\"lazy\" decoding=\"async\" width=\"2400\" height=\"1452\" src=\"data:image\/svg+xml,%3Csvg%20xmlns=\" http:=\"\" class=\"attachment-thumbnail size-thumbnail\" alt=\"&#10;&#10;\" data-lazy-src=\"https:\/\/www.europesays.com\/fr\/wp-content\/uploads\/2025\/12\/nantes_Vincent_2-t-2400x1452.jpg\"\/><\/p>\n<p><\/a><\/p>\n<p>Une autre figure renait gr\u00e2ce \u00e0 ces illuminations : l\u2019un des deux mouflons qui tr\u00f4naient dans le Jardin des Plantes de Nantes avant la 2de guerre mondiale. Les statues gigantesques de 3,50 m de haut ont \u00e9t\u00e9 fondues, pour r\u00e9cup\u00e9rer leur m\u00e9tal. \u00ab\u00a0On ne les connaissait plus qu\u2019\u00e0 travers les cartes postales\u00a0\u00bb explique Ir\u00e8ne Gillardot, de la Direction du Patrimoine et de l\u2019Arch\u00e9ologie de Nantes. L\u2019un de ces mouflons renait, par\u00e9 de nouvelles couleurs, au c\u0153ur du march\u00e9 de No\u00ebl.<\/p>\n<p><a href=\"https:\/\/www.europesays.com\/fr\/wp-content\/uploads\/2025\/12\/nantes_bouc-t-2400x1452.jpg\" data-barba-prevent=\"\" data-pswp-width=\"2400\" data-pswp-height=\"1452\"><\/p>\n<p><img loading=\"lazy\" decoding=\"async\" width=\"2400\" height=\"1452\" src=\"data:image\/svg+xml,%3Csvg%20xmlns=\" http:=\"\" class=\"attachment-thumbnail size-thumbnail\" alt=\"&#10;&#10;\" data-lazy-src=\"https:\/\/www.europesays.com\/fr\/wp-content\/uploads\/2025\/12\/nantes_bouc-t-2400x1452.jpg\"\/><\/p>\n<p><\/a><\/p>\n<p>Des lumi\u00e8res et des sons : les cloches cosmiques dans la ville<\/p>\n<p>La visite continue, guid\u00e9e par le glas mystique des cloches du dispositif de Dominique Blais \u00ab\u00a0\u00c0 flot d\u2019airain\u00a0\u00bb. Des cloches desquelles s\u2019\u00e9chappe un glas cosmique, psych\u00e9d\u00e9lique, gr\u00e2ce \u00e0 un logiciel de traitement, des filtres et des r\u00e9verb\u00e9rations. Le son roule le long de l\u2019eau, ricoche entre les clochers, serpente les b\u00e2timents. Comme le parcours de Vincent Olinet, celui-ci n\u2019est pas nouveau mais se renouvelle. Le chemin change, il suit l\u2019Erdre, et l\u2019artiste Fran\u00e7oise P\u00e9trovitch a construit une cloche suppl\u00e9mentaire en provenance de l\u2019Abbaye royale de Fontevraud. Chaque jour, des tintements, puis une mar\u00e9e sonore glissent dans la ville. Des concertos retentissent \u00e0 13h13, 17h17 et 18h18.<\/p>\n<p><a href=\"https:\/\/www.europesays.com\/fr\/wp-content\/uploads\/2025\/12\/nantes_cloches-t-2400x1452.jpg\" data-barba-prevent=\"\" data-pswp-width=\"2400\" data-pswp-height=\"1452\"><\/p>\n<p><img loading=\"lazy\" decoding=\"async\" width=\"2400\" height=\"1452\" src=\"data:image\/svg+xml,%3Csvg%20xmlns=\" http:=\"\" class=\"attachment-thumbnail size-thumbnail\" alt=\"&#10;&#10;\" data-lazy-src=\"https:\/\/www.europesays.com\/fr\/wp-content\/uploads\/2025\/12\/nantes_cloches-t-2400x1452.jpg\"\/><\/p>\n<p><\/a><\/p>\n<p>Un an apr\u00e8s les coupes budg\u00e9taires<\/p>\n<p>Il y a un an, nous arrivions \u00e0 Nantes pour naviguer dans le Voyage en Hiver, juste apr\u00e8s l\u2019annonce de la r\u00e9gion des Pays de la Loire, qui coupait 73% de son budget culturel. \u00ab La culture n\u2019est pas une option, \u00e7a traverse v\u00e9ritablement toute la vie de la ville \u00bb, nous rappelait Jean Blaise. Un an plus tard, Sophie L\u00e9vy nous dit que le Voyage \u00e0 Nantes est moins impact\u00e9 que de plus petites structures qui ont d\u00fb licensier, r\u00e9duire la programmation\u2026 \u00ab\u00a0\u00c7a impacte plut\u00f4t les budget d\u2019entretien des \u0153uvres en dehors du territoire nantais\u00a0\u00bb nous explique-t-elle ajoutant qu\u2019on \u00ab\u00a0ne mesure pas encore tous les effets de cette brutale irruption d\u2019une coupe aussi gigantesque. Des artistes d\u00e9cident de faire autre chose, des acteurs culturels changent de m\u00e9tier, des structures disparaissent. Tout cela s\u2019est cousu lentement, patiemment, \u00e7a s\u2019est d\u00e9cousu brutalement.\u00a0\u00bb<\/p>\n<p>Alors pour d\u00e9fendre la culture, vous pourriez aller profiter de tout ce qu\u2019elle offre, \u00e0 Nantes et ailleurs. Le programme d\u00e9taill\u00e9 du Voyage en Hiver est \u00e0 retrouver <a href=\"https:\/\/www.calameo.com\/read\/0001068664546ead0fb3e\" target=\"_blank\" rel=\"noopener\">ici<\/a>. <\/p>\n","protected":false},"excerpt":{"rendered":"Si vous marchiez \u00e0 Nantes, ces derniers jours, il n\u2019est pas impossible que vous aperceviez dans la nuit&hellip;\n","protected":false},"author":2,"featured_media":579036,"comment_status":"","ping_status":"","sticky":false,"template":"","format":"standard","meta":{"footnotes":""},"categories":[2818],"tags":[1111,11,69306,1777,674,1011,27,42969,55985,766,12,64981,69307,23427,2551,2636,25,19812,69309,69308],"class_list":{"0":"post-579035","1":"post","2":"type-post","3":"status-publish","4":"format-standard","5":"has-post-thumbnail","7":"category-nantes","8":"tag-actu","9":"tag-actualites","10":"tag-cu00e9leste-mu00e9tais-grollier","11":"tag-eu","12":"tag-europe","13":"tag-fr","14":"tag-france","15":"tag-fu00eates","16":"tag-illuminations","17":"tag-nantes","18":"tag-news","19":"tag-nou00ebl","20":"tag-nova-le-matin","21":"tag-nova-y-va","22":"tag-patrimoine","23":"tag-pays-de-la-loire","24":"tag-republique-francaise","25":"tag-su00e9go-raffaitin","26":"tag-voyage-en-hiver","27":"tag-voyage-u00e0-nantes"},"share_on_mastodon":{"url":"https:\/\/pubeurope.com\/@fr\/115664978172463769","error":""},"_links":{"self":[{"href":"https:\/\/www.europesays.com\/fr\/wp-json\/wp\/v2\/posts\/579035","targetHints":{"allow":["GET"]}}],"collection":[{"href":"https:\/\/www.europesays.com\/fr\/wp-json\/wp\/v2\/posts"}],"about":[{"href":"https:\/\/www.europesays.com\/fr\/wp-json\/wp\/v2\/types\/post"}],"author":[{"embeddable":true,"href":"https:\/\/www.europesays.com\/fr\/wp-json\/wp\/v2\/users\/2"}],"replies":[{"embeddable":true,"href":"https:\/\/www.europesays.com\/fr\/wp-json\/wp\/v2\/comments?post=579035"}],"version-history":[{"count":0,"href":"https:\/\/www.europesays.com\/fr\/wp-json\/wp\/v2\/posts\/579035\/revisions"}],"wp:featuredmedia":[{"embeddable":true,"href":"https:\/\/www.europesays.com\/fr\/wp-json\/wp\/v2\/media\/579036"}],"wp:attachment":[{"href":"https:\/\/www.europesays.com\/fr\/wp-json\/wp\/v2\/media?parent=579035"}],"wp:term":[{"taxonomy":"category","embeddable":true,"href":"https:\/\/www.europesays.com\/fr\/wp-json\/wp\/v2\/categories?post=579035"},{"taxonomy":"post_tag","embeddable":true,"href":"https:\/\/www.europesays.com\/fr\/wp-json\/wp\/v2\/tags?post=579035"}],"curies":[{"name":"wp","href":"https:\/\/api.w.org\/{rel}","templated":true}]}}