{"id":579045,"date":"2025-12-05T04:09:32","date_gmt":"2025-12-05T04:09:32","guid":{"rendered":"https:\/\/www.europesays.com\/fr\/579045\/"},"modified":"2025-12-05T04:09:32","modified_gmt":"2025-12-05T04:09:32","slug":"la-rose-des-vents-rouvre-ses-portes-entierement-reinventee-2","status":"publish","type":"post","link":"https:\/\/www.europesays.com\/fr\/579045\/","title":{"rendered":"La Rose des Vents rouvre ses portes, enti\u00e8rement r\u00e9invent\u00e9e !"},"content":{"rendered":"<p>            La Rose des Vents, une renaissance en grand format<\/p>\n<p>Quatre ans de travaux, et le c\u00e9l\u00e8bre th\u00e9\u00e2tre de Villeneuve-d\u2019Ascq rena\u00eet\u2026 totalement transform\u00e9. Ici, pas question d\u2019un simple rafra\u00eechissement : tout a \u00e9t\u00e9 repens\u00e9 pour offrir un lieu plus spacieux, plus confortable, plus accessible et plus durable.<\/p>\n<p>Le b\u00e2timent historique de 1976 s\u2019offre une seconde jeunesse avec :<\/p>\n<ul>\n<li>une extension comprenant de nouveaux bureaux et une caf\u00e9t\u00e9ria,<\/li>\n<li>une grande salle flambant neuve de 436 fauteuils, dont 10 r\u00e9serv\u00e9s aux personnes \u00e0 mobilit\u00e9 r\u00e9duite,<\/li>\n<li>une petite salle intime de 114 fauteuils, dont 4 PMR,<\/li>\n<li>un hall enti\u00e8rement r\u00e9nov\u00e9.<\/li>\n<\/ul>\n<p>Et parce qu\u2019en 2025 on construit mieux, le th\u00e9\u00e2tre adopte des solutions respectueuses de l\u2019environnement : toiture v\u00e9g\u00e9talis\u00e9e, nichoirs pour les oiseaux, r\u00e9cup\u00e9ration des eaux pluviales\u2026 Un lieu culturel qui prend soin de son public et de la plan\u00e8te.<\/p>\n<p>Un engagement fort de la M\u00e9tropole<\/p>\n<p>Pour favoriser l\u2019acc\u00e8s \u00e0 la culture, <strong>la M\u00e9tropole Europ\u00e9enne de Lille a soutenu la r\u00e9novation \u00e0 hauteur de 1,9 M\u20ac via son Fonds de concours<\/strong>. Elle accompagne \u00e9galement la Rose des Vents dans ses projets phares : les <a href=\"https:\/\/www.lillemetropole.fr\/les-belles-sorties\" target=\"_blank\" rel=\"noopener\">Belles Sorties<\/a>, le <a href=\"https:\/\/nextfestival.eu\/fr\/home\" target=\"_blank\" rel=\"noopener\">Next Festival<\/a> et la programmation hors les murs durant les travaux. Objectif : une culture ouverte au plus grand nombre.<\/p>\n<p>Un week-end d\u2019ouverture \u00e0 ne pas manquer<\/p>\n<p>Le th\u00e9\u00e2tre vous donne rendez-vous ce samedi et dimanche pour c\u00e9l\u00e9brer sa r\u00e9ouverture en fanfare. <a href=\"https:\/\/larose.fr\/spectacles\/week-end-de-reouverture\" target=\"_blank\" rel=\"noopener\">D\u00e9couvrez le programme complet !<\/a><\/p>\n","protected":false},"excerpt":{"rendered":"La Rose des Vents, une renaissance en grand format Quatre ans de travaux, et le c\u00e9l\u00e8bre th\u00e9\u00e2tre de&hellip;\n","protected":false},"author":2,"featured_media":575739,"comment_status":"","ping_status":"","sticky":false,"template":"","format":"standard","meta":{"footnotes":""},"categories":[2815],"tags":[1111,11,1777,674,1011,27,811,1307,12,25],"class_list":{"0":"post-579045","1":"post","2":"type-post","3":"status-publish","4":"format-standard","5":"has-post-thumbnail","7":"category-lille","8":"tag-actu","9":"tag-actualites","10":"tag-eu","11":"tag-europe","12":"tag-fr","13":"tag-france","14":"tag-hauts-de-france","15":"tag-lille","16":"tag-news","17":"tag-republique-francaise"},"share_on_mastodon":{"url":"https:\/\/pubeurope.com\/@fr\/115665001759462939","error":""},"_links":{"self":[{"href":"https:\/\/www.europesays.com\/fr\/wp-json\/wp\/v2\/posts\/579045","targetHints":{"allow":["GET"]}}],"collection":[{"href":"https:\/\/www.europesays.com\/fr\/wp-json\/wp\/v2\/posts"}],"about":[{"href":"https:\/\/www.europesays.com\/fr\/wp-json\/wp\/v2\/types\/post"}],"author":[{"embeddable":true,"href":"https:\/\/www.europesays.com\/fr\/wp-json\/wp\/v2\/users\/2"}],"replies":[{"embeddable":true,"href":"https:\/\/www.europesays.com\/fr\/wp-json\/wp\/v2\/comments?post=579045"}],"version-history":[{"count":0,"href":"https:\/\/www.europesays.com\/fr\/wp-json\/wp\/v2\/posts\/579045\/revisions"}],"wp:featuredmedia":[{"embeddable":true,"href":"https:\/\/www.europesays.com\/fr\/wp-json\/wp\/v2\/media\/575739"}],"wp:attachment":[{"href":"https:\/\/www.europesays.com\/fr\/wp-json\/wp\/v2\/media?parent=579045"}],"wp:term":[{"taxonomy":"category","embeddable":true,"href":"https:\/\/www.europesays.com\/fr\/wp-json\/wp\/v2\/categories?post=579045"},{"taxonomy":"post_tag","embeddable":true,"href":"https:\/\/www.europesays.com\/fr\/wp-json\/wp\/v2\/tags?post=579045"}],"curies":[{"name":"wp","href":"https:\/\/api.w.org\/{rel}","templated":true}]}}