{"id":579046,"date":"2025-12-05T04:10:28","date_gmt":"2025-12-05T04:10:28","guid":{"rendered":"https:\/\/www.europesays.com\/fr\/579046\/"},"modified":"2025-12-05T04:10:28","modified_gmt":"2025-12-05T04:10:28","slug":"om-a-lille-pour-rester-sur-le-podium","status":"publish","type":"post","link":"https:\/\/www.europesays.com\/fr\/579046\/","title":{"rendered":"OM: \u00e0 Lille pour rester sur le podium"},"content":{"rendered":"<p>Les footballeurs marseillais (3\u00e8mes) d\u00e9butent une s\u00e9rie de haut vol: \u00e0 Lille (4e), ce vendredi soir, \u00e0 vivre sur Ici Provence d\u00e8s 21H00, avant d&rsquo;aller \u00e0 l&rsquo;Union Saint Gilloise en Ligue des Champions, mardi, puis de recevoir Monaco (7e). De quoi conforter leurs ambitions domestiques et europ\u00e9ennes.<\/p>\n<p>Ce n&rsquo;est pas la meilleure des p\u00e9riodes pour s&rsquo;attaquer \u00e0 la haute montagne. On est au c\u0153ur de l&rsquo;hiver, ca g\u00e8le dans certaines contr\u00e9es et trois cols hors-cat\u00e9gorie se dressent face aux marseillais. <strong>Un sacr\u00e9 programme apr\u00e8s avoir surtout d\u00e9fi\u00e9 des formations de la seconde partie de tableau de Ligue 1<\/strong>\u00a0 derni\u00e8rement.<\/p>\n<p>Lille-OM est \u00e0 vivre d\u00e8s 21H00 sur Ici Provence ce vendredi!<\/p>\n<p>Avec Lille ce vendredi soir, le d\u00e9placement crucial pour la dynamique europ\u00e9enne \u00e0 Bruxelles, mardi, face aux belges de l&rsquo;Union Saint-Gilloise et la r\u00e9ception de Monaco (dimanche 14\/12), <strong>l&rsquo;OM va en savoir plus sur son potentiel et ses ambitions<\/strong>.<\/p>\n<p>R. De Zerbi, entraineur de l&rsquo;OM: \u00ab\u00a0il s\u2019agit aussi d\u2019avoir du caract\u00e8re!\u00a0\u00bb<\/p>\n<p>Savoir aussi, si le \u00ab\u00a0match nul-d\u00e9faite\u00a0\u00bb du week-end dernier face \u00e0 Toulouse (2-2), avec l&rsquo;\u00e9galisation conc\u00e9d\u00e9e dans les toutes derni\u00e8res minutes, peut avoir cass\u00e9 la belle dynamique olympienne depuis la reprise. \u00ab\u00a0<strong>Il faut garder le positif car il y a des choses positives<\/strong> selon Roberto de Zerbi. <strong>Ne pas dire que c\u2019est l\u2019inverse juste \u00e0 cause de cette situation<\/strong> (but encaiss\u00e9 sur une longue touche de Toulouse, durant le temps additionnel). Il s\u2019agit aussi d\u2019avoir du caract\u00e8re explique le technicien olympien. Car si tu as du caract\u00e8re, tu arrives \u00e0 voir les choses de mani\u00e8re objectives . Et <strong>si tu manques de caract\u00e8re, alors tu te fais submerger par tout le reste. Je n\u2019esp\u00e8re pas. Je ne pense pas, surtout.<\/strong>\u00ab\u00a0<\/p>\n<p>Gros enjeu pour le podium!<\/p>\n<p>L&rsquo;OM d\u00e9fie une formation lilloise en regain de forme (deux succ\u00e8s de suite en Ligue 1) et qui reviendrait \u00e0 hauteur des olympiens en cas de succ\u00e8s. A l&rsquo;inverse, les marseillais peuvent, en l&#8217;emportant, \u00e9loigner un concurrent direct du podium.<\/p>\n<p>Murillo retour, Hojbjerg incertain<\/p>\n<p>Pour ce rendez-vous, l&rsquo;effectif de <strong>l&rsquo;OM est renforc\u00e9 par le d\u00e9fenseur Murillo, de retour de blessure<\/strong>. Le milieu de terrain Hojbjerg est incertain car gripp\u00e9. Les offensifs Gouiri et Traor\u00e9, ainsi que le d\u00e9fenseur M\u00e9dina sont bless\u00e9s.<\/p>\n<p>Un bon millier de supporters de l&rsquo;OM, autoris\u00e9s de nouveau \u00e0 se d\u00e9placer, \u00e0 Lille<\/p>\n","protected":false},"excerpt":{"rendered":"Les footballeurs marseillais (3\u00e8mes) d\u00e9butent une s\u00e9rie de haut vol: \u00e0 Lille (4e), ce vendredi soir, \u00e0 vivre&hellip;\n","protected":false},"author":2,"featured_media":579047,"comment_status":"","ping_status":"","sticky":false,"template":"","format":"standard","meta":{"footnotes":""},"categories":[2815],"tags":[1111,11,1777,674,1011,27,811,1307,12,25],"class_list":{"0":"post-579046","1":"post","2":"type-post","3":"status-publish","4":"format-standard","5":"has-post-thumbnail","7":"category-lille","8":"tag-actu","9":"tag-actualites","10":"tag-eu","11":"tag-europe","12":"tag-fr","13":"tag-france","14":"tag-hauts-de-france","15":"tag-lille","16":"tag-news","17":"tag-republique-francaise"},"share_on_mastodon":{"url":"https:\/\/pubeurope.com\/@fr\/115665005730979742","error":""},"_links":{"self":[{"href":"https:\/\/www.europesays.com\/fr\/wp-json\/wp\/v2\/posts\/579046","targetHints":{"allow":["GET"]}}],"collection":[{"href":"https:\/\/www.europesays.com\/fr\/wp-json\/wp\/v2\/posts"}],"about":[{"href":"https:\/\/www.europesays.com\/fr\/wp-json\/wp\/v2\/types\/post"}],"author":[{"embeddable":true,"href":"https:\/\/www.europesays.com\/fr\/wp-json\/wp\/v2\/users\/2"}],"replies":[{"embeddable":true,"href":"https:\/\/www.europesays.com\/fr\/wp-json\/wp\/v2\/comments?post=579046"}],"version-history":[{"count":0,"href":"https:\/\/www.europesays.com\/fr\/wp-json\/wp\/v2\/posts\/579046\/revisions"}],"wp:featuredmedia":[{"embeddable":true,"href":"https:\/\/www.europesays.com\/fr\/wp-json\/wp\/v2\/media\/579047"}],"wp:attachment":[{"href":"https:\/\/www.europesays.com\/fr\/wp-json\/wp\/v2\/media?parent=579046"}],"wp:term":[{"taxonomy":"category","embeddable":true,"href":"https:\/\/www.europesays.com\/fr\/wp-json\/wp\/v2\/categories?post=579046"},{"taxonomy":"post_tag","embeddable":true,"href":"https:\/\/www.europesays.com\/fr\/wp-json\/wp\/v2\/tags?post=579046"}],"curies":[{"name":"wp","href":"https:\/\/api.w.org\/{rel}","templated":true}]}}