{"id":579052,"date":"2025-12-05T04:13:22","date_gmt":"2025-12-05T04:13:22","guid":{"rendered":"https:\/\/www.europesays.com\/fr\/579052\/"},"modified":"2025-12-05T04:13:22","modified_gmt":"2025-12-05T04:13:22","slug":"je-cherche-un-logement-pour-avoir-un-avenir","status":"publish","type":"post","link":"https:\/\/www.europesays.com\/fr\/579052\/","title":{"rendered":"Je cherche un logement pour avoir un avenir"},"content":{"rendered":"<p>                    Par<br \/>\n        <strong><br \/>\n            <a href=\"https:\/\/actu.fr\/auteur\/anthony-soudani\" title=\"Consulter tous les articles de Anthony Soudani\" target=\"_blank\" rel=\"noopener\">Anthony Soudani<\/a><br \/>\n                    <\/strong><\/p>\n<p>        Publi\u00e9 le<\/p>\n<p>            4 d\u00e9c. 2025 \u00e0 15h47        <\/p>\n<p>\u00ab\u00a0Je veux un avenir comme tout le monde.\u00a0\u00bb <strong>Cyril travaille depuis sept mois,<\/strong> mais vit \u00e0 la rue \u00e0 <a href=\"https:\/\/actu.fr\/lyon\/\" target=\"_blank\" rel=\"noopener\">Lyon<\/a>, en plein hiver. Il a \u00e9t\u00e9 pris en charge par le Samu social 69, qui l\u2019a guid\u00e9 vers la Fondation AJD (Amis du Jeudi Dimanche), o\u00f9 il travaille sur diff\u00e9rentes missions. Son t\u00e9moignage aupr\u00e8s d\u2019actu Lyon est bouleversant.<\/p>\n<p>\u00ab\u00a0J\u2019\u00e9tais au plus bas mais gr\u00e2ce \u00e0 ce travail-l\u00e0, j\u2019ai bien remont\u00e9 la pente\u00a0\u00bb<\/p>\n<p class=\" wall-content\">Pr\u00e9sent \u00e0 l\u2019inauguration de la <a href=\"https:\/\/actu.fr\/auvergne-rhone-alpes\/lyon_69123\/lyon-cette-boutique-de-noel-speciale-revient-a-la-part-dieu-des-cadeaux-pas-chers_63410059.html\" target=\"_blank\" rel=\"noopener\">Fabrique de No\u00ebl<\/a> du centre commercial Part-Dieu, o\u00f9 il va en travailler quelques jours, Cyril a les yeux qui brillent en parlant de sa situation actuelle. <strong>\u00ab\u00a0Je viens de la rue\u00a0\u00bb<\/strong>, lance-t-il difficilement. \u00ab\u00a0C\u2019est le Samu social qui m\u2019a trouv\u00e9 ce travail et merci \u00e0 eux.\u00a0\u00bb<\/p>\n<p class=\" wall-content\">Apr\u00e8s une premi\u00e8re exp\u00e9rience de quatre heures par semaine dans un centre de tri logistique, il a commenc\u00e9 \u00ab\u00a0\u00e0 monter dans les heures\u00a0\u00bb. \u00ab\u00a0Maintenant, je suis \u00e0 20h de travail par semaine. \u00c0 c\u00f4t\u00e9, j\u2019ai fait un stage pour d\u00e9couvrir d\u2019autres m\u00e9tiers.\u00a0\u00bb<\/p>\n<p class=\" wall-content\">\u00c9mu, Cyril esp\u00e8re avoir une chance de s\u2019en sortir : \u00ab\u00a0J\u2019\u00e9tais au plus bas mais gr\u00e2ce \u00e0 ce travail-l\u00e0, j\u2019ai bien remont\u00e9 la pente. Par la suite, je continue \u00e0 faire <strong>mes recherches pour trouver un logement<\/strong> parce que je voudrais un avenir comme tout le monde.\u00a0\u00bb<\/p>\n<p class=\" wall-content\">Il glisse, en souriant : \u00ab\u00a0J\u2019ai confiance en moi. Je sais que je pourrai tr\u00e8s bien m\u2019en sortir.\u00a0\u00bb<\/p>\n<p>L\u2019objectif : lui trouver un logement rapidement<\/p>\n<p class=\" wall-content\">Cyril est suivi par une assistante sociale \u00e0 la Maison de la M\u00e9tropole qui l\u2019accompagne sur les d\u00e9marches administratives. Estelle est \u00e9ducatrice de la fondation AJD : \u00ab\u00a0Il a fait une premi\u00e8re p\u00e9riode d\u2019immersion \u00e0 Solivet, une pension canine, o\u00f9 \u00e7a s\u2019est tr\u00e8s bien pass\u00e9.\u00a0\u00bb<\/p>\n<p class=\" wall-content\">D\u00e9sormais, il souhaite d\u00e9couvrir un autre milieu : le travail du bois. \u00ab\u00a0L\u2019objectif, c\u2019est qu\u2019on puisse lui trouver un emploi pour qu\u2019il puisse <strong>continuer son insertion<\/strong> professionnelle et trouver un logement\u00a0\u00bb, explique Estelle.<\/p>\n<p>Votre r\u00e9gion, votre actu !<\/p>\n<p>Recevez chaque jour les infos qui comptent pour vous.<\/p>\n<p>\t<a href=\"https:\/\/actu.fr\/newsletter\" class=\"ac-btn ac-btn--corner ac-btn--medium ac-btn--blue800\" target=\"_blank\" rel=\"noopener\">S&rsquo;incrire<\/a><\/p>\n<p>    <img   decoding=\"async\" loading=\"lazy\" src=\"https:\/\/www.europesays.com\/fr\/wp-content\/uploads\/2025\/12\/estelle-reinsertion-professionnelle-lyon-960x640.jpg\" alt=\"Estelle est \u00e9ducatrice au sein d'AJD Fondation \u00e0 Lyon.\" width=\"960\" height=\"640\"\/><br \/>\n    Estelle est \u00e9ducatrice \u00ab\u00a0premi\u00e8res heures au chantier d\u2019insertion\u00a0\u00bb au sein d\u2019AJD Fondation \u00e0 Lyon. (\u00a9Anthony Soudani \/ actu Lyon)<\/p>\n<p class=\" wall-content\">Cyril est en effet toujours \u00e0 la rue malgr\u00e9 son travail actuel. \u00ab\u00a0Il est aussi accompagn\u00e9 par une personne pour cette d\u00e9marche de <a href=\"https:\/\/actu.fr\/tag\/logement\" target=\"_blank\" rel=\"noopener\">logement<\/a>. Il fait <strong>des visites<\/strong> r\u00e9guli\u00e8rement pour voir ce qui sera le plus adapt\u00e9\u00a0\u00bb, ajoute Estelle. Un horizon qui pourrait s\u2019\u00e9claircir pour Cyril dans cette p\u00e9riode o\u00f9 les miracles sont possibles.<\/p>\n<p class=\" wall-content\">Personnalisez votre actualit\u00e9 en ajoutant vos villes et m\u00e9dias en favori avec <a href=\"https:\/\/moncompte.actu.fr\" title=\"D\u00e9couvez Mon Actu\" rel=\"nofollow noopener\" data-trk=\"{&quot;cta&quot;:{&quot;action&quot;:&quot;https:\\\/\\\/moncompte.actu.fr&quot;,&quot;category&quot;:&quot;mon compte&quot;,&quot;from&quot;:&quot;article footer&quot;,&quot;name&quot;:&quot;Mon actu&quot;,&quot;type&quot;:&quot;cta&quot;}}\" target=\"_blank\">Mon Actu<\/a>.<\/p>\n","protected":false},"excerpt":{"rendered":"Par Anthony Soudani Publi\u00e9 le 4 d\u00e9c. 2025 \u00e0 15h47 \u00ab\u00a0Je veux un avenir comme tout le monde.\u00a0\u00bb&hellip;\n","protected":false},"author":2,"featured_media":579053,"comment_status":"","ping_status":"","sticky":false,"template":"","format":"standard","meta":{"footnotes":""},"categories":[1889],"tags":[1111,11,2430,341,1777,674,1011,27,2428,6178,12,4518,25,104],"class_list":{"0":"post-579052","1":"post","2":"type-post","3":"status-publish","4":"format-standard","5":"has-post-thumbnail","7":"category-lyon","8":"tag-actu","9":"tag-actualites","10":"tag-auvergne-rhone-alpes","11":"tag-emploi","12":"tag-eu","13":"tag-europe","14":"tag-fr","15":"tag-france","16":"tag-lyon","17":"tag-lyon-part-dieu","18":"tag-news","19":"tag-pauvrete","20":"tag-republique-francaise","21":"tag-societe"},"share_on_mastodon":{"url":"https:\/\/pubeurope.com\/@fr\/115665018769997416","error":""},"_links":{"self":[{"href":"https:\/\/www.europesays.com\/fr\/wp-json\/wp\/v2\/posts\/579052","targetHints":{"allow":["GET"]}}],"collection":[{"href":"https:\/\/www.europesays.com\/fr\/wp-json\/wp\/v2\/posts"}],"about":[{"href":"https:\/\/www.europesays.com\/fr\/wp-json\/wp\/v2\/types\/post"}],"author":[{"embeddable":true,"href":"https:\/\/www.europesays.com\/fr\/wp-json\/wp\/v2\/users\/2"}],"replies":[{"embeddable":true,"href":"https:\/\/www.europesays.com\/fr\/wp-json\/wp\/v2\/comments?post=579052"}],"version-history":[{"count":0,"href":"https:\/\/www.europesays.com\/fr\/wp-json\/wp\/v2\/posts\/579052\/revisions"}],"wp:featuredmedia":[{"embeddable":true,"href":"https:\/\/www.europesays.com\/fr\/wp-json\/wp\/v2\/media\/579053"}],"wp:attachment":[{"href":"https:\/\/www.europesays.com\/fr\/wp-json\/wp\/v2\/media?parent=579052"}],"wp:term":[{"taxonomy":"category","embeddable":true,"href":"https:\/\/www.europesays.com\/fr\/wp-json\/wp\/v2\/categories?post=579052"},{"taxonomy":"post_tag","embeddable":true,"href":"https:\/\/www.europesays.com\/fr\/wp-json\/wp\/v2\/tags?post=579052"}],"curies":[{"name":"wp","href":"https:\/\/api.w.org\/{rel}","templated":true}]}}