{"id":579058,"date":"2025-12-05T04:17:16","date_gmt":"2025-12-05T04:17:16","guid":{"rendered":"https:\/\/www.europesays.com\/fr\/579058\/"},"modified":"2025-12-05T04:17:16","modified_gmt":"2025-12-05T04:17:16","slug":"un-an-apres-la-reouverture-que-reste-t-il-a-faire-sur-le-grand-chantier-de-la-cathedrale","status":"publish","type":"post","link":"https:\/\/www.europesays.com\/fr\/579058\/","title":{"rendered":"un an apr\u00e8s la r\u00e9ouverture, que reste-t-il \u00e0 faire sur le grand chantier de la cath\u00e9drale ?"},"content":{"rendered":"<p class=\"article-p mdl\">Le\u00a0<a class=\"link\" href=\"https:\/\/www.rtl.fr\/actu\/debats-societe\/diaporama-reouverture-de-notre-dame-les-images-marquantes-de-la-ceremonie-7900448547\" title=\"DIAPORAMA - R\u00e9ouverture de Notre-Dame : les images marquantes de la c\u00e9r\u00e9monie\" target=\"_blank\" rel=\"noopener\"><strong>7 d\u00e9cembre 2024, Notre-Dame de Paris rouvrait ses portes<\/strong><\/a>\u00a0aux visiteurs apr\u00e8s un incendie d\u00e9vastateur et 5 ans de travaux acharn\u00e9s. Ce chantier pharamineux aura <strong>mobilis\u00e9 plus de 2.000 ouvriers<\/strong> et co\u00fbt\u00e9 des centaines de millions d&rsquo;euros. Pr\u00e8s d&rsquo;un an apr\u00e8s la c\u00e9r\u00e9monie de r\u00e9ouverture,\u00a0Philippe Jost,\u00a0\u00e0 la t\u00eate de l&rsquo;\u00e9tablissement public, \u00e9tait l&rsquo;invit\u00e9\u00a0de Faustine Bollaert ce 4 d\u00e9cembre 2025. Dans Un jour, une vie, il est venu\u00a0<strong>faire le point sur les travaux<\/strong>, accompagn\u00e9 de\u00a0Clara et Martin, qui ont \u00e9galement\u00a0\u0153uvr\u00e9\u00a0\u00e0 la reconstruction de la Cath\u00e9drale.\u00a0<\/p>\n<p class=\"article-p mdl\"><strong>Clara et Martin font partie des 2.000\u00a0<\/strong><a class=\"link\" href=\"https:\/\/www.rtl.fr\/actu\/debats-societe\/notre-dame-de-paris-comment-plus-2-000-artisans-et-compagnons-ont-restaure-la-cathedrale-7900445635\" title=\"Notre-Dame de Paris : comment plus 2.000 artisans et compagnons ont restaur\u00e9 la cath\u00e9drale\" target=\"_blank\" rel=\"noopener\"><strong>Compagnons<\/strong> <strong>ayant \u0153uvr\u00e9<\/strong>\u00a0<\/a>\u00e0 la r\u00e9habilitation\u00a0de la Cath\u00e9drale Notre-Dame de Paris. Il y a bient\u00f4t un an, une c\u00e9r\u00e9monie, \u00e0 la hauteur de l&rsquo;\u00e9v\u00e9nement, parachevait ces travaux titanesques de plusieurs ann\u00e9es. Ils avaient \u00e9t\u00e9 engag\u00e9s apr\u00e8s que la Cath\u00e9drale se soit embras\u00e9e, le 15 avril 2019.\u00a0<\/p>\n<p class=\"article-p mdl\">\u00ab\u00a0Cette c\u00e9r\u00e9monie, c&rsquo;\u00e9tait avant tout un grand moment de r\u00e9jouissance. De revoir tous les gens avec qui on a \u0153uvr\u00e9 \u00e0 reb\u00e2tir Notre-Dame, et l&rsquo;impression aussi d&rsquo;\u00eatre dans cette petite coquille de pierre et de bois avec <strong>tous les yeux du monde riv\u00e9s sur nous<\/strong>, c&rsquo;\u00e9tait assez impressionnant\u00a0\u00bb, abonde Martin,\u00a0Compagnon Charpentier qui a travaill\u00e9 sur les charpentes m\u00e9di\u00e9vales.<\/p>\n<p>            O\u00f9 en est le chantier ?<\/p>\n<p class=\"article-p mdl\"><strong>Cette c\u00e9r\u00e9monie a marqu\u00e9 la fin des travaux les plus urgents.<\/strong> Ceux qui permettaient au monument religieux de recouvrer son accessibilit\u00e9 et par extension, son activit\u00e9 \u00e9conomique.\u00a0<strong>D&rsquo;autres chantiers ont suivi en 2025<\/strong>. Celui de\u00a0<a class=\"link\" href=\"https:\/\/www.rtl.fr\/actu\/justice-faits-divers\/invite-rtl-incendie-a-la-mairie-du-xiie-arrondissement-de-paris-laurent-nu-ez-reconnait-un-risque-d-effondrement-de-la-fleche-7900465885\" title=\"INVIT\u00c9 RTL - Incendie \u00e0 la mairie du XIIe arrondissement de Paris : Laurent Nu\u00f1ez reconna\u00eet &quot;un risque d&#039;effondrement de la fl\u00e8che&quot;\" target=\"_blank\" rel=\"noopener\">l&#8217;embl\u00e9matique fl\u00e8ches\u00a0<\/a>surplombant Paris, par exemple. \u00ab\u00a0La fl\u00e8che a pu perdre ses \u00e9chafaudages et appara\u00eetre \u00e0 nouveau totalement magnifique, telle qu&rsquo;on l&rsquo;a restitu\u00e9e, dans le ciel de Paris\u00a0\u00bb, sourit Philippe, \u00e0 la t\u00eate de l&rsquo;\u00e9tablissement public en charge de la r\u00e9novation de Notre-Dame, invit\u00e9 de RTL.\u00a0<\/p>\n<p class=\"article-p mdl\">Il a \u00e9galement fallu effectuer \u00ab\u00a0des travaux qui nous<strong> ont permis de d\u00e9voiler des parties de la cath\u00e9drale qui \u00e9taient inaccessibles <\/strong>jusqu&rsquo;\u00e0 pr\u00e9sent. En faisant par exemple un chemin d&rsquo;acc\u00e8s dans un des grands beffrois de la Cath\u00e9drale pour acc\u00e9der \u00e0 la cloche Bourdon\u00a0\u00bb, poursuit le haut fonctionnaire.\u00a0<\/p>\n<p class=\"article-p mdl\">Au total, ces travaux hercul\u00e9ens auront <strong>co\u00fbt\u00e9\u00a0700 millions d&rsquo;euros, sur les 840 allou\u00e9s.<\/strong> Concernant les 140 millions restant, Philippe a propos\u00e9 aux donateurs de les r\u00e9investir dans l&rsquo;entretien de la Cath\u00e9drale. Ce qu&rsquo;ils ont accept\u00e9. \u00ab\u00a0Nous voulons attaquer <strong>ce qu&rsquo;il reste \u00e0 faire : des restaurations \u00e0 l&rsquo;ext\u00e9rieur du monument.<\/strong> En commen\u00e7ant par le plus urgent : le chevet, o\u00f9 il y a ces grands arcs-boutants. Nous avons commenc\u00e9 ces travaux d\u00e8s le d\u00e9but d&rsquo;ann\u00e9e 2025, et nous en avons pour trois ans\u00a0\u00bb, conclut-il, le regard tourn\u00e9 vers l&rsquo;avenir.\u00a0<\/p>\n<p>    La r\u00e9daction vous recommande<\/p>\n<p class=\"s-newsletter__title\">\n                L\u2019actualit\u00e9 par la r\u00e9daction de RTL dans votre bo\u00eete mail.\n            <\/p>\n<p class=\"s-newsletter__subtitle\">\n                Gr\u00e2ce \u00e0 votre compte RTL abonnez-vous \u00e0 la newsletter RTL info pour suivre toute l&rsquo;actualit\u00e9 au quotidien\n            <\/p>\n<p>\n                                    Lire la suite\n                                <\/p>\n","protected":false},"excerpt":{"rendered":"Le\u00a07 d\u00e9cembre 2024, Notre-Dame de Paris rouvrait ses portes\u00a0aux visiteurs apr\u00e8s un incendie d\u00e9vastateur et 5 ans de&hellip;\n","protected":false},"author":2,"featured_media":399009,"comment_status":"","ping_status":"","sticky":false,"template":"","format":"standard","meta":{"footnotes":""},"categories":[1888],"tags":[1111,1928,11,1927,1777,674,6308,107,1011,27,12,1926,626,1925,362,25,252,240],"class_list":{"0":"post-579058","1":"post","2":"type-post","3":"status-publish","4":"format-standard","5":"has-post-thumbnail","7":"category-paris","8":"tag-actu","9":"tag-actu-paris","10":"tag-actualites","11":"tag-actualites-paris","12":"tag-eu","13":"tag-europe","14":"tag-faustine-bollaert","15":"tag-fil-info","16":"tag-fr","17":"tag-france","18":"tag-news","19":"tag-news-paris","20":"tag-paris","21":"tag-paris-news","22":"tag-replay","23":"tag-republique-francaise","24":"tag-television","25":"tag-temoignage"},"share_on_mastodon":{"url":"https:\/\/pubeurope.com\/@fr\/115665033390747379","error":""},"_links":{"self":[{"href":"https:\/\/www.europesays.com\/fr\/wp-json\/wp\/v2\/posts\/579058","targetHints":{"allow":["GET"]}}],"collection":[{"href":"https:\/\/www.europesays.com\/fr\/wp-json\/wp\/v2\/posts"}],"about":[{"href":"https:\/\/www.europesays.com\/fr\/wp-json\/wp\/v2\/types\/post"}],"author":[{"embeddable":true,"href":"https:\/\/www.europesays.com\/fr\/wp-json\/wp\/v2\/users\/2"}],"replies":[{"embeddable":true,"href":"https:\/\/www.europesays.com\/fr\/wp-json\/wp\/v2\/comments?post=579058"}],"version-history":[{"count":0,"href":"https:\/\/www.europesays.com\/fr\/wp-json\/wp\/v2\/posts\/579058\/revisions"}],"wp:featuredmedia":[{"embeddable":true,"href":"https:\/\/www.europesays.com\/fr\/wp-json\/wp\/v2\/media\/399009"}],"wp:attachment":[{"href":"https:\/\/www.europesays.com\/fr\/wp-json\/wp\/v2\/media?parent=579058"}],"wp:term":[{"taxonomy":"category","embeddable":true,"href":"https:\/\/www.europesays.com\/fr\/wp-json\/wp\/v2\/categories?post=579058"},{"taxonomy":"post_tag","embeddable":true,"href":"https:\/\/www.europesays.com\/fr\/wp-json\/wp\/v2\/tags?post=579058"}],"curies":[{"name":"wp","href":"https:\/\/api.w.org\/{rel}","templated":true}]}}