{"id":579065,"date":"2025-12-05T04:21:17","date_gmt":"2025-12-05T04:21:17","guid":{"rendered":"https:\/\/www.europesays.com\/fr\/579065\/"},"modified":"2025-12-05T04:21:17","modified_gmt":"2025-12-05T04:21:17","slug":"lotan-affirme-sa-reactivite-face-aux-attaques-hybrides-de-la-russie","status":"publish","type":"post","link":"https:\/\/www.europesays.com\/fr\/579065\/","title":{"rendered":"L\u2019OTAN affirme sa r\u00e9activit\u00e9 face aux attaques hybrides de la Russie"},"content":{"rendered":"<p class=\"sc-7c8a2665-13 eBhjlJ\">L\u2019OTAN est capable de r\u00e9pondre aux attaques hybrides qui se multiplient, y compris en cr\u00e9ant des \u00abdifficult\u00e9s\u00bb \u00e0 la Russie, en se montrant \u00abr\u00e9active\u00bb, a affirm\u00e9 jeudi le commandant supr\u00eame des forces alli\u00e9es en Europe, le g\u00e9n\u00e9ral am\u00e9ricain Alexus Grynkewich.<\/p>\n<p class=\"sc-7c8a2665-13 eBhjlJ\">\u00abSi la Russie tente de nous poser des probl\u00e8mes, alors peut-\u00eatre qu\u2019il existe des moyens pour leur poser aussi des probl\u00e8mes\u00bb, a-t-il affirm\u00e9 depuis le quartier g\u00e9n\u00e9ral des forces alli\u00e9es en Europe pr\u00e8s de Mons dans le sud de la Belgique.<\/p>\n<p class=\"sc-7c8a2665-13 eBhjlJ\">\u00abNous pensons aussi \u00e0 \u00eatre r\u00e9actif, c\u2019est le mot que j\u2019utiliserais\u00bb, a-t-il ajout\u00e9, se refusant toutefois \u00e0 donner plus de d\u00e9tails. \u00abJe ne veux pas entrer dans les d\u00e9tails sur la mani\u00e8re dont nous pourrions poser ces probl\u00e8mes\u00bb, a-t-il expliqu\u00e9, soulignant aussi que l\u2019OTAN \u00e9tait une \u00aballiance d\u00e9fensive\u00bb et qu\u2019il n\u2019y avait \u00abrien d\u2019offensif\u00bb dans sa r\u00e9ponse.<\/p>\n<p><img loading=\"lazy\" decoding=\"async\" src=\"https:\/\/www.europesays.com\/fr\/wp-content\/uploads\/2025\/12\/03288eca-0e16-4bd9-9fd0-a02b2c0ecbbd.avif\" alt=\"Alexus Grynkewich.\" title=\"Alexus Grynkewich.\"  width=\"1024\" height=\"683\"\/>Alexus Grynkewich.Virginia Mayo\/AP\/dpa<\/p>\n<p class=\"sc-7c8a2665-13 eBhjlJ\">Apr\u00e8s une s\u00e9rie d\u2019attaques hybrides en Europe, comme des survols de drones ou le sabotage d\u2019une ligne de chemin de fer en Pologne le mois dernier attribu\u00e9 \u00e0 la Russie, plusieurs responsables europ\u00e9ens ont appel\u00e9 \u00e0 des r\u00e9ponses plus fermes de la part de l\u2019OTAN. \u00abCes menaces hybrides sont un v\u00e9ritable probl\u00e8me, et je pense vraiment que nous pouvons nous attendre \u00e0 davantage de ce genre de situations\u00bb, a indiqu\u00e9 le g\u00e9n\u00e9ral Grynkewich. \u00abNous savons que la Russie est derri\u00e8re une partie de cela, peut-\u00eatre pas tout, mais certainement une partie. Et l\u2019opinion publique devrait le savoir\u00bb.<\/p>\n<p class=\"sc-7c8a2665-13 eBhjlJ\">Toutefois, a-t-il assur\u00e9, l\u2019OTAN \u00abma\u00eetrise la situation\u00bb et l\u2019opinion publique doit \u00e9galement savoir que ces attaques hybrides qui se multiplient, survol de drones, sabotages, etc, ne repr\u00e9sentent pas \u00abune menace existentielle\u00bb pour l\u2019Alliance, a-t-il assur\u00e9. \u00abCela ne compromet pas notre unit\u00e9. Nous sommes capables de r\u00e9pondre et de g\u00e9rer cela\u00bb.<\/p>\n","protected":false},"excerpt":{"rendered":"L\u2019OTAN est capable de r\u00e9pondre aux attaques hybrides qui se multiplient, y compris en cr\u00e9ant des \u00abdifficult\u00e9s\u00bb \u00e0&hellip;\n","protected":false},"author":2,"featured_media":579066,"comment_status":"","ping_status":"","sticky":false,"template":"","format":"standard","meta":{"footnotes":""},"categories":[1591],"tags":[11,1887,12,1885,1886,132],"class_list":{"0":"post-579065","1":"post","2":"type-post","3":"status-publish","4":"format-standard","5":"has-post-thumbnail","7":"category-russie","8":"tag-actualites","9":"tag-federation-de-russie","10":"tag-news","11":"tag-russia","12":"tag-russian-federation","13":"tag-russie"},"share_on_mastodon":{"url":"https:\/\/pubeurope.com\/@fr\/115665049077940327","error":""},"_links":{"self":[{"href":"https:\/\/www.europesays.com\/fr\/wp-json\/wp\/v2\/posts\/579065","targetHints":{"allow":["GET"]}}],"collection":[{"href":"https:\/\/www.europesays.com\/fr\/wp-json\/wp\/v2\/posts"}],"about":[{"href":"https:\/\/www.europesays.com\/fr\/wp-json\/wp\/v2\/types\/post"}],"author":[{"embeddable":true,"href":"https:\/\/www.europesays.com\/fr\/wp-json\/wp\/v2\/users\/2"}],"replies":[{"embeddable":true,"href":"https:\/\/www.europesays.com\/fr\/wp-json\/wp\/v2\/comments?post=579065"}],"version-history":[{"count":0,"href":"https:\/\/www.europesays.com\/fr\/wp-json\/wp\/v2\/posts\/579065\/revisions"}],"wp:featuredmedia":[{"embeddable":true,"href":"https:\/\/www.europesays.com\/fr\/wp-json\/wp\/v2\/media\/579066"}],"wp:attachment":[{"href":"https:\/\/www.europesays.com\/fr\/wp-json\/wp\/v2\/media?parent=579065"}],"wp:term":[{"taxonomy":"category","embeddable":true,"href":"https:\/\/www.europesays.com\/fr\/wp-json\/wp\/v2\/categories?post=579065"},{"taxonomy":"post_tag","embeddable":true,"href":"https:\/\/www.europesays.com\/fr\/wp-json\/wp\/v2\/tags?post=579065"}],"curies":[{"name":"wp","href":"https:\/\/api.w.org\/{rel}","templated":true}]}}