{"id":579067,"date":"2025-12-05T04:22:22","date_gmt":"2025-12-05T04:22:22","guid":{"rendered":"https:\/\/www.europesays.com\/fr\/579067\/"},"modified":"2025-12-05T04:22:22","modified_gmt":"2025-12-05T04:22:22","slug":"guerre-en-ukraine-kiev-accuse-la-russie-denvoyer-des-enfants-ukrainiens-dans-des-camps-en-coree-du-nord","status":"publish","type":"post","link":"https:\/\/www.europesays.com\/fr\/579067\/","title":{"rendered":"Guerre en Ukraine : Kiev accuse la Russie d\u2019envoyer des enfants ukrainiens dans des camps en Cor\u00e9e du Nord"},"content":{"rendered":"<p class=\"mb-4 text-lg md:leading-8 break-words\"><strong>endoctrinement &#8211; L\u2019Ukraine affirme que des enfants enlev\u00e9s dans les zones occup\u00e9es auraient \u00e9t\u00e9 transf\u00e9r\u00e9s par la Russie dans des camps de \u00ab\u00a0r\u00e9\u00e9ducation\u00a0\u00bb en Cor\u00e9e du Nord, o\u00f9 ils subiraient endoctrinement et militarisation<\/strong><\/p>\n<p class=\"mb-4 text-lg md:leading-8 break-words\">L\u2019Ukraine a accus\u00e9 jeudi la Russie d\u2019avoir transf\u00e9r\u00e9 des enfants ukrainiens enlev\u00e9s dans les territoires occup\u00e9s vers des camps de \u00ab\u00a0r\u00e9\u00e9ducation\u00a0\u00bb en <a href=\"https:\/\/www.20minutes.fr\/monde\/coree_du_nord\/?at_medium=RSS%20feed&amp;at_campaign=ynews&amp;utm_source=yahoo&amp;utm_medium=rss&amp;utm_campaign=news_feed&amp;utm_content=in_article_link\" rel=\"nofollow noopener\" target=\"_blank\" data-ylk=\"slk:Cor\u00e9e du Nord;elm:context_link;itc:0;sec:content-canvas\" class=\"link \">Cor\u00e9e du Nord<\/a>, o\u00f9 ils seraient soumis \u00e0 des programmes de \u00ab\u00a0russification\u00a0\u00bb et de \u00ab\u00a0militarisation\u00a0\u00bb.<\/p>\n<p class=\"mb-4 text-lg md:leading-8 break-words\">Selon le m\u00e9diateur ukrainien pour les droits humains, Dmytro Loubinets, de nouvelles informations laissent penser que certains mineurs, arrach\u00e9s \u00e0 leurs familles depuis l\u2019invasion russe, auraient \u00e9t\u00e9 envoy\u00e9s \u00e0 pr\u00e8s de 9.000 kilom\u00e8tres de <a href=\"https:\/\/www.20minutes.fr\/monde\/ukraine\/?at_medium=RSS%20feed&amp;at_campaign=ynews&amp;utm_source=yahoo&amp;utm_medium=rss&amp;utm_campaign=news_feed&amp;utm_content=in_article_link\" rel=\"nofollow noopener\" target=\"_blank\" data-ylk=\"slk:l\u2019Ukraine;elm:context_link;itc:0;sec:content-canvas\" class=\"link \">l\u2019Ukraine<\/a>. \u00ab\u00a0Chaque enfant doit \u00eatre retrouv\u00e9, prot\u00e9g\u00e9 et ramen\u00e9 chez lui. Les enfants ukrainiens ne peuvent pas \u00eatre utilis\u00e9s comme instruments par l\u2019agresseur\u00a0\u00bb, a-t-il d\u00e9clar\u00e9.<\/p>\n<p>165 camps de \u00ab\u00a0r\u00e9\u00e9ducation\u00a0\u00bb<\/p>\n<p class=\"mb-4 text-lg md:leading-8 break-words\">Ces r\u00e9v\u00e9lations interviennent au lendemain d\u2019une audition au S\u00e9nat am\u00e9ricain, o\u00f9 Kateryna Rachevska, responsable du Regional Center for Human Rights, a affirm\u00e9 que son Ong avait identifi\u00e9 165 camps de \u00ab\u00a0r\u00e9\u00e9ducation\u00a0\u00bb accueillant des enfants ukrainiens, <a href=\"https:\/\/www.20minutes.fr\/monde\/ukraine\/4024107-20230216-guerre-ukraine-plus-6-000-enfants-detenus-camps-russes-selon-etude-universite-yale?at_medium=RSS%20feed&amp;at_campaign=ynews&amp;utm_source=yahoo&amp;utm_medium=rss&amp;utm_campaign=news_feed&amp;utm_content=in_article_link\" rel=\"nofollow noopener\" target=\"_blank\" data-ylk=\"slk:situ\u00e9s en Russie;elm:context_link;itc:0;sec:content-canvas\" class=\"link \">situ\u00e9s en Russie<\/a>, au B\u00e9larus, dans les zones occup\u00e9es et d\u00e9sormais en Cor\u00e9e du Nord.<\/p>\n<p class=\"mb-4 text-lg md:leading-8 break-words\">Elle a assur\u00e9 qu\u2019au moins deux enfants, originaires de Crim\u00e9e et de Donetsk, avaient \u00e9t\u00e9 envoy\u00e9s dans un camp de Songdowon, en Cor\u00e9e du Nord. Ils y auraient \u00e9t\u00e9 expos\u00e9s \u00e0 un discours militaire id\u00e9ologique, incluant des enseignements sur la mani\u00e8re de \u00ab\u00a0d\u00e9truire les militaristes japonais\u00a0\u00bb, et \u00e0 des rencontres avec d\u2019anciens combattants nord-cor\u00e9ens ayant particip\u00e9 en\u00a01968 \u00e0 l\u2019attaque du navire am\u00e9ricain USS Pueblo.<\/p>\n<p><a href=\"https:\/\/www.20minutes.fr\/monde\/ukraine\/\" rel=\"nofollow noopener\" target=\"_blank\" data-ylk=\"slk:Notre dossier sur la guerre en Ukraine;elm:context_link;itc:0;sec:content-canvas\" class=\"link \">Notre dossier sur la guerre en Ukraine<\/a><\/p>\n<p class=\"mb-4 text-lg md:leading-8 break-words\">Moscou affirme \u00ab\u00a0prot\u00e9ger\u00a0\u00bb les enfants (&#8230;)<\/p>\n<p class=\"mb-4 text-lg md:leading-8 break-words\"><a href=\"https:\/\/www.20minutes.fr\/monde\/ukraine\/4189789-20251204-guerre-ukraine-kiev-accuse-russie-envoyer-enfants-ukrainiens-camps-coree-nord?at_medium=RSS%20feed&amp;at_campaign=ynews&amp;utm_source=yahoo&amp;utm_medium=rss&amp;utm_campaign=news_feed&amp;utm_content=read_more_link&quot;\" rel=\"nofollow noopener\" target=\"_blank\" data-ylk=\"slk:Lire la suite sur 20minutes;elm:context_link;itc:0;sec:content-canvas\" class=\"link \">Lire la suite sur 20minutes<\/a><\/p>\n<p>\u00c0 lire aussi :<br \/><a href=\"https:\/\/www.20minutes.fr\/monde\/chine\/4189585-20251204-chine-president-xi-appelle-relation-plus-stable-france?at_medium=RSS%20feed&amp;at_campaign=ynews&amp;utm_source=yahoo&amp;utm_medium=rss&amp;utm_campaign=news_feed&amp;utm_content=related_content_link\" rel=\"nofollow noopener\" target=\"_blank\" data-ylk=\"slk:Chine\u00a0: Le pr\u00e9sident Xi appelle \u00e0 une relation \u00ab\u00a0plus stable\u00a0\u00bb avec la France;elm:context_link;itc:0;sec:content-canvas\" class=\"link \">Chine\u00a0: Le pr\u00e9sident Xi appelle \u00e0 une relation \u00ab\u00a0plus stable\u00a0\u00bb avec la France<\/a><br \/><a href=\"https:\/\/www.20minutes.fr\/monde\/chine\/4189481-20251204-guerre-ukraine-comment-pekin-soutient-moscou-malgre-neutralite-affichee?at_medium=RSS%20feed&amp;at_campaign=ynews&amp;utm_source=yahoo&amp;utm_medium=rss&amp;utm_campaign=news_feed&amp;utm_content=related_content_link\" rel=\"nofollow noopener\" target=\"_blank\" data-ylk=\"slk:Guerre en Ukraine\u00a0: Comment P\u00e9kin soutient Moscou malgr\u00e9 sa neutralit\u00e9 affich\u00e9e;elm:context_link;itc:0;sec:content-canvas\" class=\"link \">Guerre en Ukraine\u00a0: Comment P\u00e9kin soutient Moscou malgr\u00e9 sa neutralit\u00e9 affich\u00e9e<\/a><\/p>\n","protected":false},"excerpt":{"rendered":"endoctrinement &#8211; L\u2019Ukraine affirme que des enfants enlev\u00e9s dans les zones occup\u00e9es auraient \u00e9t\u00e9 transf\u00e9r\u00e9s par la Russie&hellip;\n","protected":false},"author":2,"featured_media":579068,"comment_status":"","ping_status":"","sticky":false,"template":"","format":"standard","meta":{"footnotes":""},"categories":[1590],"tags":[11,13987,69311,1777,674,5493,12,132,220,69310],"class_list":{"0":"post-579067","1":"post","2":"type-post","3":"status-publish","4":"format-standard","5":"has-post-thumbnail","7":"category-ukraine","8":"tag-actualites","9":"tag-coree-du-nord","10":"tag-dmytro-loubinets","11":"tag-eu","12":"tag-europe","13":"tag-lukraine","14":"tag-news","15":"tag-russie","16":"tag-ukraine","17":"tag-zones-occupees"},"share_on_mastodon":{"url":"https:\/\/pubeurope.com\/@fr\/115665052867266964","error":""},"_links":{"self":[{"href":"https:\/\/www.europesays.com\/fr\/wp-json\/wp\/v2\/posts\/579067","targetHints":{"allow":["GET"]}}],"collection":[{"href":"https:\/\/www.europesays.com\/fr\/wp-json\/wp\/v2\/posts"}],"about":[{"href":"https:\/\/www.europesays.com\/fr\/wp-json\/wp\/v2\/types\/post"}],"author":[{"embeddable":true,"href":"https:\/\/www.europesays.com\/fr\/wp-json\/wp\/v2\/users\/2"}],"replies":[{"embeddable":true,"href":"https:\/\/www.europesays.com\/fr\/wp-json\/wp\/v2\/comments?post=579067"}],"version-history":[{"count":0,"href":"https:\/\/www.europesays.com\/fr\/wp-json\/wp\/v2\/posts\/579067\/revisions"}],"wp:featuredmedia":[{"embeddable":true,"href":"https:\/\/www.europesays.com\/fr\/wp-json\/wp\/v2\/media\/579068"}],"wp:attachment":[{"href":"https:\/\/www.europesays.com\/fr\/wp-json\/wp\/v2\/media?parent=579067"}],"wp:term":[{"taxonomy":"category","embeddable":true,"href":"https:\/\/www.europesays.com\/fr\/wp-json\/wp\/v2\/categories?post=579067"},{"taxonomy":"post_tag","embeddable":true,"href":"https:\/\/www.europesays.com\/fr\/wp-json\/wp\/v2\/tags?post=579067"}],"curies":[{"name":"wp","href":"https:\/\/api.w.org\/{rel}","templated":true}]}}