{"id":579078,"date":"2025-12-05T04:28:11","date_gmt":"2025-12-05T04:28:11","guid":{"rendered":"https:\/\/www.europesays.com\/fr\/579078\/"},"modified":"2025-12-05T04:28:11","modified_gmt":"2025-12-05T04:28:11","slug":"ces-francais-qui-redoutent-une-confrontation-avec-la-russie","status":"publish","type":"post","link":"https:\/\/www.europesays.com\/fr\/579078\/","title":{"rendered":"ces Fran\u00e7ais qui redoutent une confrontation avec la Russie"},"content":{"rendered":"<p>\n    <strong>T\u00c9MOIGNAGES &#8211; <\/strong>Mardi, Vladimir Poutine a d\u00e9clar\u00e9 que la Russie \u00e9tait \u00abpr\u00eate\u00bb si l\u2019Europe veut la \u00abguerre\u00bb. Une d\u00e9claration per\u00e7ue comme une menace par de nombreux Fran\u00e7ais d\u00e9j\u00e0 pr\u00e9occup\u00e9s par les survols de drones en Europe et le discours du chef d\u2019\u00e9tat-major.<\/p>\n<p class=\"fig-paragraph\">Depuis l\u2019invasion de l\u2019Ukraine par la Russie en f\u00e9vrier 2022, Nad\u00e8ge* est tourment\u00e9e par un sc\u00e9nario catastrophe\u00a0: que la France se retrouve impliqu\u00e9e dans un conflit arm\u00e9 face \u00e0 Vladimir Poutine, qu\u2019elle pr\u00e9sente comme un \u00abenvahisseur sans retenue\u00bb. Cette inqui\u00e9tude s\u2019est intensifi\u00e9e cette semaine\u00a0<a href=\"https:\/\/video.lefigaro.fr\/figaro\/international\/poutine-692f0427a14a9c587b895990-dec-02-2025-15-25-55-20251202\" target=\"_blank\" data-fig-type=\"Video\" rel=\"sponsored noopener\" data-gtm-custom-categorie=\"navigation\" data-gtm-custom-action=\"crossclick\" data-gtm-custom-label=\"Contextuel\" data-gtm-event=\"customEventSPE\" data-fig-domain=\"LEFIGARO\">lorsque le pr\u00e9sident russe a d\u00e9clar\u00e9<\/a>, mardi 2 d\u00e9cembre, que son pays \u00e9tait \u00abpr\u00eat pour la guerre\u00bb, si les Europ\u00e9ens \u00able souhaitent et commencent\u00bb. La septuag\u00e9naire est persuad\u00e9e que\u00a0<a href=\"http:\/\/www.lefigaro.fr\/international\/vladimir-poutine-porte-la-responsabilite-morale-de-la-mort-d-une-britannique-empoisonnee-au-novitchok-selon-les-conclusions-d-une-enquete-20251204\" target=\"_blank\" data-fig-type=\"NewsFlash\" rel=\"noopener\" data-gtm-custom-categorie=\"navigation\" data-gtm-custom-action=\"crossclick\" data-gtm-custom-label=\"Contextuel\" data-gtm-event=\"customEventSPE\" data-fig-domain=\"LEFIGARO\">Vladimir Poutine<\/a>\u00a0ne limitera pas ses ambitions territoriales \u00e0 l\u2019Ukraine et cherchera, un jour ou l\u2019autre, \u00e0 conqu\u00e9rir d\u2019autres pays du continent europ\u00e9en. Et en premier lieu, ceux qui formaient l\u2019URSS autrefois. Trois d\u2019entre eux font d\u00e9sormais partie de l\u2019Otan &#8211; l\u2019Estonie, la Lettonie et la Lituanie &#8211; et sont donc prot\u00e9g\u00e9s par l\u2019article 5 du trait\u00e9 de l\u2019Atlantique nord qui pr\u00e9voit que si un pays membre est attaqu\u00e9, tous les autres &#8211; dont la France &#8211; s\u2019engagent \u00e0 lui venir en aide.<\/p>\n<p class=\"fig-paragraph\">Dans le cas o\u00f9 la France devrait intervenir militairement pour prot\u00e9ger un alli\u00e9 de l\u2019Otan, Nad\u00e8ge a tout pr\u00e9vu. Cela fait plusieurs semaines qu\u2019elle y pense\u00a0: \u00abJe compte embarquer mes enfants et mes petits-enfants dans un avion direction le Canada o\u00f9 vivent des cousins. Je les h\u00e9berge tous les deux ans, ils accepteront de nous loger en retour. Le Canada c\u2019est bien parce que c\u2019est suffisamment loin de la Russie et on y parle fran\u00e7ais\u00bb, d\u00e9taille tr\u00e8s s\u00e9rieusement la retrait\u00e9e.<\/p>\n<p>                                            <a class=\"fig-a11y-skip\" href=\"#fig-a11y-skip-main-inarticle\" data-module=\"a11y-skip\" data-context=\"was @visible\"><br \/>\n    Passer la publicit\u00e9<br \/>\n<\/a>            <\/p>\n<p class=\"fig-paragraph\">Nad\u00e8ge est loin d\u2019\u00eatre la seule Fran\u00e7aise \u00e0 ressentir cette inqui\u00e9tude face \u00e0 une potentielle menace russe et \u00e0 ne plus percevoir la guerre en Ukraine comme un conflit lointain mais comme un enjeu europ\u00e9en et fran\u00e7ais de s\u00e9curit\u00e9 collective. Les\u00a0<a href=\"http:\/\/www.lefigaro.fr\/international\/drones-au-danemark-on-peut-s-attendre-a-d-autres-incursions-plus-a-l-ouest-en-europe-20250923\" target=\"_blank\" data-fig-type=\"Article\" rel=\"noopener\" data-gtm-custom-categorie=\"navigation\" data-gtm-custom-action=\"crossclick\" data-gtm-custom-label=\"Contextuel\" data-gtm-event=\"customEventSPE\" data-fig-domain=\"LEFIGARO\">incursions de drones<\/a>\u00a0dans l\u2019espace a\u00e9rien de plusieurs pays europ\u00e9ens &#8211; jusqu\u2019aux portes de l\u2019Hexagone &#8211; puis le discours alarmant du g\u00e9n\u00e9ral Fabien Mandon, chef d\u2019\u00e9tat-major des Arm\u00e9es, sont autant d\u2019\u00e9v\u00e9nements qui ont aliment\u00e9 cette crainte. Elle se traduit d\u2019ailleurs en chiffres. En un mois, la proportion de Fran\u00e7ais estimant que la Russie constitue \u00abune menace pour la souverainet\u00e9 des pays de l\u2019Union europ\u00e9enne\u00bb est pass\u00e9e de 72% \u00e0 80% (+8 points), selon un sondage Ifop publi\u00e9 en septembre et un\u00a0<a href=\"http:\/\/www.lefigaro.fr\/international\/guerre-en-ukraine-de-80-des-francais-considerent-la-russie-comme-une-menace-pour-la-souverainete-des-pays-de-l-ue-selon-une-etude-20251016\" target=\"_blank\" data-fig-type=\"Article\" rel=\"noopener\" data-gtm-custom-categorie=\"navigation\" data-gtm-custom-action=\"crossclick\" data-gtm-custom-label=\"Contextuel\" data-gtm-event=\"customEventSPE\" data-fig-domain=\"LEFIGARO\">autre sondage<\/a>\u00a0r\u00e9alis\u00e9 par l\u2019agence Dynata, paru en octobre. Au-del\u00e0 des Fran\u00e7ais, 79% des Europ\u00e9ens consid\u00e8rent aussi que la Russie repr\u00e9sente une menace pour la souverainet\u00e9 des \u00c9tats membres de l\u2019UE. Les Britanniques \u00e9tant les plus pr\u00e9occup\u00e9s, \u00e0 hauteur de 85%.<\/p>\n<p>                                            Pr\u00e9parer mentalement les Fran\u00e7ais \u00e0 la guerre<\/p>\n<p class=\"fig-paragraph\">De retour en France, les citoyens de plus en plus agit\u00e9s face au contexte international partagent le sentiment que les autorit\u00e9s cherchent \u00e0 pr\u00e9parer mentalement les Fran\u00e7ais \u00e0 un futur conflit arm\u00e9 et soulignent le caract\u00e8re in\u00e9dit de la situation. Blanche \u00e9tait avec sa m\u00e8re quand elle a pris connaissance du discours du g\u00e9n\u00e9ral Mandon dans lequel il a appel\u00e9 le pays \u00e0 \u00abaccepter\u00bb de \u00abperdre ses enfants\u00bb. \u00abOn a cru dans un premier temps qu\u2019il \u00e9voquait une potentielle mobilisation des civils, alors ma m\u00e8re m\u2019a dit\u00a0: \u201cOn va cacher ton fr\u00e8re et partir dans un autre pays, loin\u201d\u00bb, raconte la jeune femme de 26 ans. M\u00eame lorsqu\u2019elle a compris que le chef d\u2019\u00e9tat-major ne parlait que des militaires, Blanche restait tout aussi inqui\u00e8te. \u00abC\u2019est la premi\u00e8re fois que les autorit\u00e9s sont amen\u00e9es \u00e0 nous parler de la guerre. On n\u2019a pas l\u2019habitude que ce type de discours vienne de chez nous\u00bb, explique-t-elle. La Parisienne note par ailleurs que le budget des Arm\u00e9es a encore augment\u00e9. \u00abL\u2019\u00c9tat ne prendrait pas toutes ces initiatives s\u2019il n\u2019y avait pas un risque qu\u2019une guerre \u00e9clate\u00bb, conclut-elle.<\/p>\n<p class=\"fig-paragraph\">Si elle ne se dit pourtant pas de nature anxieuse, Blanche confie \u00eatre r\u00e9guli\u00e8rement anim\u00e9e par la peur d\u2019un d\u00e9clenchement d\u2019une \u00abtroisi\u00e8me Guerre mondiale\u00bb qui impliquerait plusieurs pays europ\u00e9ens, dont la France. Elle affirme que cette angoisse impacte directement sa vie et ses projets. \u00abJe me dis que si je veux voyager, je dois le faire maintenant parce que peut-\u00eatre que je ne pourrais plus le faire bient\u00f4t. Si nous sommes en guerre, nous n\u2019aurons plus la m\u00eame qualit\u00e9 de vie, \u00e7a me pousse \u00e0 vivre l\u2019instant pr\u00e9sent\u00bb, expose-t-elle.<\/p>\n<p>                                            Une inqui\u00e9tude l\u00e9gitime\u00a0?<\/p>\n<p class=\"fig-paragraph\">Mais alors, cette inqui\u00e9tude est-elle l\u00e9gitime\u00a0? Un cap a-t-il \u00e9t\u00e9 franchi dans le conflit, ouvrant la voie \u00e0 une escalade militaire\u00a0? Les propos de Vladimir Poutine sont-ils vraiment alarmistes\u00a0? Jean de Gliniasty, ancien ambassadeur \u00e0 Moscou, tient \u00e0 rassurer sur un point\u00a0: \u00abIl est peu s\u00e9rieux d\u2019imaginer des chars russes qui d\u00e9bouleraient sur les Champs-\u00c9lys\u00e9es\u00bb, principalement parce que la France est une puissance nucl\u00e9aire. En revanche, le directeur de recherches \u00e0 l\u2019Iris reconna\u00eet ne pas avoir entendu ce type de discours dans la bouche des autorit\u00e9s fran\u00e7aises \u00abdepuis la\u00a0<a href=\"http:\/\/www.lefigaro.fr\/international\/une-nouvelle-guerre-froide-n-est-pas-inevitable-entre-la-chine-et-les-etats-unis-une-rivalite-concurrentielle-globale-indefinie-20251029\" target=\"_blank\" data-fig-type=\"Article\" rel=\"noopener\" data-gtm-custom-categorie=\"navigation\" data-gtm-custom-action=\"crossclick\" data-gtm-custom-label=\"Contextuel\" data-gtm-event=\"customEventSPE\" data-fig-domain=\"LEFIGARO\">guerre froide<\/a> \u00bb. Il observe, par ailleurs, une situation de tensions in\u00e9dite alors que plusieurs p\u00e9troliers appartenant \u00e0 la\u00a0<a href=\"http:\/\/www.lefigaro.fr\/international\/un-petrolier-attaque-par-un-drone-naval-au-large-des-cotes-turques-en-mer-noire-20251129\" target=\"_blank\" data-fig-type=\"NewsFlash\" rel=\"noopener\" data-gtm-custom-categorie=\"navigation\" data-gtm-custom-action=\"crossclick\" data-gtm-custom-label=\"Contextuel\" data-gtm-event=\"customEventSPE\" data-fig-domain=\"LEFIGARO\">flotte fant\u00f4me russe<\/a>\u00a0ont \u00e9t\u00e9 la cible\u00a0<a href=\"http:\/\/www.lefigaro.fr\/international\/un-petrolier-attaque-par-un-drone-naval-au-large-des-cotes-turques-en-mer-noire-20251129\" target=\"_blank\" data-fig-type=\"NewsFlash\" rel=\"noopener\" data-gtm-custom-categorie=\"navigation\" data-gtm-custom-action=\"crossclick\" data-gtm-custom-label=\"Contextuel\" data-gtm-event=\"customEventSPE\" data-fig-domain=\"LEFIGARO\">d\u2019explosions en mer Noire<\/a>\u00a0et au\u00a0<a href=\"https:\/\/video.lefigaro.fr\/figaro\/international\/senegal-un-petrolier-en-provenance-de-russie-touche-par-des-explosions-externes-20251202\" target=\"_blank\" data-fig-type=\"Video\" rel=\"noopener\" data-gtm-custom-categorie=\"navigation\" data-gtm-custom-action=\"crossclick\" data-gtm-custom-label=\"Contextuel\" data-gtm-event=\"customEventSPE\" data-fig-domain=\"LEFIGARO\">large du S\u00e9n\u00e9gal<\/a>\u00a0ces derniers jours.<\/p>\n<p class=\"fig-paragraph\">\u00abC\u2019est la premi\u00e8re fois que des infrastructures russes sont d\u00e9truites en eaux internationales. La Turquie s\u2019est montr\u00e9e inqui\u00e8te et le Kremlin a pr\u00e9venu qu\u2019il se r\u00e9servait le droit de frapper les bateaux commer\u00e7ants avec les ports ukrainiens\u00bb, analyse-t-il, avant d\u2019ajouter que cette situation pourrait se transformer en \u00abescalade\u00bb. Car ce risque est \u00abbien r\u00e9el\u00bb, insiste-t-il.<\/p>\n<p>                                            <a class=\"fig-a11y-skip\" href=\"#fig-a11y-skip-main-inarticle_mtf\" data-module=\"a11y-skip\" data-context=\"was @visible\"><br \/>\n    Passer la publicit\u00e9<br \/>\n<\/a>            <\/p>\n<p class=\"fig-paragraph\">Pour autant, Jean de Gliniasty pr\u00e9cise que les \u00e9pisodes de survols de drones, attribu\u00e9s \u00e0 la Russie, ne sont que des man\u0153uvres du Kremlin pour \u00abinqui\u00e9ter l\u2019opinion europ\u00e9enne\u00bb. \u00abLes Russes cherchent \u00e0 nous faire croire que nous sommes au bord de la guerre pour nous d\u00e9stabiliser\u00bb, poursuit-il. Cette inqui\u00e9tude des Fran\u00e7ais est d\u2019ailleurs partag\u00e9e en Russie o\u00f9 les autorit\u00e9s tiennent \u00e9galement un discours alarmant, mais dans l\u2019autre sens. \u00abOn dit aux Russes que les Europ\u00e9ens cherchent \u00e0 assi\u00e9ger la Russie et que la r\u00e9sistance de l\u2019Ukraine est un instrument de l\u2019Occident pour les affaiblir\u00bb, explique le sp\u00e9cialiste.<\/p>\n<p>                                            R\u00f4le des m\u00e9dias<\/p>\n<p class=\"fig-paragraph\">Au-del\u00e0 des \u00e9v\u00e9nements factuels qui laisseraient penser \u00e0 une escalade, les Fran\u00e7ais interrog\u00e9s estiment que les m\u00e9dias alimentent ce climat anxiog\u00e8ne. Marie*, une m\u00e8re de famille de 54 ans dont la fille est engag\u00e9e dans la marine, s\u2019insurge contre les cha\u00eenes d\u2019informations en continu\u00a0: \u00ab\u00c0 les \u00e9couter, tout le monde parle comme si la guerre \u00e9tait in\u00e9luctable, \u00e7a me stresse beaucoup.\u00bb Un discours qu\u2019elle juge contradictoire par rapport \u00e0 celui tenu par sa fille et ses coll\u00e8gues militaires qui \u00abne craignent pas un potentiel conflit arm\u00e9\u00bb. Elle accuse les m\u00e9dias de relayer ce qu\u2019elle consid\u00e8re comme des erreurs de communication du gouvernement.<\/p>\n<p class=\"fig-paragraph\">\u00abJe comprends ce qu\u2019a voulu dire le g\u00e9n\u00e9ral Mandon mais c\u2019est contre-productif. Comment voulez-vous motiver des gens si vous leur dites d\u2019embl\u00e9e qu\u2019ils vont mourir\u00a0? Il devrait plut\u00f4t dire aux militaires qu\u2019ils ont du courage et qu\u2019ils rendent le peuple fier\u00bb, illustre-t-elle, pr\u00e9cisant qu\u2019elle n\u2019est \u00abpas pr\u00eate \u00e0 voir mourir sa fille\u00bb. Et d\u2019ajouter\u00a0: \u00abIls nous ont dit de pr\u00e9parer un kit de survie, je suis \u00e0 la limite de faire mon sac et de partir.\u00bb Blanche affirme aussi broyer du noir quand elle jette un coup d\u2019\u0153il sur ses applications d\u2019informations. \u00abQuand je n\u2019ai pas le moral, je me dis qu\u2019on va tous mourir\u00bb, l\u00e2che-t-elle.<\/p>\n<p class=\"fig-paragraph\">Ce qui inqui\u00e8te le plus Marie, au-del\u00e0 du risque de guerre, c\u2019est la capacit\u00e9 de la France \u00e0 r\u00e9pondre \u00e0 une attaque russe. \u00abLa soci\u00e9t\u00e9 est tellement divis\u00e9e, comment pourrions-nous faire concorde face \u00e0 un ennemi commun\u00a0? Aujourd\u2019hui quand on brandit le drapeau tricolore, on est trait\u00e9 de facho et on tape sur la police \u00e0 longueur de journ\u00e9e alors que c\u2019est elle qui nous prot\u00e8ge\u00bb, s\u2019indigne la quinquag\u00e9naire. Cette m\u00e8re de famille assure par ailleurs ne pas avoir\u00a0<a href=\"http:\/\/www.lefigaro.fr\/politique\/comment-expliquer-la-chute-de-popularite-d-emmanuel-macron-et-l-ecart-par-rapport-a-celle-de-sebastien-lecornu-20251126\" target=\"_blank\" data-fig-type=\"Article\" rel=\"noopener\" data-gtm-custom-categorie=\"navigation\" data-gtm-custom-action=\"crossclick\" data-gtm-custom-label=\"Contextuel\" data-gtm-event=\"customEventSPE\" data-fig-domain=\"LEFIGARO\">confiance en Emmanuel Macron<\/a>\u00a0en cas de conflit et l\u2019accuse de vouloir \u00abmener la France \u00e0 la guerre\u00bb.<\/p>\n<p class=\"fig-paragraph\">Pour Jean de Gliniasty, la Russie participe \u00e0 cette division de la soci\u00e9t\u00e9, notamment \u00abentre les juifs et les musulmans\u00bb. Mais le sp\u00e9cialiste cherche \u00e0 rassurer en expliquant que le budget militaire des Europ\u00e9ens est sup\u00e9rieur \u00e0 celui de la Russie. Il rappelle par ailleurs que dans son discours, le g\u00e9n\u00e9ral Mandon n\u2019a fait qu\u2019\u00ab\u00e9noncer une v\u00e9rit\u00e9 de base\u00bb. \u00abQuand on veut se d\u00e9fendre, il faut se pr\u00e9parer, le mat\u00e9riel militaire ne suffit pas\u00bb.<\/p>\n<p>                                            <a class=\"fig-a11y-skip\" href=\"#fig-a11y-skip-main-inarticle_btf\" data-module=\"a11y-skip\" data-context=\"was @visible\"><br \/>\n    Passer la publicit\u00e9<br \/>\n<\/a>            <\/p>\n<p class=\"fig-paragraph\">*Le pr\u00e9nom a \u00e9t\u00e9 modifi\u00e9.<\/p>\n","protected":false},"excerpt":{"rendered":"T\u00c9MOIGNAGES &#8211; Mardi, Vladimir Poutine a d\u00e9clar\u00e9 que la Russie \u00e9tait \u00abpr\u00eate\u00bb si l\u2019Europe veut la \u00abguerre\u00bb. Une&hellip;\n","protected":false},"author":2,"featured_media":579079,"comment_status":"","ping_status":"","sticky":false,"template":"","format":"standard","meta":{"footnotes":""},"categories":[2],"tags":[11,1011,27,131,12,25,135],"class_list":{"0":"post-579078","1":"post","2":"type-post","3":"status-publish","4":"format-standard","5":"has-post-thumbnail","7":"category-actualites","8":"tag-actualites","9":"tag-fr","10":"tag-france","11":"tag-guerre-en-ukraine","12":"tag-news","13":"tag-republique-francaise","14":"tag-vladimir-poutine"},"share_on_mastodon":{"url":"https:\/\/pubeurope.com\/@fr\/115665076570417668","error":""},"_links":{"self":[{"href":"https:\/\/www.europesays.com\/fr\/wp-json\/wp\/v2\/posts\/579078","targetHints":{"allow":["GET"]}}],"collection":[{"href":"https:\/\/www.europesays.com\/fr\/wp-json\/wp\/v2\/posts"}],"about":[{"href":"https:\/\/www.europesays.com\/fr\/wp-json\/wp\/v2\/types\/post"}],"author":[{"embeddable":true,"href":"https:\/\/www.europesays.com\/fr\/wp-json\/wp\/v2\/users\/2"}],"replies":[{"embeddable":true,"href":"https:\/\/www.europesays.com\/fr\/wp-json\/wp\/v2\/comments?post=579078"}],"version-history":[{"count":0,"href":"https:\/\/www.europesays.com\/fr\/wp-json\/wp\/v2\/posts\/579078\/revisions"}],"wp:featuredmedia":[{"embeddable":true,"href":"https:\/\/www.europesays.com\/fr\/wp-json\/wp\/v2\/media\/579079"}],"wp:attachment":[{"href":"https:\/\/www.europesays.com\/fr\/wp-json\/wp\/v2\/media?parent=579078"}],"wp:term":[{"taxonomy":"category","embeddable":true,"href":"https:\/\/www.europesays.com\/fr\/wp-json\/wp\/v2\/categories?post=579078"},{"taxonomy":"post_tag","embeddable":true,"href":"https:\/\/www.europesays.com\/fr\/wp-json\/wp\/v2\/tags?post=579078"}],"curies":[{"name":"wp","href":"https:\/\/api.w.org\/{rel}","templated":true}]}}