{"id":579082,"date":"2025-12-05T04:30:20","date_gmt":"2025-12-05T04:30:20","guid":{"rendered":"https:\/\/www.europesays.com\/fr\/579082\/"},"modified":"2025-12-05T04:30:20","modified_gmt":"2025-12-05T04:30:20","slug":"rieumes-hommage-aux-morts-pour-la-france-en-algerie-maroc-et-tunisie","status":"publish","type":"post","link":"https:\/\/www.europesays.com\/fr\/579082\/","title":{"rendered":"Rieumes. Hommage aux morts pour la France en Alg\u00e9rie, Maroc et Tunisie"},"content":{"rendered":"<p>L\u2019association des anciens combattants prisonniers de guerre et combattants Alg\u00e9rie, Tunisie et Maroc (ACPG\/CATM) de Rieumes organisait, ce dimanche 30 novembre, la c\u00e9r\u00e9monie comm\u00e9morative des morts d\u2019Afrique Fran\u00e7aise du Nord. Cet hommage rendu aux morts et disparus militaires, harkis et civils pendant les trois conflits d\u2019Afrique du Nord a, cette ann\u00e9e encore, rassembl\u00e9 beaucoup de monde autour du monument aux morts de la ville. La c\u00e9r\u00e9monie s\u2019est d\u00e9roul\u00e9e en pr\u00e9sence de nombreux \u00e9lus europ\u00e9ens, r\u00e9gionaux et locaux, des repr\u00e9sentants des associations patriotiques, des autorit\u00e9s civiles et militaires, et de l\u2019Orchestre d\u2019Harmonie de Rieumes. Apr\u00e8s les lectures des messages officiels et les d\u00e9p\u00f4ts de gerbes, les convives furent invit\u00e9s \u00e0 partager le pot de l\u2019amiti\u00e9 et un repas servi \u00e0 la salle des f\u00eates de B\u00e9rat. De cette c\u00e9r\u00e9monie, nous retiendrons notamment la force du discours de Gabriel Dodo, pr\u00e9sident de ACPG\/CATM de Rieumes, nourrit d\u2019espoir pour une nation plus sereine et respectueuse de la m\u00e9moire de ceux morts au combat. <\/p>\n","protected":false},"excerpt":{"rendered":"L\u2019association des anciens combattants prisonniers de guerre et combattants Alg\u00e9rie, Tunisie et Maroc (ACPG\/CATM) de Rieumes organisait, ce&hellip;\n","protected":false},"author":2,"featured_media":579083,"comment_status":"","ping_status":"","sticky":false,"template":"","format":"standard","meta":{"footnotes":""},"categories":[4],"tags":[11,69313,1011,27,329,2722,12,25,69312,1857],"class_list":{"0":"post-579082","1":"post","2":"type-post","3":"status-publish","4":"format-standard","5":"has-post-thumbnail","7":"category-france","8":"tag-actualites","9":"tag-commu00e9morations-hommages","10":"tag-fr","11":"tag-france","12":"tag-france-monde","13":"tag-haute-garonne","14":"tag-news","15":"tag-republique-francaise","16":"tag-rieumes","17":"tag-sociu00e9tu00e9"},"share_on_mastodon":{"url":"https:\/\/pubeurope.com\/@fr\/115665084281567155","error":""},"_links":{"self":[{"href":"https:\/\/www.europesays.com\/fr\/wp-json\/wp\/v2\/posts\/579082","targetHints":{"allow":["GET"]}}],"collection":[{"href":"https:\/\/www.europesays.com\/fr\/wp-json\/wp\/v2\/posts"}],"about":[{"href":"https:\/\/www.europesays.com\/fr\/wp-json\/wp\/v2\/types\/post"}],"author":[{"embeddable":true,"href":"https:\/\/www.europesays.com\/fr\/wp-json\/wp\/v2\/users\/2"}],"replies":[{"embeddable":true,"href":"https:\/\/www.europesays.com\/fr\/wp-json\/wp\/v2\/comments?post=579082"}],"version-history":[{"count":0,"href":"https:\/\/www.europesays.com\/fr\/wp-json\/wp\/v2\/posts\/579082\/revisions"}],"wp:featuredmedia":[{"embeddable":true,"href":"https:\/\/www.europesays.com\/fr\/wp-json\/wp\/v2\/media\/579083"}],"wp:attachment":[{"href":"https:\/\/www.europesays.com\/fr\/wp-json\/wp\/v2\/media?parent=579082"}],"wp:term":[{"taxonomy":"category","embeddable":true,"href":"https:\/\/www.europesays.com\/fr\/wp-json\/wp\/v2\/categories?post=579082"},{"taxonomy":"post_tag","embeddable":true,"href":"https:\/\/www.europesays.com\/fr\/wp-json\/wp\/v2\/tags?post=579082"}],"curies":[{"name":"wp","href":"https:\/\/api.w.org\/{rel}","templated":true}]}}